{"id":19386,"date":"2025-03-09T12:49:06","date_gmt":"2025-03-09T09:49:06","guid":{"rendered":"https:\/\/kibrisayna.com\/index.php\/2025\/03\/09\/aranan-sahis-da-tutuklandi-brtk\/"},"modified":"2025-03-09T12:49:06","modified_gmt":"2025-03-09T09:49:06","slug":"aranan-sahis-da-tutuklandi-brtk","status":"publish","type":"post","link":"https:\/\/kibrisayna.com\/index.php\/2025\/03\/09\/aranan-sahis-da-tutuklandi-brtk\/","title":{"rendered":"Aranan \u015fah\u0131s da tutukland\u0131 \u2013 BRTK"},"content":{"rendered":"<p> <br \/>\n<\/p>\n<div>\n<div class=\"mariselle-image-container none\">\n                <img loading=\"lazy\" decoding=\"async\" width=\"407\" height=\"413\" class=\"lazy-image\" alt=\"\" sizes=\"auto, (max-width: 407px) 100vw, 407px\" src=\"https:\/\/brtk.net\/wp-content\/uploads\/2025\/03\/02\/1740901824993polis-1.jpg?ver=2707e66d4df49ad23351c7b42868d198\" srcset=\"https:\/\/brtk.net\/wp-content\/uploads\/2025\/03\/02\/1740901824993polis-1.jpg?ver=2707e66d4df49ad23351c7b42868d198 407w, https:\/\/brtk.net\/wp-content\/uploads\/2025\/03\/02\/1740901824993polis-1-296x300.jpg?ver=2707e66d4df49ad23351c7b42868d198 296w\"\/>                            <\/div>\n<p>Girne Turizm Liman\u0131\u2019nda meydana gelen insan ka\u00e7ak\u00e7\u0131l\u0131\u011f\u0131 meselesiyle ilgili ba\u011flant\u0131s\u0131 olup aranmakta olan 46 ya\u015f\u0131ndaki erkek \u015fah\u0131s tespit edilerek tutukland\u0131.<\/p>\n<p>Polisten yap\u0131lan a\u00e7\u0131klamaya g\u00f6re, 25 \u015eubat tarihinde, Girne Turizm Liman\u0131\u2019nda, \u00fclkeye giri\u015f yapan bir t\u0131r arac\u0131n dorsesi i\u00e7erisinde gizlenmi\u015f \u015fekilde, yabanc\u0131 uyruklu yedi \u015fahs\u0131n kanunsuz olarak KKTC\u2019ye giri\u015f yapt\u0131\u011f\u0131 tespit edildi\u011fi ve y\u00fcr\u00fct\u00fclen ileri soru\u015fturmada, maddi menfaat elde etmek amac\u0131yla bahse konu yedi \u015fahs\u0131n kanunsuz olarak KKTC\u2019ye giri\u015f yapmalar\u0131na olanak sa\u011flad\u0131klar\u0131 tespit edilen K.S.(E-61), M.K.(E-48), K.M.(E-37), H.U.(E-32), H.B.(E-46) ve \u0130.C. (E-31) tutukland\u0131\u011f\u0131 hat\u0131rlat\u0131ld\u0131.<\/p>\n<p>Polis, mesele ile ba\u011flant\u0131s\u0131 olup aranmakta olan zanl\u0131 M.\u00d6.\u2019n\u00fcn (E-46) de, d\u00fcn tespit edilerek tutukland\u0131\u011f\u0131n\u0131 bildirdi.<\/p>\n<p>Soru\u015fturma devam ediyor.<\/p>\n<\/p><\/div>\n<p><script async\n                    defer\n                    crossorigin=\"anonymous\"\n                    src=\"https:\/\/connect.facebook.net\/tr_TR\/sdk.js#xfbml=1&#038;version=v3.3\"\n            ><\/script><br \/>\n<br \/><br \/>\n<br \/><a href=\"https:\/\/brtk.net\/girnede-turizm-limaninda-insan-kacakciligi-aranan-sahis-da-tutuklandi\/\"> <\/a><\/p>\n","protected":false},"excerpt":{"rendered":"<p>Girne Turizm Liman\u0131\u2019nda meydana gelen insan ka\u00e7ak\u00e7\u0131l\u0131\u011f\u0131 meselesiyle ilgili ba\u011flant\u0131s\u0131 olup aranmakta olan 46 ya\u015f\u0131ndaki erkek \u015fah\u0131s tespit edilerek tutukland\u0131. Polisten yap\u0131lan a\u00e7\u0131klamaya g\u00f6re, 25 \u015eubat tarihinde, Girne Turizm Liman\u0131\u2019nda, \u00fclkeye giri\u015f yapan bir t\u0131r arac\u0131n dorsesi i\u00e7erisinde gizlenmi\u015f \u015fekilde, yabanc\u0131 uyruklu yedi \u015fahs\u0131n kanunsuz olarak KKTC\u2019ye giri\u015f yapt\u0131\u011f\u0131 tespit edildi\u011fi ve y\u00fcr\u00fct\u00fclen ileri soru\u015fturmada, [&hellip;]<\/p>\n","protected":false},"author":908,"featured_media":2515,"comment_status":"open","ping_status":"open","sticky":false,"template":"","format":"standard","meta":{"_jetpack_memberships_contains_paid_content":false,"footnotes":"","jetpack_publicize_message":"","jetpack_publicize_feature_enabled":true,"jetpack_social_post_already_shared":true,"jetpack_social_options":{"image_generator_settings":{"template":"highway","default_image_id":0,"font":"","enabled":false},"version":2}},"categories":[253,19],"tags":[],"class_list":["post-19386","post","type-post","status-publish","format-standard","has-post-thumbnail","hentry","category-gundem","category-manset"],"jetpack_publicize_connections":[],"jetpack_featured_media_url":"https:\/\/kibrisayna.com\/wp-content\/uploads\/2024\/08\/tutuklu-34.webp","jetpack_sharing_enabled":true,"_links":{"self":[{"href":"https:\/\/kibrisayna.com\/index.php\/wp-json\/wp\/v2\/posts\/19386","targetHints":{"allow":["GET"]}}],"collection":[{"href":"https:\/\/kibrisayna.com\/index.php\/wp-json\/wp\/v2\/posts"}],"about":[{"href":"https:\/\/kibrisayna.com\/index.php\/wp-json\/wp\/v2\/types\/post"}],"author":[{"embeddable":true,"href":"https:\/\/kibrisayna.com\/index.php\/wp-json\/wp\/v2\/users\/908"}],"replies":[{"embeddable":true,"href":"https:\/\/kibrisayna.com\/index.php\/wp-json\/wp\/v2\/comments?post=19386"}],"version-history":[{"count":0,"href":"https:\/\/kibrisayna.com\/index.php\/wp-json\/wp\/v2\/posts\/19386\/revisions"}],"wp:featuredmedia":[{"embeddable":true,"href":"https:\/\/kibrisayna.com\/index.php\/wp-json\/wp\/v2\/media\/2515"}],"wp:attachment":[{"href":"https:\/\/kibrisayna.com\/index.php\/wp-json\/wp\/v2\/media?parent=19386"}],"wp:term":[{"taxonomy":"category","embeddable":true,"href":"https:\/\/kibrisayna.com\/index.php\/wp-json\/wp\/v2\/categories?post=19386"},{"taxonomy":"post_tag","embeddable":true,"href":"https:\/\/kibrisayna.com\/index.php\/wp-json\/wp\/v2\/tags?post=19386"}],"curies":[{"name":"wp","href":"https:\/\/api.w.org\/{rel}","templated":true}]}}