{"id":19385,"date":"2025-03-09T12:45:24","date_gmt":"2025-03-09T09:45:24","guid":{"rendered":"https:\/\/kibrisayna.com\/index.php\/2025\/03\/09\/ozturkler-baf-direnisinin-61inci-yildonumu-nedeniyle-mesaj-yayimladi-brtk\/"},"modified":"2025-03-09T12:45:24","modified_gmt":"2025-03-09T09:45:24","slug":"ozturkler-baf-direnisinin-61inci-yildonumu-nedeniyle-mesaj-yayimladi-brtk","status":"publish","type":"post","link":"https:\/\/kibrisayna.com\/index.php\/2025\/03\/09\/ozturkler-baf-direnisinin-61inci-yildonumu-nedeniyle-mesaj-yayimladi-brtk\/","title":{"rendered":"\u00d6zt\u00fcrkler, Baf Direni\u015fi\u2019nin 61\u2019inci y\u0131ld\u00f6n\u00fcm\u00fc nedeniyle mesaj yay\u0131mlad\u0131 \u2013 BRTK"},"content":{"rendered":"<p> <br \/>\n<\/p>\n<div>\n<div class=\"mariselle-image-container center\">\n                <img loading=\"lazy\" decoding=\"async\" width=\"1600\" height=\"1066\" class=\"lazy-image\" alt=\"\" sizes=\"auto, (max-width: 1600px) 100vw, 1600px\" src=\"https:\/\/brtk.net\/wp-content\/uploads\/2024\/10\/31\/ziya-ozturkler11-1.jpeg?ver=5159c93a89844198ffcb4e370dfab478\" srcset=\"https:\/\/brtk.net\/wp-content\/uploads\/2024\/10\/31\/ziya-ozturkler11-1.jpeg?ver=5159c93a89844198ffcb4e370dfab478 1600w, https:\/\/brtk.net\/wp-content\/uploads\/2024\/10\/31\/ziya-ozturkler11-1-300x200.jpeg?ver=5159c93a89844198ffcb4e370dfab478 300w, https:\/\/brtk.net\/wp-content\/uploads\/2024\/10\/31\/ziya-ozturkler11-1-1024x682.jpeg?ver=9939351ca4b3e566b0e6dfc49798186e 1024w, https:\/\/brtk.net\/wp-content\/uploads\/2024\/10\/31\/ziya-ozturkler11-1-768x512.jpeg?ver=9939351ca4b3e566b0e6dfc49798186e 768w, https:\/\/brtk.net\/wp-content\/uploads\/2024\/10\/31\/ziya-ozturkler11-1-1536x1023.jpeg?ver=b7f8e43b4e874e11b563c0de27c26c0b 1536w\"\/>                            <\/div>\n<p>Cumhuriyet Meclisi Ba\u015fkan\u0131 Ziya \u00d6zt\u00fcrkler, Baf Direni\u015fi\u2019nin 61\u2019inci y\u0131ld\u00f6n\u00fcm\u00fc nedeniyle mesaj yay\u0131mlad\u0131. <\/p>\n<p>Mesaj\u0131nda K\u0131br\u0131s T\u00fcrk halk\u0131n\u0131n tarih boyunca sergiledi\u011fi emsalsiz m\u00fccadelelerden biri olarak nitelendirdi\u011fi Baf Direni\u015fi\u2019nin varolu\u015f m\u00fccadelesi a\u00e7\u0131s\u0131ndan unutulmaz bir d\u00f6n\u00fcm noktas\u0131 oldu\u011funu belirten \u00d6zt\u00fcrkler, a\u011f\u0131r sald\u0131r\u0131lara maruz kalan Baf T\u00fcrkleri ve m\u00fccahitlerin, e\u015fsiz bir direni\u015f \u00f6rne\u011fi g\u00f6sterdi\u011fini vurgulad\u0131. <\/p>\n<p>Meclis Ba\u015fkan\u0131, \u201cS\u0131n\u0131rl\u0131 imkanlarla verilen bu kahramanca m\u00fccadele, bir\u00e7ok cana ve kana mal olmu\u015f, ancak halk\u0131m\u0131z\u0131n esareti asla kabul etmeyece\u011fini t\u00fcm d\u00fcnyaya ilan etmi\u015ftir. Baf T\u00fcrkleri ve m\u00fccahitler, silah \u00fcst\u00fcnl\u00fc\u011f\u00fcne ve imkans\u0131zl\u0131klara ra\u011fmen bu sald\u0131r\u0131lara kar\u015f\u0131 g\u00f6\u011f\u00fcs germi\u015f, bu bedeli canlar\u0131yla \u00f6deyerek direni\u015fin sembol\u00fc haline gelmi\u015ftir\u201d ifadelerini kulland\u0131. <\/p>\n<p>K\u0131br\u0131s T\u00fcrk halk\u0131n\u0131n \u00f6zg\u00fcr ve g\u00fcvenli bir \u015fekilde ya\u015famas\u0131n\u0131 sa\u011flayan \u015fehitlere minnettarl\u0131\u011f\u0131n\u0131 sunan \u00d6zt\u00fcrkler, \u201cBu kahramanl\u0131k, yaln\u0131zca ge\u00e7mi\u015fimizi de\u011fil, ayn\u0131 zamanda gelece\u011fimizi de ayd\u0131nlatmaya devam edecektir\u201d dedi.<\/p>\n<\/p><\/div>\n<p><script async\n                    defer\n                    crossorigin=\"anonymous\"\n                    src=\"https:\/\/connect.facebook.net\/tr_TR\/sdk.js#xfbml=1&#038;version=v3.3\"\n            ><\/script><br \/>\n<br \/><br \/>\n<br \/><a href=\"https:\/\/brtk.net\/ozturkler-baf-direnisinin-61inci-yildonumu-nedeniyle-mesaj-yayimladi\/\">Kaynak BRT <\/a><\/p>\n","protected":false},"excerpt":{"rendered":"<p>Cumhuriyet Meclisi Ba\u015fkan\u0131 Ziya \u00d6zt\u00fcrkler, Baf Direni\u015fi\u2019nin 61\u2019inci y\u0131ld\u00f6n\u00fcm\u00fc nedeniyle mesaj yay\u0131mlad\u0131. Mesaj\u0131nda K\u0131br\u0131s T\u00fcrk halk\u0131n\u0131n tarih boyunca sergiledi\u011fi emsalsiz m\u00fccadelelerden biri olarak nitelendirdi\u011fi Baf Direni\u015fi\u2019nin varolu\u015f m\u00fccadelesi a\u00e7\u0131s\u0131ndan unutulmaz bir d\u00f6n\u00fcm noktas\u0131 oldu\u011funu belirten \u00d6zt\u00fcrkler, a\u011f\u0131r sald\u0131r\u0131lara maruz kalan Baf T\u00fcrkleri ve m\u00fccahitlerin, e\u015fsiz bir direni\u015f \u00f6rne\u011fi g\u00f6sterdi\u011fini vurgulad\u0131. Meclis Ba\u015fkan\u0131, \u201cS\u0131n\u0131rl\u0131 imkanlarla verilen [&hellip;]<\/p>\n","protected":false},"author":908,"featured_media":9833,"comment_status":"open","ping_status":"open","sticky":false,"template":"","format":"standard","meta":{"_jetpack_memberships_contains_paid_content":false,"footnotes":"","jetpack_publicize_message":"","jetpack_publicize_feature_enabled":true,"jetpack_social_post_already_shared":true,"jetpack_social_options":{"image_generator_settings":{"template":"highway","default_image_id":0,"font":"","enabled":false},"version":2}},"categories":[253],"tags":[],"class_list":["post-19385","post","type-post","status-publish","format-standard","has-post-thumbnail","hentry","category-gundem"],"jetpack_publicize_connections":[],"jetpack_featured_media_url":"https:\/\/kibrisayna.com\/wp-content\/uploads\/2024\/11\/ziya-ozturkler11-1.jpeg","jetpack_sharing_enabled":true,"_links":{"self":[{"href":"https:\/\/kibrisayna.com\/index.php\/wp-json\/wp\/v2\/posts\/19385","targetHints":{"allow":["GET"]}}],"collection":[{"href":"https:\/\/kibrisayna.com\/index.php\/wp-json\/wp\/v2\/posts"}],"about":[{"href":"https:\/\/kibrisayna.com\/index.php\/wp-json\/wp\/v2\/types\/post"}],"author":[{"embeddable":true,"href":"https:\/\/kibrisayna.com\/index.php\/wp-json\/wp\/v2\/users\/908"}],"replies":[{"embeddable":true,"href":"https:\/\/kibrisayna.com\/index.php\/wp-json\/wp\/v2\/comments?post=19385"}],"version-history":[{"count":0,"href":"https:\/\/kibrisayna.com\/index.php\/wp-json\/wp\/v2\/posts\/19385\/revisions"}],"wp:featuredmedia":[{"embeddable":true,"href":"https:\/\/kibrisayna.com\/index.php\/wp-json\/wp\/v2\/media\/9833"}],"wp:attachment":[{"href":"https:\/\/kibrisayna.com\/index.php\/wp-json\/wp\/v2\/media?parent=19385"}],"wp:term":[{"taxonomy":"category","embeddable":true,"href":"https:\/\/kibrisayna.com\/index.php\/wp-json\/wp\/v2\/categories?post=19385"},{"taxonomy":"post_tag","embeddable":true,"href":"https:\/\/kibrisayna.com\/index.php\/wp-json\/wp\/v2\/tags?post=19385"}],"curies":[{"name":"wp","href":"https:\/\/api.w.org\/{rel}","templated":true}]}}