{"id":19383,"date":"2025-03-09T12:38:02","date_gmt":"2025-03-09T09:38:02","guid":{"rendered":"https:\/\/kibrisayna.com\/index.php\/2025\/03\/09\/sirinevlerde-sakin-gozde-tumer-evinde-olu-bulundu-brtk\/"},"modified":"2025-03-09T12:38:02","modified_gmt":"2025-03-09T09:38:02","slug":"sirinevlerde-sakin-gozde-tumer-evinde-olu-bulundu-brtk","status":"publish","type":"post","link":"https:\/\/kibrisayna.com\/index.php\/2025\/03\/09\/sirinevlerde-sakin-gozde-tumer-evinde-olu-bulundu-brtk\/","title":{"rendered":"\u015eirinevler\u2019de sakin G\u00f6zde T\u00fcmer evinde \u00f6l\u00fc bulundu \u2013 BRTK"},"content":{"rendered":"<p> <br \/>\n<\/p>\n<div>\n<div class=\"mariselle-image-container none\">\n                <img loading=\"lazy\" decoding=\"async\" width=\"600\" height=\"264\" class=\"lazy-image\" alt=\"\" sizes=\"auto, (max-width: 600px) 100vw, 600px\" src=\"https:\/\/brtk.net\/wp-content\/uploads\/2025\/03\/09\/ambulans231.png?ver=98cab20467997698b2933d5d52a34cad\" srcset=\"https:\/\/brtk.net\/wp-content\/uploads\/2025\/03\/09\/ambulans231.png?ver=98cab20467997698b2933d5d52a34cad 600w, https:\/\/brtk.net\/wp-content\/uploads\/2025\/03\/09\/ambulans231-300x132.png?ver=6375b5ef95605d3ef7c0cafe64f9c343 300w\"\/>                            <\/div>\n<p>\u015eirinevler\u2019de sakin 50 ya\u015f\u0131ndaki G\u00f6zde T\u00fcmer, d\u00fcn sabah, saat 8.00 s\u0131ralar\u0131nda, kalmakta oldu\u011fu evde ya\u015fam\u0131n\u0131 yitirmi\u015f \u015fekilde bulundu.<\/p>\n<p>Polisten yap\u0131lan a\u00e7\u0131klamaya g\u00f6re s\u00f6z konusu ki\u015finin cans\u0131z bedeni \u00fczerinde doktor taraf\u0131ndan yap\u0131lan d\u0131\u015f muayenede, darp veya cebir izine rastlanmad\u0131.<\/p>\n<p>\u00d6l\u00fcm sebebi otopsi sonucunda tespit edilecek.<\/p>\n<\/p><\/div>\n<p><script async\n                    defer\n                    crossorigin=\"anonymous\"\n                    src=\"https:\/\/connect.facebook.net\/tr_TR\/sdk.js#xfbml=1&#038;version=v3.3\"\n            ><\/script><br \/>\n<br \/><br \/>\n<br \/><a href=\"https:\/\/brtk.net\/sirinevlerde-sakin-gozde-tumer-evinde-olu-bulundu\/\"> <\/a><\/p>\n","protected":false},"excerpt":{"rendered":"<p>\u015eirinevler\u2019de sakin 50 ya\u015f\u0131ndaki G\u00f6zde T\u00fcmer, d\u00fcn sabah, saat 8.00 s\u0131ralar\u0131nda, kalmakta oldu\u011fu evde ya\u015fam\u0131n\u0131 yitirmi\u015f \u015fekilde bulundu. Polisten yap\u0131lan a\u00e7\u0131klamaya g\u00f6re s\u00f6z konusu ki\u015finin cans\u0131z bedeni \u00fczerinde doktor taraf\u0131ndan yap\u0131lan d\u0131\u015f muayenede, darp veya cebir izine rastlanmad\u0131. \u00d6l\u00fcm sebebi otopsi sonucunda tespit edilecek.<\/p>\n","protected":false},"author":908,"featured_media":19384,"comment_status":"open","ping_status":"open","sticky":false,"template":"","format":"standard","meta":{"_jetpack_memberships_contains_paid_content":false,"footnotes":"","jetpack_publicize_message":"","jetpack_publicize_feature_enabled":true,"jetpack_social_post_already_shared":true,"jetpack_social_options":{"image_generator_settings":{"template":"highway","default_image_id":0,"font":"","enabled":false},"version":2}},"categories":[253,19],"tags":[],"class_list":["post-19383","post","type-post","status-publish","format-standard","has-post-thumbnail","hentry","category-gundem","category-manset"],"jetpack_publicize_connections":[],"jetpack_featured_media_url":"https:\/\/kibrisayna.com\/wp-content\/uploads\/2025\/03\/ambulans231.png","jetpack_sharing_enabled":true,"_links":{"self":[{"href":"https:\/\/kibrisayna.com\/index.php\/wp-json\/wp\/v2\/posts\/19383","targetHints":{"allow":["GET"]}}],"collection":[{"href":"https:\/\/kibrisayna.com\/index.php\/wp-json\/wp\/v2\/posts"}],"about":[{"href":"https:\/\/kibrisayna.com\/index.php\/wp-json\/wp\/v2\/types\/post"}],"author":[{"embeddable":true,"href":"https:\/\/kibrisayna.com\/index.php\/wp-json\/wp\/v2\/users\/908"}],"replies":[{"embeddable":true,"href":"https:\/\/kibrisayna.com\/index.php\/wp-json\/wp\/v2\/comments?post=19383"}],"version-history":[{"count":0,"href":"https:\/\/kibrisayna.com\/index.php\/wp-json\/wp\/v2\/posts\/19383\/revisions"}],"wp:featuredmedia":[{"embeddable":true,"href":"https:\/\/kibrisayna.com\/index.php\/wp-json\/wp\/v2\/media\/19384"}],"wp:attachment":[{"href":"https:\/\/kibrisayna.com\/index.php\/wp-json\/wp\/v2\/media?parent=19383"}],"wp:term":[{"taxonomy":"category","embeddable":true,"href":"https:\/\/kibrisayna.com\/index.php\/wp-json\/wp\/v2\/categories?post=19383"},{"taxonomy":"post_tag","embeddable":true,"href":"https:\/\/kibrisayna.com\/index.php\/wp-json\/wp\/v2\/tags?post=19383"}],"curies":[{"name":"wp","href":"https:\/\/api.w.org\/{rel}","templated":true}]}}