{"id":19381,"date":"2025-03-09T12:35:31","date_gmt":"2025-03-09T09:35:31","guid":{"rendered":"https:\/\/kibrisayna.com\/index.php\/2025\/03\/09\/kadin-istihdamina-yonelik-projelere-onem-veriyoruz-brtk\/"},"modified":"2025-03-09T12:35:31","modified_gmt":"2025-03-09T09:35:31","slug":"kadin-istihdamina-yonelik-projelere-onem-veriyoruz-brtk","status":"publish","type":"post","link":"https:\/\/kibrisayna.com\/index.php\/2025\/03\/09\/kadin-istihdamina-yonelik-projelere-onem-veriyoruz-brtk\/","title":{"rendered":"Kad\u0131n istihdam\u0131na y\u00f6nelik projelere \u00f6nem veriyoruz \u2013 BRTK"},"content":{"rendered":"<p> <br \/>\n<\/p>\n<div>\n<div class=\"mariselle-image-container center\">\n                <img loading=\"lazy\" decoding=\"async\" width=\"1600\" height=\"1066\" class=\"lazy-image\" alt=\"\" sizes=\"auto, (max-width: 1600px) 100vw, 1600px\" src=\"https:\/\/brtk.net\/wp-content\/uploads\/2025\/03\/09\/98402983402.jpg?ver=ea745eb5d19635fffcfef3e3b3239542\" srcset=\"https:\/\/brtk.net\/wp-content\/uploads\/2025\/03\/09\/98402983402.jpg?ver=ea745eb5d19635fffcfef3e3b3239542 1600w, https:\/\/brtk.net\/wp-content\/uploads\/2025\/03\/09\/98402983402-300x200.jpg?ver=c50f248322b4132ea3edc8a0abf2737f 300w, https:\/\/brtk.net\/wp-content\/uploads\/2025\/03\/09\/98402983402-1024x682.jpg?ver=c50f248322b4132ea3edc8a0abf2737f 1024w, https:\/\/brtk.net\/wp-content\/uploads\/2025\/03\/09\/98402983402-768x512.jpg?ver=c50f248322b4132ea3edc8a0abf2737f 768w, https:\/\/brtk.net\/wp-content\/uploads\/2025\/03\/09\/98402983402-1536x1023.jpg?ver=8cbcdd06e358bfcfe9c96f699deb4392 1536w\"\/>                            <\/div>\n<p>\u00c7al\u0131\u015fma ve Sosyal G\u00fcvenlik Bakan\u0131  Sad\u0131k Gardiyano\u011flu Ge\u00e7itkale-Serdarl\u0131 Belediye Ba\u015fkan\u0131 Halil Kas\u0131m\u2019\u0131 ziyaret etti. Ziyaretinde Bakan Gardiyano\u011flu\u2019na Sosyal Hizmetler Dairesi M\u00fcd\u00fcr\u00fc Alev Ecevit de  e\u015flik etti.<\/p>\n<p>Ge\u00e7itkale-Serdarl\u0131 Belediyesi taraf\u0131ndan d\u00fczenlenen k\u00f6y kad\u0131n kurslar\u0131n\u0131n at\u00f6lye e\u011fitmenleriyle  de biraraya gelen Gardiyano\u011flu, k\u0131rsal kesimdeki kad\u0131nlar\u0131n i\u015fg\u00fcc\u00fc piyasas\u0131na dahil olmas\u0131yla ilgili Bakanl\u0131\u011f\u0131 ile belediye aras\u0131nda neler yap\u0131labilece\u011fi konusunda g\u00f6r\u00fc\u015f al\u0131\u015fveri\u015finde bulundu.<\/p>\n<p>\u00c7al\u0131\u015fma ve Sosyal G\u00fcvenlik Bakanl\u0131\u011f\u0131 taraf\u0131ndan s\u00fcrd\u00fcr\u00fclen Kad\u0131na Y\u00f6nelik Meslek E\u011fitimi ve Sosyal Destek Projesi  kapsam\u0131nda e\u011fitim alan ve ticari hayata at\u0131lmak isteyen kad\u0131nlara d\u00f6rt y\u0131l boyunca sosyal g\u00fcvenlik deste\u011fi verilece\u011fini  ifade eden Gardiyano\u011flu, proje ile  k\u0131rsal kesimdeki kad\u0131nlar\u0131 evlerinden \u00e7\u0131karmay\u0131 ve  \u00fcretmelerini sa\u011flayarak sosyal g\u00fcvenlik sistemine dahil etmeyi hedeflediklerini ifade etti. <\/p>\n<p>Ge\u00e7itkale-Serdarl\u0131 Belediyesi\u2019nin kad\u0131nlara y\u00f6nelik meslek kurslar\u0131 d\u00fczenleyen \u00f6rnek ve alt yap\u0131 a\u00e7\u0131s\u0131ndan  \u00f6nde giden  bir belediye oldu\u011funu belirten Gardiyano\u011flu, bir\u00e7ok belediyeden de kad\u0131nlara y\u00f6nelik meslek e\u011fitim kurslar\u0131 d\u00fczenlenmesi i\u00e7in talep geldi\u011fini s\u00f6yledi.<\/p>\n<p>Ge\u00e7itkale-Serdarl\u0131 Belediyesi ile Bakanl\u0131k i\u015fbirli\u011finde,  a\u00e7\u0131lacak kurslar\u0131 tamamlayarak sertifika alacak kad\u0131nlara prim deste\u011fi verilece\u011fini kaydeden Gardiyano\u011flu, kad\u0131n kooperatifleri ile i\u015fbirli\u011fi i\u00e7erisinde kad\u0131n istihdam\u0131n\u0131n desteklenmesine y\u00f6nelik  projelere bakanl\u0131k olarak ciddi \u015fekilde e\u011fildiklerini \u00f6nemle vurgulad\u0131.<\/p>\n<p>K\u0131br\u0131s k\u00fclt\u00fcr\u00fcne ait sele sepet ipek dokuma, Lapta i\u015fi, Lefkara i\u015fi ve sand\u0131k oymac\u0131l\u0131\u011f\u0131  gibi  geleneksel el sanatlar\u0131n\u0131n tan\u0131t\u0131lmas\u0131na  ve ya\u015fat\u0131lmas\u0131na ciddi bir \u00f6nem verdiklerini kaydeden Gardiyano\u011flu, Ge\u00e7itkale-Serdarl\u0131 Belediyesi ile i\u015fbirli\u011fi i\u00e7inde g\u00fczel i\u015fler yapacaklar\u0131na inan\u00e7 belirtti.<\/p>\n<p>Serdarl\u0131 Ge\u00e7itkale Belediye Ba\u015fkan\u0131 Halil Kas\u0131m da konu\u015fmas\u0131nda, K\u0131br\u0131s k\u00fclt\u00fcr\u00fcn\u00fcn ya\u015fat\u0131lmas\u0131na \u00f6nem verdiklerini, belediye b\u00fcnyesinde d\u00f6rt at\u00f6lyede kad\u0131nlara  y\u00f6nelik mesleki e\u011fitim d\u00fczenlendi\u011fini ifade ederek  bu e\u011fitimleri tamamlayan k\u00f6y kad\u0131nlar\u0131n\u0131n ticari hayata at\u0131labilmesi ve sosyal g\u00fcvenlik a\u00e7\u0131s\u0131ndan desteklenebilmesi  i\u00e7in,  \u00c7al\u0131\u015fma ve Sosyal G\u00fcvenlik Bakanl\u0131\u011f\u0131 ile i\u015fbirli\u011fi  i\u00e7inde \u00e7al\u0131\u015fmaktan memnuniyet duyacaklar\u0131n\u0131 s\u00f6yledi.<\/p>\n<\/p><\/div>\n<p><script async\n                    defer\n                    crossorigin=\"anonymous\"\n                    src=\"https:\/\/connect.facebook.net\/tr_TR\/sdk.js#xfbml=1&#038;version=v3.3\"\n            ><\/script><br \/>\n<br \/><br \/>\n<br \/><a href=\"https:\/\/brtk.net\/gardiyanoglu-kadin-istihdamina-yonelik-projelere-onem-veriyoruz\/\">Kaynak BRT <\/a><\/p>\n","protected":false},"excerpt":{"rendered":"<p>\u00c7al\u0131\u015fma ve Sosyal G\u00fcvenlik Bakan\u0131 Sad\u0131k Gardiyano\u011flu Ge\u00e7itkale-Serdarl\u0131 Belediye Ba\u015fkan\u0131 Halil Kas\u0131m\u2019\u0131 ziyaret etti. Ziyaretinde Bakan Gardiyano\u011flu\u2019na Sosyal Hizmetler Dairesi M\u00fcd\u00fcr\u00fc Alev Ecevit de e\u015flik etti. Ge\u00e7itkale-Serdarl\u0131 Belediyesi taraf\u0131ndan d\u00fczenlenen k\u00f6y kad\u0131n kurslar\u0131n\u0131n at\u00f6lye e\u011fitmenleriyle de biraraya gelen Gardiyano\u011flu, k\u0131rsal kesimdeki kad\u0131nlar\u0131n i\u015fg\u00fcc\u00fc piyasas\u0131na dahil olmas\u0131yla ilgili Bakanl\u0131\u011f\u0131 ile belediye aras\u0131nda neler yap\u0131labilece\u011fi konusunda g\u00f6r\u00fc\u015f [&hellip;]<\/p>\n","protected":false},"author":908,"featured_media":19382,"comment_status":"open","ping_status":"open","sticky":false,"template":"","format":"standard","meta":{"_jetpack_memberships_contains_paid_content":false,"footnotes":"","jetpack_publicize_message":"","jetpack_publicize_feature_enabled":true,"jetpack_social_post_already_shared":true,"jetpack_social_options":{"image_generator_settings":{"template":"highway","default_image_id":0,"font":"","enabled":false},"version":2}},"categories":[253],"tags":[],"class_list":["post-19381","post","type-post","status-publish","format-standard","has-post-thumbnail","hentry","category-gundem"],"jetpack_publicize_connections":[],"jetpack_featured_media_url":"https:\/\/kibrisayna.com\/wp-content\/uploads\/2025\/03\/98402983402.jpg","jetpack_sharing_enabled":true,"_links":{"self":[{"href":"https:\/\/kibrisayna.com\/index.php\/wp-json\/wp\/v2\/posts\/19381","targetHints":{"allow":["GET"]}}],"collection":[{"href":"https:\/\/kibrisayna.com\/index.php\/wp-json\/wp\/v2\/posts"}],"about":[{"href":"https:\/\/kibrisayna.com\/index.php\/wp-json\/wp\/v2\/types\/post"}],"author":[{"embeddable":true,"href":"https:\/\/kibrisayna.com\/index.php\/wp-json\/wp\/v2\/users\/908"}],"replies":[{"embeddable":true,"href":"https:\/\/kibrisayna.com\/index.php\/wp-json\/wp\/v2\/comments?post=19381"}],"version-history":[{"count":0,"href":"https:\/\/kibrisayna.com\/index.php\/wp-json\/wp\/v2\/posts\/19381\/revisions"}],"wp:featuredmedia":[{"embeddable":true,"href":"https:\/\/kibrisayna.com\/index.php\/wp-json\/wp\/v2\/media\/19382"}],"wp:attachment":[{"href":"https:\/\/kibrisayna.com\/index.php\/wp-json\/wp\/v2\/media?parent=19381"}],"wp:term":[{"taxonomy":"category","embeddable":true,"href":"https:\/\/kibrisayna.com\/index.php\/wp-json\/wp\/v2\/categories?post=19381"},{"taxonomy":"post_tag","embeddable":true,"href":"https:\/\/kibrisayna.com\/index.php\/wp-json\/wp\/v2\/tags?post=19381"}],"curies":[{"name":"wp","href":"https:\/\/api.w.org\/{rel}","templated":true}]}}