{"id":19377,"date":"2025-03-09T12:16:39","date_gmt":"2025-03-09T09:16:39","guid":{"rendered":"https:\/\/kibrisayna.com\/index.php\/2025\/03\/09\/turkiyenin-doner-kanatli-ihalari-abdde-podyuma-cikiyor\/"},"modified":"2025-03-09T12:16:39","modified_gmt":"2025-03-09T09:16:39","slug":"turkiyenin-doner-kanatli-ihalari-abdde-podyuma-cikiyor","status":"publish","type":"post","link":"https:\/\/kibrisayna.com\/index.php\/2025\/03\/09\/turkiyenin-doner-kanatli-ihalari-abdde-podyuma-cikiyor\/","title":{"rendered":"T\u00fcrkiye&#8217;nin d\u00f6ner kanatl\u0131 \u0130HA&#8217;lar\u0131 ABD&#8217;de podyuma \u00e7\u0131k\u0131yor"},"content":{"rendered":"<p> <br \/>\n<br \/><img decoding=\"async\" src=\"https:\/\/cdn1.ntv.com.tr\/gorsel\/-uAm_Y-prUSZYB2GvUwTFA.jpg?width=1200&amp;ampmode=crop&amp;ampscale=both\" class=\"type:primaryImage\" alt=\"T\u00fcrkiye'nin d\u00f6ner kanatl\u0131 \u0130HA'lar\u0131 ABD'de podyuma \u00e7\u0131k\u0131yor\" \/><\/p>\n<p>T\u00fcrkiye&#8217;nin d\u00f6ner kanatl\u0131 \u0130HA&#8217;lar\u0131 ALP\u0130N VE DUMRUL, ABD&#8217;de vitrine \u00e7\u0131k\u0131yor. \u0130nsans\u0131z helikopetlerler, d\u00fcnyan\u0131n en b\u00fcy\u00fck fuarlar\u0131ndan biri olan Dallas&#8217;taki VERTICON 2025&#8217;te sergilenecek.<\/p>\n<section class=\"type:slideshow\">\n<figure><img decoding=\"async\" src=\"https:\/\/cdn1.ntv.com.tr\/gorsel\/jpVE2Vyq6Uu3o4Bfotj1lg.jpg?width=1200&amp;mode=crop&amp;scale=both\" width=\"1200\" \/><\/figure>\n<figure><img decoding=\"async\" src=\"https:\/\/cdn1.ntv.com.tr\/gorsel\/DV_5KzCNLEucZUMAN-LJxQ.jpg?width=1200&amp;mode=crop&amp;scale=both\" width=\"1200\" \/><figcaption>Helikopterler, geli\u015fmi\u015f hava hareketlili\u011fi, insans\u0131z hava sistemleri, elektrikli dikey kalk\u0131\u015f ve ini\u015f (eVTOL) ara\u00e7lar\u0131 gibi dikey havac\u0131l\u0131k alan\u0131ndaki yenilikleri ve profesyonelleri bir araya getirmek amac\u0131yla d\u00fczenlenen etkinli\u011fe, 15 binden fazla end\u00fcstri profesyoneli ve 600&#8217;den fazla kat\u0131l\u0131mc\u0131 firma bekleniyor.<\/figcaption><\/figure>\n<figure><img decoding=\"async\" src=\"https:\/\/cdn1.ntv.com.tr\/gorsel\/9UbsyxC5jkKTvIf_klaDlA.jpg?width=1200&amp;mode=crop&amp;scale=both\" width=\"1200\" \/><figcaption>VERTICON&#8217;da \u00f6zellikle kargo ve lojistik \u00e7\u00f6z\u00fcmlerine odaklan\u0131larak, sekt\u00f6r\u00fcn ihtiya\u00e7lar\u0131na y\u00f6nelik teknolojiler sergilenecek. \u00dcretici \u015firket, fuara DUMRUL ve ALP\u0130N&#8217;in maketi ile kat\u0131lacak.<\/figcaption><\/figure>\n<figure><img decoding=\"async\" src=\"https:\/\/cdn1.ntv.com.tr\/gorsel\/zl6YnY0hc0ygFDFa9IFRMQ.jpg?width=1200&amp;mode=crop&amp;scale=both\" width=\"1200\" \/><figcaption>Elektrik motoruyla \u00e7al\u0131\u015fan sessiz bir helikopter olan DUMRUL, 17-18 kilogram kalk\u0131\u015f a\u011f\u0131rl\u0131\u011f\u0131na sahip ve 30 dakikaya kadar havada kalabiliyor. Yak\u0131n mesafe g\u00f6zetleme i\u00e7in tasarlanan DUMRUL, alt\u0131na monte edilen silah sistemleri ve entegre g\u00f6r\u00fcnt\u00fcleme kabiliyetleri ile hedefleri etkin bir \u015fekilde etkisiz hale getirebiliyor. Kullan\u0131c\u0131 ihtiya\u00e7lar\u0131 do\u011frultusunda geli\u015ftirilen hava arac\u0131, k\u0131sa menzilli operasyonlarda etkin silah kullan\u0131m\u0131 i\u00e7in tasarland\u0131. DUMRUL ilk g\u00f6revine haz\u0131rlan\u0131yor.<\/figcaption><\/figure>\n<figure><img decoding=\"async\" src=\"https:\/\/cdn1.ntv.com.tr\/gorsel\/2H-Ro9emfk2m8LXSJ6Yjog.jpg?width=1200&amp;mode=crop&amp;scale=both\" width=\"1200\" \/><figcaption>\u0130nsans\u0131z helikopter ALP\u0130N, geni\u015fletilmi\u015f yak\u0131t tank\u0131 sayesinde 9 saate kadar havada kalabiliyor. ALP\u0130N, 200 kilogram\u0131 a\u015fan faydal\u0131 y\u00fck kapasitesi ile askeri ve sivil operasyonlarda \u00e7e\u015fitli ekipman ve malzemelerin g\u00fcvenli \u015fekilde ta\u015f\u0131nmas\u0131na olanak sa\u011fl\u0131yor. Tamamen otonom kalk\u0131\u015f ve ini\u015f kabiliyetine sahip olan helikopter, \u00f6nceden belirlenmi\u015f rotalarda u\u00e7abilme \u00f6zelli\u011fi sayesinde programlanm\u0131\u015f g\u00f6revleri yerine getirebiliyor. ALP\u0130N, T\u00fcrkiye&#8217;nin ilk \u00f6zg\u00fcn insans\u0131z helikopteri olarak g\u00fcvenlik g\u00fc\u00e7lerinin envanterine girdi.<\/figcaption><\/figure>\n<\/section>\n<p><br \/>\n<br \/><a href=\"https:\/\/www.ntv.com.tr\/galeri\/ntvpara\/turkiyenin-doner-kanatli-ihalari-abdde-podyuma-cikiyor,aqkXaHBftUWSBDSfgADpkg\"><\/a><\/p>\n","protected":false},"excerpt":{"rendered":"<p>T\u00fcrkiye&#8217;nin d\u00f6ner kanatl\u0131 \u0130HA&#8217;lar\u0131 ALP\u0130N VE DUMRUL, ABD&#8217;de vitrine \u00e7\u0131k\u0131yor. \u0130nsans\u0131z helikopetlerler, d\u00fcnyan\u0131n en b\u00fcy\u00fck fuarlar\u0131ndan biri olan Dallas&#8217;taki VERTICON 2025&#8217;te sergilenecek. Helikopterler, geli\u015fmi\u015f hava hareketlili\u011fi, insans\u0131z hava sistemleri, elektrikli dikey kalk\u0131\u015f ve ini\u015f (eVTOL) ara\u00e7lar\u0131 gibi dikey havac\u0131l\u0131k alan\u0131ndaki yenilikleri ve profesyonelleri bir araya getirmek amac\u0131yla d\u00fczenlenen etkinli\u011fe, 15 binden fazla end\u00fcstri profesyoneli ve [&hellip;]<\/p>\n","protected":false},"author":908,"featured_media":19378,"comment_status":"open","ping_status":"open","sticky":false,"template":"","format":"standard","meta":{"_jetpack_memberships_contains_paid_content":false,"footnotes":"","jetpack_publicize_message":"","jetpack_publicize_feature_enabled":true,"jetpack_social_post_already_shared":true,"jetpack_social_options":{"image_generator_settings":{"template":"highway","default_image_id":0,"font":"","enabled":false},"version":2}},"categories":[12],"tags":[],"class_list":["post-19377","post","type-post","status-publish","format-standard","has-post-thumbnail","hentry","category-teknoloji"],"jetpack_publicize_connections":[],"jetpack_featured_media_url":"https:\/\/kibrisayna.com\/wp-content\/uploads\/2025\/03\/uAm_Y-prUSZYB2GvUwTFA.jpg","jetpack_sharing_enabled":true,"_links":{"self":[{"href":"https:\/\/kibrisayna.com\/index.php\/wp-json\/wp\/v2\/posts\/19377","targetHints":{"allow":["GET"]}}],"collection":[{"href":"https:\/\/kibrisayna.com\/index.php\/wp-json\/wp\/v2\/posts"}],"about":[{"href":"https:\/\/kibrisayna.com\/index.php\/wp-json\/wp\/v2\/types\/post"}],"author":[{"embeddable":true,"href":"https:\/\/kibrisayna.com\/index.php\/wp-json\/wp\/v2\/users\/908"}],"replies":[{"embeddable":true,"href":"https:\/\/kibrisayna.com\/index.php\/wp-json\/wp\/v2\/comments?post=19377"}],"version-history":[{"count":0,"href":"https:\/\/kibrisayna.com\/index.php\/wp-json\/wp\/v2\/posts\/19377\/revisions"}],"wp:featuredmedia":[{"embeddable":true,"href":"https:\/\/kibrisayna.com\/index.php\/wp-json\/wp\/v2\/media\/19378"}],"wp:attachment":[{"href":"https:\/\/kibrisayna.com\/index.php\/wp-json\/wp\/v2\/media?parent=19377"}],"wp:term":[{"taxonomy":"category","embeddable":true,"href":"https:\/\/kibrisayna.com\/index.php\/wp-json\/wp\/v2\/categories?post=19377"},{"taxonomy":"post_tag","embeddable":true,"href":"https:\/\/kibrisayna.com\/index.php\/wp-json\/wp\/v2\/tags?post=19377"}],"curies":[{"name":"wp","href":"https:\/\/api.w.org\/{rel}","templated":true}]}}