{"id":19288,"date":"2025-03-08T12:32:04","date_gmt":"2025-03-08T09:32:04","guid":{"rendered":"https:\/\/kibrisayna.com\/index.php\/2025\/03\/08\/bugun-8-mart-dunya-emekci-kadinlar-gunu-ulke-capinda-etkinlikler-duzenleniyor-brtk\/"},"modified":"2025-03-08T12:32:04","modified_gmt":"2025-03-08T09:32:04","slug":"bugun-8-mart-dunya-emekci-kadinlar-gunu-ulke-capinda-etkinlikler-duzenleniyor-brtk","status":"publish","type":"post","link":"https:\/\/kibrisayna.com\/index.php\/2025\/03\/08\/bugun-8-mart-dunya-emekci-kadinlar-gunu-ulke-capinda-etkinlikler-duzenleniyor-brtk\/","title":{"rendered":"Bug\u00fcn 8 Mart D\u00fcnya Emek\u00e7i Kad\u0131nlar G\u00fcn\u00fc\u2026 \u00dclke \u00e7ap\u0131nda etkinlikler d\u00fczenleniyor \u2013 BRTK"},"content":{"rendered":"<p> <br \/>\n<\/p>\n<div>\n<div class=\"mariselle-image-container center\">\n                <img loading=\"lazy\" decoding=\"async\" width=\"2048\" height=\"1367\" class=\"lazy-image\" alt=\"\" sizes=\"auto, (max-width: 2048px) 100vw, 2048px\" src=\"https:\/\/brtk.net\/wp-content\/uploads\/2025\/03\/08\/17414249781128-MART-KADINLAR-ATATURK-ANITINA-CELENK-KOYDU-ERO-11.jpeg?ver=554e491c23bba75051ed3ad086e932e7\" srcset=\"https:\/\/brtk.net\/wp-content\/uploads\/2025\/03\/08\/17414249781128-MART-KADINLAR-ATATURK-ANITINA-CELENK-KOYDU-ERO-11.jpeg?ver=554e491c23bba75051ed3ad086e932e7 2048w, https:\/\/brtk.net\/wp-content\/uploads\/2025\/03\/08\/17414249781128-MART-KADINLAR-ATATURK-ANITINA-CELENK-KOYDU-ERO-11-300x200.jpeg?ver=554e491c23bba75051ed3ad086e932e7 300w, https:\/\/brtk.net\/wp-content\/uploads\/2025\/03\/08\/17414249781128-MART-KADINLAR-ATATURK-ANITINA-CELENK-KOYDU-ERO-11-1024x684.jpeg?ver=ba7fdc2b5beb2cf3b54eaac8903d5a7c 1024w, https:\/\/brtk.net\/wp-content\/uploads\/2025\/03\/08\/17414249781128-MART-KADINLAR-ATATURK-ANITINA-CELENK-KOYDU-ERO-11-768x513.jpeg?ver=ba7fdc2b5beb2cf3b54eaac8903d5a7c 768w, https:\/\/brtk.net\/wp-content\/uploads\/2025\/03\/08\/17414249781128-MART-KADINLAR-ATATURK-ANITINA-CELENK-KOYDU-ERO-11-1536x1025.jpeg?ver=cec14f4162a6b06ad555f8ddeb74bbd6 1536w\"\/>                            <\/div>\n<p>Kad\u0131nlar i\u00e7in hak, e\u015fitlik, \u00f6zg\u00fcrl\u00fck ve dayan\u0131\u015fmay\u0131 temsil eden 8 Mart D\u00fcnya Emek\u00e7i Kad\u0131nlar G\u00fcn\u00fc, d\u00fcnyada oldu\u011fu gibi KKTC\u2019de de etkinliklerle kutlan\u0131yor.<\/p>\n<p>Ba\u015fta kad\u0131n \u00f6rg\u00fctleri olmak \u00fczere bir\u00e7ok \u00f6rg\u00fct g\u00fcn nedeniyle eylemler, etkinlikler d\u00fczenlerken, devlet ve h\u00fck\u00fcmet yetkilileriyle siyasi partiler ve sivil toplum \u00f6rg\u00fctleri mesajlar yay\u0131mlayarak g\u00fcn\u00fcn \u00f6nemini vurguluyor. <\/p>\n<p>Birle\u015fmi\u015f Milletler Kad\u0131n Birimi (UN Women), 2025 y\u0131l\u0131 i\u00e7in 8 Mart D\u00fcnya Kad\u0131nlar G\u00fcn\u00fc temas\u0131n\u0131 \u2018T\u00fcm Kad\u0131nlar ve K\u0131z \u00c7ocuklar\u0131 \u0130\u00e7in: Haklar, E\u015fitlik, G\u00fc\u00e7lendirme\u2019 olarak belirledi.<\/p>\n<p>D\u00fcnya Kad\u0131nlar G\u00fcn\u00fc\u2019n\u00fcn internet sitesinde ise \u201cAcccelerate Action (Eylemi H\u0131zland\u0131r) temas\u0131 se\u00e7ildi.<\/p>\n<p><em>-\u00dclke \u00e7ap\u0131nda etkinlikler d\u00fczenleniyor<\/em><\/p>\n<p>8 Mart D\u00fcnya Emek\u00e7i Kad\u0131nlar G\u00fcn\u00fc dolay\u0131s\u0131yla \u00fclke genelinde \u00e7e\u015fitli etkinlikler yap\u0131l\u0131yor.<\/p>\n<p>K\u0131br\u0131s T\u00fcrk Kad\u0131nlar Konseyi Derne\u011fi\u2019nin organizasyonuyla bir\u00e7ok kad\u0131n \u00f6rg\u00fct\u00fc bu sabah 10.30\u2019da Lefko\u015fa\u2019daki Atat\u00fcrk An\u0131t\u0131\u2019na ve ard\u0131ndan da Z\u00fcbeyde Han\u0131m B\u00fcst\u00fc\u2019ne \u00e7elenk koydu, sayg\u0131 duru\u015funda bulundu.<\/p>\n<p>Kad\u0131nlar Konseyi Y\u00f6netim Kurulu \u00fcyesi Melek Ba\u015fta\u015f\u2019\u0131n konu\u015fma yapt\u0131\u011f\u0131 t\u00f6rende, kad\u0131nlar\u0131n toplumsal hayattaki yeri, eme\u011fi ve m\u00fccadelesine olan sayg\u0131y\u0131 ifade edildi.<\/p>\n<p><em>-Sergi<\/em><\/p>\n<p>Y\u0131ltan Ta\u015f\u00e7\u0131 Akademisi taraf\u0131ndan d\u00fczenlenen \u201c\u0130z B\u0131rakan Kad\u0131nlar\u0131m\u0131z 1\u201d adl\u0131 foto\u011fraf sergisi, Lefko\u015fa Sanat Merkezi M. Necati \u00d6zkan Sergi Salonu\u2019nda bug\u00fcn saat 11.00\u2019de a\u00e7\u0131ld\u0131.<\/p>\n<p><em>-Toplumsal M\u00fccadele Platformu<\/em><\/p>\n<p>Toplumsal M\u00fccadele Platformu\u2019nun 8 Mart etkinlikleri de devam ediyor. Ma\u011fusa K\u00fclt\u00fcr Derne\u011fi\u2019nin organize etti\u011fi kitap okuma etkinli\u011fi, bug\u00fcn saat 14.00\u2019te Desdemona Park\u0131\u2019nda ba\u015flayacak. Ard\u0131ndan saat 15.30\u2019da Gazima\u011fusa Sulu \u00c7ember\u2019den \u201c8 Mart D\u00fcnya Emek\u00e7i Kad\u0131nlar G\u00fcn\u00fc Dayan\u0131\u015fma Y\u00fcr\u00fcy\u00fc\u015f\u00fc\u201d d\u00fczenlenecek. Y\u00fcr\u00fcy\u00fc\u015f\u00fcn ard\u0131ndan saat 17.00\u2019de Bandabulya\u2019da Grup Detay konser verecek.<\/p>\n<p><em>-Eylem saat 15.00\u2019te <\/em><\/p>\n<p>Lefko\u015fa Kumsal Park\u2019ta bug\u00fcn saat 15.00\u2019te, 8 Mart Organizasyon Komitesi taraf\u0131ndan \u201cS\u00f6m\u00fcr\u00fcye Kar\u015f\u0131 \u0130natla, Bar\u0131\u015fa Do\u011fru Umutla\u201d slogan\u0131yla bir eylem d\u00fczenlenecek.<\/p>\n<p><em>-GA\u00dc\u2019de sal\u0131 g\u00fcn\u00fc panel yap\u0131lacak<\/em><\/p>\n<p>Girne Amerikan \u00dcniversitesi\u2019nin (GA\u00dc) \u201c8 Mart D\u00fcnya Emek\u00e7i Kad\u0131nlar\u0131 G\u00fcn\u00fc\u201d nedeniyle d\u00fczenleyece\u011fi anma paneli, GA\u00dc Spectrum Uluslararas\u0131 Kongre Merkezi\u2019nde sal\u0131 g\u00fcn\u00fc saat 11.00\u2019de yap\u0131lacak.<\/p>\n<p>Etkinli\u011fin konu\u015fmac\u0131lar\u0131 K\u0131br\u0131s T\u00fcrk Giri\u015fimci Kad\u0131nlar Derne\u011fi (G\u0130KAD) Ba\u015fkan\u0131 \u0130\u00e7im \u00c7a\u011f\u0131ner Kavuklu, gazeteci ve programc\u0131 Sevilay Sad\u0131ko\u011flu, eski milletvekili G\u00fcl\u015fah Sanver Manavo\u011flu ile T\u00fcrk Ajans\u0131 K\u0131br\u0131s (TAK) M\u00fcd\u00fcr\u00fc Dr. Fehmi G\u00fcrdall\u0131 olacak.<\/p>\n<p><em>-8 Mart\u2019\u0131n tarih\u00e7esi<\/em><\/p>\n<p>8 Mart\u2019\u0131n tohumlar\u0131 1908\u2019de New York\u2019ta 15 bin tekstil i\u015f\u00e7isi kad\u0131n\u0131n daha k\u0131sa \u00e7al\u0131\u015fma saatleri, daha iyi \u00fccret ve se\u00e7me hakk\u0131 talebiyle y\u00fcr\u00fcmeleriyle at\u0131ld\u0131.<\/p>\n<p>Bir y\u0131l sonra Amerika Sosyalist Partisi 8 Mart\u2019\u0131 Ulusal Kad\u0131nlar G\u00fcn\u00fc ilan etti. Bu \u00f6zel g\u00fcn\u00fc uluslararas\u0131 hale getirme fikrini ortaya atan ilk ki\u015fi ise Alman kom\u00fcnist ve kad\u0131n haklar\u0131 savunucusu Clara Zetkin\u2019di. Zetkin, 1910 y\u0131l\u0131nda Kopenhag\u2019da toplanan Uluslararas\u0131 Emek\u00e7i Kad\u0131nlar Konferans\u0131\u2019nda D\u00fcnya Kad\u0131nlar G\u00fcn\u00fc fikrini \u00f6nerdi. Konferansa 17 farkl\u0131 \u00fclkeden kat\u0131lan 100 kad\u0131n, Zetkin\u2019in \u00f6nerisini oy birli\u011fiyle kabul etti.<\/p>\n<p>\u0130lk uluslararas\u0131 etkinlikler 1911\u2019de Avusturya, Danimarka, Almanya ve \u0130svi\u00e7re\u2019de d\u00fczenlendi.<\/p>\n<p>D\u00fcnya Kad\u0131nlar G\u00fcn\u00fc\u2019n\u00fcn 100. y\u0131l d\u00f6n\u00fcm\u00fc 2011 y\u0131l\u0131nda b\u00fcy\u00fck organizasyonlarla kutland\u0131.<\/p>\n<p>1977\u2019de Birle\u015fmi\u015f Milletler\u2019in D\u00fcnya Kad\u0131nlar G\u00fcn\u00fc\u2019n\u00fc kabul etmesiyle g\u00fcn resmiyet kazand\u0131. BM her y\u0131l i\u00e7in \u00f6zel bir tema belirlemeye ba\u015flad\u0131.<\/p>\n<\/p><\/div>\n<p><script async\n                    defer\n                    crossorigin=\"anonymous\"\n                    src=\"https:\/\/connect.facebook.net\/tr_TR\/sdk.js#xfbml=1&#038;version=v3.3\"\n            ><\/script><br \/>\n<br \/><br \/>\n<br \/><a href=\"https:\/\/brtk.net\/bugun-8-mart-dunya-emekci-kadinlar-gunu-ulke-capinda-etkinlikler-duzenleniyor\/\">Kaynak BRT <\/a><\/p>\n","protected":false},"excerpt":{"rendered":"<p>Kad\u0131nlar i\u00e7in hak, e\u015fitlik, \u00f6zg\u00fcrl\u00fck ve dayan\u0131\u015fmay\u0131 temsil eden 8 Mart D\u00fcnya Emek\u00e7i Kad\u0131nlar G\u00fcn\u00fc, d\u00fcnyada oldu\u011fu gibi KKTC\u2019de de etkinliklerle kutlan\u0131yor. Ba\u015fta kad\u0131n \u00f6rg\u00fctleri olmak \u00fczere bir\u00e7ok \u00f6rg\u00fct g\u00fcn nedeniyle eylemler, etkinlikler d\u00fczenlerken, devlet ve h\u00fck\u00fcmet yetkilileriyle siyasi partiler ve sivil toplum \u00f6rg\u00fctleri mesajlar yay\u0131mlayarak g\u00fcn\u00fcn \u00f6nemini vurguluyor. Birle\u015fmi\u015f Milletler Kad\u0131n Birimi (UN Women), [&hellip;]<\/p>\n","protected":false},"author":908,"featured_media":19289,"comment_status":"open","ping_status":"open","sticky":false,"template":"","format":"standard","meta":{"_jetpack_memberships_contains_paid_content":false,"footnotes":"","jetpack_publicize_message":"","jetpack_publicize_feature_enabled":true,"jetpack_social_post_already_shared":true,"jetpack_social_options":{"image_generator_settings":{"template":"highway","default_image_id":0,"font":"","enabled":false},"version":2}},"categories":[253],"tags":[],"class_list":["post-19288","post","type-post","status-publish","format-standard","has-post-thumbnail","hentry","category-gundem"],"jetpack_publicize_connections":[],"jetpack_featured_media_url":"https:\/\/kibrisayna.com\/wp-content\/uploads\/2025\/03\/17414249781128-MART-KADINLAR-ATATURK-ANITINA-CELENK-KOYDU-ERO-11.jpeg","jetpack_sharing_enabled":true,"_links":{"self":[{"href":"https:\/\/kibrisayna.com\/index.php\/wp-json\/wp\/v2\/posts\/19288","targetHints":{"allow":["GET"]}}],"collection":[{"href":"https:\/\/kibrisayna.com\/index.php\/wp-json\/wp\/v2\/posts"}],"about":[{"href":"https:\/\/kibrisayna.com\/index.php\/wp-json\/wp\/v2\/types\/post"}],"author":[{"embeddable":true,"href":"https:\/\/kibrisayna.com\/index.php\/wp-json\/wp\/v2\/users\/908"}],"replies":[{"embeddable":true,"href":"https:\/\/kibrisayna.com\/index.php\/wp-json\/wp\/v2\/comments?post=19288"}],"version-history":[{"count":0,"href":"https:\/\/kibrisayna.com\/index.php\/wp-json\/wp\/v2\/posts\/19288\/revisions"}],"wp:featuredmedia":[{"embeddable":true,"href":"https:\/\/kibrisayna.com\/index.php\/wp-json\/wp\/v2\/media\/19289"}],"wp:attachment":[{"href":"https:\/\/kibrisayna.com\/index.php\/wp-json\/wp\/v2\/media?parent=19288"}],"wp:term":[{"taxonomy":"category","embeddable":true,"href":"https:\/\/kibrisayna.com\/index.php\/wp-json\/wp\/v2\/categories?post=19288"},{"taxonomy":"post_tag","embeddable":true,"href":"https:\/\/kibrisayna.com\/index.php\/wp-json\/wp\/v2\/tags?post=19288"}],"curies":[{"name":"wp","href":"https:\/\/api.w.org\/{rel}","templated":true}]}}