{"id":19287,"date":"2025-03-08T12:30:42","date_gmt":"2025-03-08T09:30:42","guid":{"rendered":"https:\/\/kibrisayna.com\/index.php\/2025\/03\/08\/bir-suctan-sanik-herkes-suclulugu-yasaya-uygun-olarak-ispat-edilinceye-kadar-sucsuz-sayilir-brtk\/"},"modified":"2025-03-08T12:30:42","modified_gmt":"2025-03-08T09:30:42","slug":"bir-suctan-sanik-herkes-suclulugu-yasaya-uygun-olarak-ispat-edilinceye-kadar-sucsuz-sayilir-brtk","status":"publish","type":"post","link":"https:\/\/kibrisayna.com\/index.php\/2025\/03\/08\/bir-suctan-sanik-herkes-suclulugu-yasaya-uygun-olarak-ispat-edilinceye-kadar-sucsuz-sayilir-brtk\/","title":{"rendered":"\u201cBir suc\u0327tan san\u0131k herkes, suc\u0327lulug\u0306u yasaya uygun olarak ispat edilinceye kadar suc\u0327suz say\u0131l\u0131r\u201d \u2013 BRTK"},"content":{"rendered":"<p> <br \/>\n<\/p>\n<div>\n<div class=\"mariselle-image-container center\">\n                <img loading=\"lazy\" decoding=\"async\" width=\"2048\" height=\"1724\" class=\"lazy-image\" alt=\"\" sizes=\"auto, (max-width: 2048px) 100vw, 2048px\" src=\"https:\/\/brtk.net\/wp-content\/uploads\/2025\/03\/08\/1741423591570MEDYA-ETIK-KURULU-YENI-LOGO.jpg?ver=2a340942d057f6d8b8a41be5902cbc43\" srcset=\"https:\/\/brtk.net\/wp-content\/uploads\/2025\/03\/08\/1741423591570MEDYA-ETIK-KURULU-YENI-LOGO.jpg?ver=2a340942d057f6d8b8a41be5902cbc43 2048w, https:\/\/brtk.net\/wp-content\/uploads\/2025\/03\/08\/1741423591570MEDYA-ETIK-KURULU-YENI-LOGO-300x253.jpg?ver=2a340942d057f6d8b8a41be5902cbc43 300w, https:\/\/brtk.net\/wp-content\/uploads\/2025\/03\/08\/1741423591570MEDYA-ETIK-KURULU-YENI-LOGO-1024x862.jpg?ver=33d6e088c52c26d8651251c3b148b1fe 1024w, https:\/\/brtk.net\/wp-content\/uploads\/2025\/03\/08\/1741423591570MEDYA-ETIK-KURULU-YENI-LOGO-768x647.jpg?ver=33d6e088c52c26d8651251c3b148b1fe 768w, https:\/\/brtk.net\/wp-content\/uploads\/2025\/03\/08\/1741423591570MEDYA-ETIK-KURULU-YENI-LOGO-1536x1293.jpg?ver=901ffc0f5be38ce08b8a1b562e89ffee 1536w\"\/>                            <\/div>\n<p>Medya Etik Kurulu, gazetecilere \u201cBir suc\u0327tan san\u0131k herkes, suc\u0327lulug\u0306u yasaya uygun olarak ispat edilinceye kadar suc\u0327suz say\u0131l\u0131r.\u201d kural\u0131n\u0131 hat\u0131rlatt\u0131. Kurul, masumiyet karinesi ilkesine uymad\u0131\u011f\u0131 gerek\u00e7esiyle Ma\u011fusa Haber Ajans\u0131\u2019n\u0131 uyard\u0131.<\/p>\n<p>Medya Etik Kurulu\u2019ndan yap\u0131lan a\u00e7\u0131klamada, Mag\u0306usa Haber Ajans\u0131 (MHA) taraf\u0131ndan 22 Eylu\u0308l 2023\u2019te yay\u0131mlanan bir haberle ilgili Kurul\u2019a yap\u0131lan s\u0327ikayet u\u0308zerine gerc\u0327ekles\u0327tirdig\u0306i inceleme sonucunda, MHA\u2019ya ilettig\u0306i deg\u0306erlendirme ve revizyon talebine verilen yan\u0131t\u0131 dikkate alarak bir ac\u0327\u0131klama yapma gereg\u0306i duydu\u011fu kaydedildi. Kurul\u2019un, MHA\u2019ya so\u0308z konusu haberin gazetecilik meslek etig\u0306ine uygun s\u0327ekilde yeniden du\u0308zenlenmesi yo\u0308nu\u0308nde c\u0327ag\u0306r\u0131da bulundu\u011fu, ancak MHA\u2019n\u0131n yan\u0131t\u0131n\u0131n etik deg\u0306erlerle ve gazetecilik meslek ilkeleriyle uyumlu olmad\u0131g\u0306\u0131n\u0131 tespit etti\u011fi ifade edilen a\u00e7\u0131klamada, s\u00f6z konusu olayla ilgili mahkemenin halen devam etti\u011fi ancak mahkeme taraf\u0131ndan suc\u0327lulug\u0306u kan\u0131tlanmam\u0131s\u0327 bireylerin isimlerinin des\u0327ifre edildig\u0306i belirtildi.<\/p>\n<p>A\u00e7\u0131klamada, bu durumun zanl\u0131lar\u0131n kis\u0327ilik haklar\u0131n\u0131 zedeledig\u0306i ifade edilerek \u201cBas\u0131n o\u0308zgu\u0308rlu\u0308g\u0306u\u0308, toplumun bilgiye eris\u0327imini sag\u0306larken, hukukun u\u0308stu\u0308nlu\u0308g\u0306u\u0308 ve temel insan haklar\u0131yla dengelenmelidir. Masumiyet karinesi, yaln\u0131zca Gazetecilik Meslek I\u0307lkeleri\u2019nin bir gereg\u0306i deg\u0306il, ayn\u0131 zamanda anayasal bir hakt\u0131r.\u201d denildi ve Anayasa\u2019n\u0131n 18. maddesindeki ifadelere yer verildi.<\/p>\n<p>A\u00e7\u0131klamada \u015f\u00f6yle denildi:<\/p>\n<p>\u201cMedya Etik Kurulu, yap\u0131lan tu\u0308m uyar\u0131lara rag\u0306men Gazetecilik Meslek I\u0307lkeleri\u2019nin 4. maddesi olan \u2018Bas\u0131n yay\u0131n organlar\u0131 masumiyet karinesine sayg\u0131l\u0131 olmal\u0131, suc\u0327lulug\u0306u yarg\u0131 kararyla sabit olmad\u0131kc\u0327a herhangi bir kis\u0327iyi suc\u0327lu ilan edecek yay\u0131n yapmaktan kac\u0327\u0131nmal\u0131d\u0131r. Yarg\u0131 su\u0308reci devam eden davalarda iddialar ve savunmalar adil ve dengeli bic\u0327imde aktar\u0131lmal\u0131d\u0131r\u2019 maddesine uygun davranmad\u0131g\u0306\u0131 ic\u0327in Mag\u0306usa Haber Ajans\u0131\u2019n\u0131 uyarma karar\u0131 alm\u0131s\u0327t\u0131r.\u201d<\/p>\n<p>Medya Etik Kurulu, son gu\u0308nlerde yapt\u0131klar\u0131 deg\u0306erlendirmelere yo\u0308nelik benzer eles\u0327tiriler almaya bas\u0327lad\u0131klar\u0131n\u0131 go\u0308zlemledi\u011fini belirterek buna y\u00f6nelik de bir de\u011ferlendirmede bulundu.<\/p>\n<p>A\u00e7\u0131klamada, \u201cMedya Etik Kurulu, bag\u0306\u0131ms\u0131z bir denetim mekanizmas\u0131 olup, herhangi bir kis\u0327i, kurum veya medya kurulus\u0327unun c\u0327\u0131karlar\u0131n\u0131 koruma amac\u0131 tas\u0327\u0131mamaktad\u0131r. Kurulumuzun temel go\u0308revi, gazetecilik etik ilkelerinin korunmas\u0131n\u0131 sag\u0306lamak, mesleki sorumluluklar\u0131 hat\u0131rlatmak ve kamuoyunun dog\u0306ru, gu\u0308venilir ve insan haklar\u0131na sayg\u0131l\u0131 habercilig\u0306e eris\u0327imini desteklemektir.\u201d ifadeleri yer ald\u0131.<\/p>\n<\/p><\/div>\n<p><script async\n                    defer\n                    crossorigin=\"anonymous\"\n                    src=\"https:\/\/connect.facebook.net\/tr_TR\/sdk.js#xfbml=1&#038;version=v3.3\"\n            ><\/script><br \/>\n<br \/><br \/>\n<br \/><a href=\"https:\/\/brtk.net\/medya-etik-kurulu-bir-suctan-sanik-herkes-suclulugu-yasaya-uygun-olarak-ispat-edilinceye-kadar-sucsuz-sayilir\/\">Kaynak BRT <\/a><\/p>\n","protected":false},"excerpt":{"rendered":"<p>Medya Etik Kurulu, gazetecilere \u201cBir suc\u0327tan san\u0131k herkes, suc\u0327lulug\u0306u yasaya uygun olarak ispat edilinceye kadar suc\u0327suz say\u0131l\u0131r.\u201d kural\u0131n\u0131 hat\u0131rlatt\u0131. Kurul, masumiyet karinesi ilkesine uymad\u0131\u011f\u0131 gerek\u00e7esiyle Ma\u011fusa Haber Ajans\u0131\u2019n\u0131 uyard\u0131. Medya Etik Kurulu\u2019ndan yap\u0131lan a\u00e7\u0131klamada, Mag\u0306usa Haber Ajans\u0131 (MHA) taraf\u0131ndan 22 Eylu\u0308l 2023\u2019te yay\u0131mlanan bir haberle ilgili Kurul\u2019a yap\u0131lan s\u0327ikayet u\u0308zerine gerc\u0327ekles\u0327tirdig\u0306i inceleme sonucunda, MHA\u2019ya ilettig\u0306i [&hellip;]<\/p>\n","protected":false},"author":908,"featured_media":17472,"comment_status":"open","ping_status":"open","sticky":false,"template":"","format":"standard","meta":{"_jetpack_memberships_contains_paid_content":false,"footnotes":"","jetpack_publicize_message":"","jetpack_publicize_feature_enabled":true,"jetpack_social_post_already_shared":true,"jetpack_social_options":{"image_generator_settings":{"template":"highway","default_image_id":0,"font":"","enabled":false},"version":2}},"categories":[253],"tags":[],"class_list":["post-19287","post","type-post","status-publish","format-standard","has-post-thumbnail","hentry","category-gundem"],"jetpack_publicize_connections":[],"jetpack_featured_media_url":"https:\/\/kibrisayna.com\/wp-content\/uploads\/2025\/02\/medya-etik.jpg","jetpack_sharing_enabled":true,"_links":{"self":[{"href":"https:\/\/kibrisayna.com\/index.php\/wp-json\/wp\/v2\/posts\/19287","targetHints":{"allow":["GET"]}}],"collection":[{"href":"https:\/\/kibrisayna.com\/index.php\/wp-json\/wp\/v2\/posts"}],"about":[{"href":"https:\/\/kibrisayna.com\/index.php\/wp-json\/wp\/v2\/types\/post"}],"author":[{"embeddable":true,"href":"https:\/\/kibrisayna.com\/index.php\/wp-json\/wp\/v2\/users\/908"}],"replies":[{"embeddable":true,"href":"https:\/\/kibrisayna.com\/index.php\/wp-json\/wp\/v2\/comments?post=19287"}],"version-history":[{"count":0,"href":"https:\/\/kibrisayna.com\/index.php\/wp-json\/wp\/v2\/posts\/19287\/revisions"}],"wp:featuredmedia":[{"embeddable":true,"href":"https:\/\/kibrisayna.com\/index.php\/wp-json\/wp\/v2\/media\/17472"}],"wp:attachment":[{"href":"https:\/\/kibrisayna.com\/index.php\/wp-json\/wp\/v2\/media?parent=19287"}],"wp:term":[{"taxonomy":"category","embeddable":true,"href":"https:\/\/kibrisayna.com\/index.php\/wp-json\/wp\/v2\/categories?post=19287"},{"taxonomy":"post_tag","embeddable":true,"href":"https:\/\/kibrisayna.com\/index.php\/wp-json\/wp\/v2\/tags?post=19287"}],"curies":[{"name":"wp","href":"https:\/\/api.w.org\/{rel}","templated":true}]}}