{"id":19217,"date":"2025-03-07T15:27:58","date_gmt":"2025-03-07T12:27:58","guid":{"rendered":"https:\/\/kibrisayna.com\/index.php\/2025\/03\/07\/u14-karmasi-anadolu-sampiyonasinda-brtk\/"},"modified":"2025-03-07T15:27:58","modified_gmt":"2025-03-07T12:27:58","slug":"u14-karmasi-anadolu-sampiyonasinda-brtk","status":"publish","type":"post","link":"https:\/\/kibrisayna.com\/index.php\/2025\/03\/07\/u14-karmasi-anadolu-sampiyonasinda-brtk\/","title":{"rendered":"U14 Karmas\u0131, Anadolu \u015eampiyonas\u0131\u2019nda \u2013 BRTK"},"content":{"rendered":"<p> <br \/>\n<\/p>\n<div>\n<div class=\"mariselle-image-container center\">\n                <img loading=\"lazy\" decoding=\"async\" width=\"1600\" height=\"1064\" class=\"lazy-image\" alt=\"\" sizes=\"auto, (max-width: 1600px) 100vw, 1600px\" src=\"https:\/\/brtk.net\/wp-content\/uploads\/2025\/03\/07\/BASKET.jpeg?ver=5dedfff66d6398a9d9159754e649d994\" srcset=\"https:\/\/brtk.net\/wp-content\/uploads\/2025\/03\/07\/BASKET.jpeg?ver=5dedfff66d6398a9d9159754e649d994 1600w, https:\/\/brtk.net\/wp-content\/uploads\/2025\/03\/07\/BASKET-300x200.jpeg?ver=262f0a65a9b7ee55059ff518b77ec3e3 300w, https:\/\/brtk.net\/wp-content\/uploads\/2025\/03\/07\/BASKET-1024x681.jpeg?ver=262f0a65a9b7ee55059ff518b77ec3e3 1024w, https:\/\/brtk.net\/wp-content\/uploads\/2025\/03\/07\/BASKET-768x511.jpeg?ver=d698caa5039cb3fd344a86da0cf2b20f 768w, https:\/\/brtk.net\/wp-content\/uploads\/2025\/03\/07\/BASKET-1536x1021.jpeg?ver=d698caa5039cb3fd344a86da0cf2b20f 1536w\"\/>                            <\/div>\n<p>T\u00fcrkiye U 14 K\u0131zlar Anadolu \u015eampiyonas\u0131 K\u0131rm\u0131z\u0131 Grup A Grubu\u2019nda yer alacak U14 Karmas\u0131 \u00e7al\u0131\u015fmalar\u0131n\u0131 tamamlad\u0131.<\/p>\n<p>Antren\u00f6r Onat Serin, yard\u0131mc\u0131lar\u0131 \u015eermin Y\u00fccelen ve Aykut Fidansoy\u2019la  \u015fampiyonada yer alacak tak\u0131m 10-14 Mart tarihlerinde Edirne\u2019de olacak. <\/p>\n<p>U14 Karma, A Grubu\u2019nda Galatasaray, Antalya Geli\u015fim ve Bal\u0131kesir ile m\u00fccadele edecek. Tak\u0131m 10 Mart Pazartesi g\u00fcn\u00fc \u00e7\u0131kaca\u011f\u0131 ilk ma\u00e7ta Galatasaray\u2019la kar\u015f\u0131la\u015facak.<\/p>\n<\/p><\/div>\n<p><script async\n                    defer\n                    crossorigin=\"anonymous\"\n                    src=\"https:\/\/connect.facebook.net\/tr_TR\/sdk.js#xfbml=1&#038;version=v3.3\"\n            ><\/script><br \/>\n<br \/><br \/>\n<br \/><a href=\"https:\/\/brtk.net\/u14-karmasi-anadolu-sampiyonasinda\/\">Kaynak BRT <\/a><\/p>\n","protected":false},"excerpt":{"rendered":"<p>T\u00fcrkiye U 14 K\u0131zlar Anadolu \u015eampiyonas\u0131 K\u0131rm\u0131z\u0131 Grup A Grubu\u2019nda yer alacak U14 Karmas\u0131 \u00e7al\u0131\u015fmalar\u0131n\u0131 tamamlad\u0131. Antren\u00f6r Onat Serin, yard\u0131mc\u0131lar\u0131 \u015eermin Y\u00fccelen ve Aykut Fidansoy\u2019la \u015fampiyonada yer alacak tak\u0131m 10-14 Mart tarihlerinde Edirne\u2019de olacak. U14 Karma, A Grubu\u2019nda Galatasaray, Antalya Geli\u015fim ve Bal\u0131kesir ile m\u00fccadele edecek. Tak\u0131m 10 Mart Pazartesi g\u00fcn\u00fc \u00e7\u0131kaca\u011f\u0131 ilk ma\u00e7ta Galatasaray\u2019la [&hellip;]<\/p>\n","protected":false},"author":908,"featured_media":19218,"comment_status":"open","ping_status":"open","sticky":false,"template":"","format":"standard","meta":{"_jetpack_memberships_contains_paid_content":false,"footnotes":"","jetpack_publicize_message":"","jetpack_publicize_feature_enabled":true,"jetpack_social_post_already_shared":true,"jetpack_social_options":{"image_generator_settings":{"template":"highway","default_image_id":0,"font":"","enabled":false},"version":2}},"categories":[9],"tags":[],"class_list":["post-19217","post","type-post","status-publish","format-standard","has-post-thumbnail","hentry","category-spor"],"jetpack_publicize_connections":[],"jetpack_featured_media_url":"https:\/\/kibrisayna.com\/wp-content\/uploads\/2025\/03\/1741350485_BASKET.jpeg","jetpack_sharing_enabled":true,"_links":{"self":[{"href":"https:\/\/kibrisayna.com\/index.php\/wp-json\/wp\/v2\/posts\/19217","targetHints":{"allow":["GET"]}}],"collection":[{"href":"https:\/\/kibrisayna.com\/index.php\/wp-json\/wp\/v2\/posts"}],"about":[{"href":"https:\/\/kibrisayna.com\/index.php\/wp-json\/wp\/v2\/types\/post"}],"author":[{"embeddable":true,"href":"https:\/\/kibrisayna.com\/index.php\/wp-json\/wp\/v2\/users\/908"}],"replies":[{"embeddable":true,"href":"https:\/\/kibrisayna.com\/index.php\/wp-json\/wp\/v2\/comments?post=19217"}],"version-history":[{"count":0,"href":"https:\/\/kibrisayna.com\/index.php\/wp-json\/wp\/v2\/posts\/19217\/revisions"}],"wp:featuredmedia":[{"embeddable":true,"href":"https:\/\/kibrisayna.com\/index.php\/wp-json\/wp\/v2\/media\/19218"}],"wp:attachment":[{"href":"https:\/\/kibrisayna.com\/index.php\/wp-json\/wp\/v2\/media?parent=19217"}],"wp:term":[{"taxonomy":"category","embeddable":true,"href":"https:\/\/kibrisayna.com\/index.php\/wp-json\/wp\/v2\/categories?post=19217"},{"taxonomy":"post_tag","embeddable":true,"href":"https:\/\/kibrisayna.com\/index.php\/wp-json\/wp\/v2\/tags?post=19217"}],"curies":[{"name":"wp","href":"https:\/\/api.w.org\/{rel}","templated":true}]}}