{"id":19211,"date":"2025-03-07T14:50:29","date_gmt":"2025-03-07T11:50:29","guid":{"rendered":"https:\/\/kibrisayna.com\/index.php\/2025\/03\/07\/kei-ofisi-ile-kibris-vakiflar-idaresinin-iftar-yemeklerine-ilgi-yogun-brtk\/"},"modified":"2025-03-07T14:50:29","modified_gmt":"2025-03-07T11:50:29","slug":"kei-ofisi-ile-kibris-vakiflar-idaresinin-iftar-yemeklerine-ilgi-yogun-brtk","status":"publish","type":"post","link":"https:\/\/kibrisayna.com\/index.php\/2025\/03\/07\/kei-ofisi-ile-kibris-vakiflar-idaresinin-iftar-yemeklerine-ilgi-yogun-brtk\/","title":{"rendered":"KE\u0130 Ofisi ile K\u0131br\u0131s Vak\u0131flar \u0130daresi\u2019nin iftar yemeklerine ilgi yo\u011fun \u2013 BRTK"},"content":{"rendered":"<p> <br \/>\n<\/p>\n<div>\n<div class=\"mariselle-image-container center\">\n                <img loading=\"lazy\" decoding=\"async\" width=\"1920\" height=\"1080\" class=\"lazy-image\" alt=\"\" sizes=\"auto, (max-width: 1920px) 100vw, 1920px\" src=\"https:\/\/brtk.net\/wp-content\/uploads\/2025\/03\/07\/10-KEI-IFTAR-CADIRI-LED.jpg?ver=9fe9b7af3ffa087f46862be65d425f87\" srcset=\"https:\/\/brtk.net\/wp-content\/uploads\/2025\/03\/07\/10-KEI-IFTAR-CADIRI-LED.jpg?ver=9fe9b7af3ffa087f46862be65d425f87 1920w, https:\/\/brtk.net\/wp-content\/uploads\/2025\/03\/07\/10-KEI-IFTAR-CADIRI-LED-300x169.jpg?ver=9fe9b7af3ffa087f46862be65d425f87 300w, https:\/\/brtk.net\/wp-content\/uploads\/2025\/03\/07\/10-KEI-IFTAR-CADIRI-LED-1024x576.jpg?ver=d831173743bf491843afb7f02ff8309a 1024w, https:\/\/brtk.net\/wp-content\/uploads\/2025\/03\/07\/10-KEI-IFTAR-CADIRI-LED-768x432.jpg?ver=d831173743bf491843afb7f02ff8309a 768w, https:\/\/brtk.net\/wp-content\/uploads\/2025\/03\/07\/10-KEI-IFTAR-CADIRI-LED-1536x864.jpg?ver=d831173743bf491843afb7f02ff8309a 1536w\"\/>                            <\/div>\n<p>Ezan okunuyor, iftar sofralar\u0131nda sessizlik yerini dualara ve ka\u015f\u0131klardan y\u00fckselen seslere b\u0131rak\u0131yor. <\/p>\n<p>T\u00fcrkiye Cumhuriyeti Lefko\u015fa B\u00fcy\u00fckel\u00e7ili\u011fi KE\u0130 Ofisi ve K\u0131br\u0131s Vak\u0131flar \u0130daresi i\u015f birli\u011fiyle On bir ay\u0131n Sultan\u0131 Ramazan ay\u0131n\u0131n bereketini b\u00fcy\u00fck kitleler taraf\u0131ndan payla\u015f\u0131lmas\u0131 i\u00e7in   farkl\u0131 noktalarda b\u00fcy\u00fck kat\u0131l\u0131mlarla d\u00fczenlenen programlar s\u00fcr\u00fcyor\u2026<br \/>Lefko\u015fa\u2019da Hz. Ebu Bekir Camii\u2019nde kurulan iftar \u00e7ad\u0131r\u0131nda ise iftar saatinin yakla\u015fmas\u0131yla birlikte uzun kuyruklar olu\u015fuyor.<br \/>Yaln\u0131zca bu noktada 500 ki\u015fi iftar \u00e7ad\u0131r\u0131nda bir araya geliyor. Bu manevi atmosferi payla\u015f\u0131yor.<\/p>\n<p>Ramazan ay\u0131n\u0131n ilk g\u00fcn\u00fcnden itibaren ocak ba\u015f\u0131na ge\u00e7en ustalar her ak\u015fam birbirinden leziz men\u00fcler haz\u0131rl\u0131yor.<br \/>\u0130ftar \u00e7ad\u0131r\u0131nda bulu\u015fan gen\u00e7, ya\u015fl\u0131, kad\u0131n, \u00e7ocuk y\u00fczlerce insan ezan\u0131n okunmas\u0131yla iftarlar\u0131n\u0131 a\u00e7man\u0131n mutlulu\u011funu ve maneviyat\u0131n\u0131 payla\u015f\u0131yor\u2026<\/p>\n<p>Hz. Ebu Bekir Camii din g\u00f6revlisi Ali Bardak, ramazan ay\u0131 boyunca ba\u015fta \u00f6\u011frenciler olmak \u00fczere y\u00fczlerce vatanda\u015f\u0131n hem sahur hem de iftar organizasyonlar\u0131nda bir araya geldi\u011fini ifade etti.  <\/p>\n<p>Her ak\u015fam 500 ki\u015filik yemek geldi\u011fini belirten Bardak, ancak yo\u011fun kat\u0131l\u0131m kar\u015f\u0131s\u0131nda yetmedi\u011fini belirtti.<br \/>\u0130brahim \u015e\u00fck\u00fcr\u2019de Her sene Ramazan Ay\u0131\u2019nda kurulan iftar \u00e7ad\u0131r\u0131na geldi\u011fini anlatt\u0131.\u201cRamazan ay\u0131 zaten bir huzur ay\u0131. Burada kalabal\u0131k toplulukla iftar yapmak bize ayr\u0131ca bir hu\u015fu vermekte ve duygular\u0131m\u0131z\u0131 kabartmaktad\u0131r.\u201d Diye konu\u015ftu. T\u00fcrkiye Cumhuriyeti B\u00fcy\u00fckel\u00e7ili\u011fi\u2019ne te\u015fekk\u00fcr etti.<\/p>\n<p>Kuzey K\u0131br\u0131s\u2019ta \u00fcniversite \u00f6\u011frencisi olan Mehmet Y\u0131ld\u0131z ise ailesinden uzak olsa bile evinde gibi hissetti\u011fini belirtiyor. \u201cAnavatan\u0131m\u0131zdan ayr\u0131 bile olsak yavru vatan\u0131m\u0131zda Ramazan Ruhunu s\u0131cakl\u0131\u011f\u0131n\u0131 ya\u015fayabiliyoruz. Allah devletimizden, milletimizden raz\u0131 olsun bize bu olanaklar\u0131 sa\u011flad\u0131klar\u0131 i\u00e7in.\u201d dedi.<\/p>\n<p>Hen\u00fcz 7 bu\u00e7uk ya\u015f\u0131ndaki Liyana Rafizade\u2019 de ramazan ay\u0131n\u0131n birlik ve beraberli\u011fini ailesi ile birlikte kat\u0131ld\u0131\u011f\u0131 iftar sofralar\u0131nda ya\u015fad\u0131\u011f\u0131n\u0131 anlat\u0131yor. Yemekleri \u00e7ok sevdi\u011fini kaydeden minik Linya, \u201cBuras\u0131 g\u00fczel. Ramazan ay\u0131 bana iyi hissettiriyor.\u201d ifadelerini kulland\u0131.<br \/>E\u015fiyle birlikte iftar\u0131n\u0131 a\u00e7an \u00d6mer Elbeyi ise duygular\u0131n\u0131 bu s\u00f6zlerle aktar\u0131yor: \u201c\u00c7ok sa\u011folsunlar, iyi ve g\u00fczel. Bug\u00fcn ilk defa \u00e7ad\u0131ra geliyorum. Allah raz\u0131 olsun yapana ve yapt\u0131rana\u201d<br \/>Han\u0131m Elbeyiise organizasyondan dolay\u0131 \u00e7ok memnun kald\u0131\u011f\u0131n\u0131 kaydederek \u201cAllah\u2019\u0131ma hamdolsun.\u201d diyor.<\/p>\n<p>Lise son s\u0131n\u0131f \u00f6\u011frencisi Belinay A\u00e7\u0131k \u2018da arkada\u015flar\u0131 ile iftar sofras\u0131nda bir araya geldi.\u201c\u00c7ok g\u00fczel bir organizasyon\u2026Eski ramazan sofralar\u0131m\u0131z\u0131 aratm\u0131yor. Ramazan\u0131n maneviyat\u0131n\u0131 hep beraber omuz omuza verdi\u011fimiz  bu sofrada hissediyoruz. \u0130fadelerini kulland\u0131.<\/p>\n<\/p><\/div>\n<p><script async\n                    defer\n                    crossorigin=\"anonymous\"\n                    src=\"https:\/\/connect.facebook.net\/tr_TR\/sdk.js#xfbml=1&#038;version=v3.3\"\n            ><\/script><br \/>\n<br \/><br \/>\n<br \/><a href=\"https:\/\/brtk.net\/kei-ofisi-ile-kibris-vakiflar-idaresinin-iftar-yemeklerine-ilgi-yogun\/\">Kaynak BRT <\/a><\/p>\n","protected":false},"excerpt":{"rendered":"<p>Ezan okunuyor, iftar sofralar\u0131nda sessizlik yerini dualara ve ka\u015f\u0131klardan y\u00fckselen seslere b\u0131rak\u0131yor. T\u00fcrkiye Cumhuriyeti Lefko\u015fa B\u00fcy\u00fckel\u00e7ili\u011fi KE\u0130 Ofisi ve K\u0131br\u0131s Vak\u0131flar \u0130daresi i\u015f birli\u011fiyle On bir ay\u0131n Sultan\u0131 Ramazan ay\u0131n\u0131n bereketini b\u00fcy\u00fck kitleler taraf\u0131ndan payla\u015f\u0131lmas\u0131 i\u00e7in farkl\u0131 noktalarda b\u00fcy\u00fck kat\u0131l\u0131mlarla d\u00fczenlenen programlar s\u00fcr\u00fcyor\u2026Lefko\u015fa\u2019da Hz. Ebu Bekir Camii\u2019nde kurulan iftar \u00e7ad\u0131r\u0131nda ise iftar saatinin yakla\u015fmas\u0131yla birlikte [&hellip;]<\/p>\n","protected":false},"author":908,"featured_media":19212,"comment_status":"open","ping_status":"open","sticky":false,"template":"","format":"standard","meta":{"_jetpack_memberships_contains_paid_content":false,"footnotes":"","jetpack_publicize_message":"","jetpack_publicize_feature_enabled":true,"jetpack_social_post_already_shared":true,"jetpack_social_options":{"image_generator_settings":{"template":"highway","default_image_id":0,"font":"","enabled":false},"version":2}},"categories":[253],"tags":[],"class_list":["post-19211","post","type-post","status-publish","format-standard","has-post-thumbnail","hentry","category-gundem"],"jetpack_publicize_connections":[],"jetpack_featured_media_url":"https:\/\/kibrisayna.com\/wp-content\/uploads\/2025\/03\/10-KEI-IFTAR-CADIRI-LED.jpg","jetpack_sharing_enabled":true,"_links":{"self":[{"href":"https:\/\/kibrisayna.com\/index.php\/wp-json\/wp\/v2\/posts\/19211","targetHints":{"allow":["GET"]}}],"collection":[{"href":"https:\/\/kibrisayna.com\/index.php\/wp-json\/wp\/v2\/posts"}],"about":[{"href":"https:\/\/kibrisayna.com\/index.php\/wp-json\/wp\/v2\/types\/post"}],"author":[{"embeddable":true,"href":"https:\/\/kibrisayna.com\/index.php\/wp-json\/wp\/v2\/users\/908"}],"replies":[{"embeddable":true,"href":"https:\/\/kibrisayna.com\/index.php\/wp-json\/wp\/v2\/comments?post=19211"}],"version-history":[{"count":0,"href":"https:\/\/kibrisayna.com\/index.php\/wp-json\/wp\/v2\/posts\/19211\/revisions"}],"wp:featuredmedia":[{"embeddable":true,"href":"https:\/\/kibrisayna.com\/index.php\/wp-json\/wp\/v2\/media\/19212"}],"wp:attachment":[{"href":"https:\/\/kibrisayna.com\/index.php\/wp-json\/wp\/v2\/media?parent=19211"}],"wp:term":[{"taxonomy":"category","embeddable":true,"href":"https:\/\/kibrisayna.com\/index.php\/wp-json\/wp\/v2\/categories?post=19211"},{"taxonomy":"post_tag","embeddable":true,"href":"https:\/\/kibrisayna.com\/index.php\/wp-json\/wp\/v2\/tags?post=19211"}],"curies":[{"name":"wp","href":"https:\/\/api.w.org\/{rel}","templated":true}]}}