{"id":19207,"date":"2025-03-07T14:41:10","date_gmt":"2025-03-07T11:41:10","guid":{"rendered":"https:\/\/kibrisayna.com\/index.php\/2025\/03\/07\/hayatin-celmelerine-ragmen-hep-ayakta-kalmayi-basaran-bir-kadin-ozgul-kizilbora-brtk\/"},"modified":"2025-03-07T14:41:10","modified_gmt":"2025-03-07T11:41:10","slug":"hayatin-celmelerine-ragmen-hep-ayakta-kalmayi-basaran-bir-kadin-ozgul-kizilbora-brtk","status":"publish","type":"post","link":"https:\/\/kibrisayna.com\/index.php\/2025\/03\/07\/hayatin-celmelerine-ragmen-hep-ayakta-kalmayi-basaran-bir-kadin-ozgul-kizilbora-brtk\/","title":{"rendered":"Hayat\u0131n \u00e7elmelerine ra\u011fmen hep ayakta kalmay\u0131 ba\u015faran bir kad\u0131n: \u00d6zg\u00fcl K\u0131z\u0131lbora \u2013 BRTK"},"content":{"rendered":"<p> <br \/>\n<\/p>\n<div>\n<div class=\"mariselle-image-container center\">\n                <img loading=\"lazy\" decoding=\"async\" width=\"2048\" height=\"1367\" class=\"lazy-image\" alt=\"\" sizes=\"auto, (max-width: 2048px) 100vw, 2048px\" src=\"https:\/\/brtk.net\/wp-content\/uploads\/2025\/03\/07\/1741339917482Ozgul-Kizilbora-ile-roportaj-ERO2.jpg?ver=6f6ac1f95129c3855cebc5307e46bc6c\" srcset=\"https:\/\/brtk.net\/wp-content\/uploads\/2025\/03\/07\/1741339917482Ozgul-Kizilbora-ile-roportaj-ERO2.jpg?ver=6f6ac1f95129c3855cebc5307e46bc6c 2048w, https:\/\/brtk.net\/wp-content\/uploads\/2025\/03\/07\/1741339917482Ozgul-Kizilbora-ile-roportaj-ERO2-300x200.jpg?ver=6f6ac1f95129c3855cebc5307e46bc6c 300w, https:\/\/brtk.net\/wp-content\/uploads\/2025\/03\/07\/1741339917482Ozgul-Kizilbora-ile-roportaj-ERO2-1024x684.jpg?ver=f3abd5c102ea10e5b5b004c588fd42d0 1024w, https:\/\/brtk.net\/wp-content\/uploads\/2025\/03\/07\/1741339917482Ozgul-Kizilbora-ile-roportaj-ERO2-768x513.jpg?ver=f3abd5c102ea10e5b5b004c588fd42d0 768w, https:\/\/brtk.net\/wp-content\/uploads\/2025\/03\/07\/1741339917482Ozgul-Kizilbora-ile-roportaj-ERO2-1536x1025.jpg?ver=07f878df5e85a318fb2eee2d5ecc9da8 1536w\"\/>                            <\/div>\n<p>K\u0131br\u0131s T\u00fcrk halk\u0131n\u0131n m\u00fccadele y\u0131llar\u0131nda, Erenk\u00f6y\u2019de bir ma\u011farada telsiz operat\u00f6r\u00fc olarak \u00e7al\u0131\u015fan \u00d6zg\u00fcl K\u0131z\u0131lbora, hayat\u0131n \u00e7elmelerine ra\u011fmen hep ayakta kalmay\u0131 ba\u015faran ve \u00fcreten bir kad\u0131n\u2026<\/p>\n<p>Hayat\u0131 m\u00fccadelelerle ge\u00e7en \u00d6zg\u00fcl K\u0131z\u0131lbora, T\u00fcrk Ajans\u0131 K\u0131br\u0131s\u2019a (TAK) verdi\u011fi r\u00f6portajda, k\u0131z oldu\u011fu i\u00e7in okutulmamas\u0131n\u0131n ac\u0131s\u0131n\u0131, telsiz operat\u00f6r\u00fc olarak ma\u011farada ge\u00e7en y\u0131llar\u0131n\u0131, atlatt\u0131\u011f\u0131 kanser hastal\u0131klar\u0131n\u0131 ve her \u015feye ra\u011fmen onu hayata ba\u011flayan el sanatlar\u0131n\u0131 anlatt\u0131.<\/p>\n<p>D\u00f6rt \u00e7ocuklu bir ailenin ilk \u00e7ocu\u011fu olarak 1948 y\u0131l\u0131nda Erenk\u00f6y\u2019de do\u011fan K\u0131z\u0131lbora, ailesinin ya\u015fad\u0131\u011f\u0131 mali zorluklar nedeniyle ortaokul \u00fc\u00e7\u00fcnc\u00fc s\u0131n\u0131f\u0131n sonunda ni\u015fanlanarak, okulu b\u0131rakmak zorunda kald\u0131.<\/p>\n<p>\u2013 \u201cOkumak i\u00e7imde bir ukdedir\u201d<\/p>\n<p>\u0130lkokulu Erenk\u00f6y\u2019de okuduktan sonra Lefke\u2019de ortaokula ba\u015flad\u0131\u011f\u0131n\u0131 ancak \u00fc\u00e7 senenin sonunda okula devam edemedi\u011fini anlatan K\u0131z\u0131lbora, \u015f\u00f6yle konu\u015ftu:<\/p>\n<p>\u201cOkumak i\u00e7imde bir ukdedir. Babam okutmad\u0131. \u2018Senden k\u00fc\u00e7\u00fck erkek var, o okusun. Sen bir koca bulacaks\u0131n, sana o bakacak. Ama karde\u015fin aile ge\u00e7indirecek\u2019 dedi. \u00c7ok \u00fcz\u00fcld\u00fcm, \u00e7ok a\u011flad\u0131m. \u00dc\u00e7\u00fcnc\u00fc s\u0131n\u0131f\u0131 bitirdi\u011fim g\u00fcn hi\u00e7 bilmedi\u011fi, hi\u00e7 tan\u0131mad\u0131\u011f\u0131 biriyle ni\u015fanland\u0131m.\u201d<\/p>\n<p>-Kendisi Erenk\u00f6y\u2019de, ni\u015fanl\u0131s\u0131 Lefko\u015fa\u2019da\u2026 D\u00f6rt y\u0131l ayr\u0131 d\u00fc\u015ft\u00fcler<\/p>\n<p>Ni\u015fanl\u0131s\u0131 Naz\u0131m K\u0131z\u0131lbora\u2019yla birka\u00e7 kez g\u00f6r\u00fc\u015fme \u015fanslar\u0131 oldu\u011funu, sonras\u0131nda K\u0131br\u0131sl\u0131 T\u00fcrkler ve Rumlar aras\u0131nda \u00e7\u0131kan 1963 \u00e7at\u0131\u015fmalar\u0131 nedeniyle yollar\u0131n kapand\u0131\u011f\u0131n\u0131 anlatan K\u0131z\u0131lbora, kendisinin Erenk\u00f6y\u2019de ni\u015fanl\u0131s\u0131n\u0131n ise Lefko\u015fa\u2019da kalmas\u0131yla d\u00f6rt y\u0131l ayr\u0131 d\u00fc\u015ft\u00fcklerini s\u00f6yledi.<\/p>\n<p>K\u0131z\u0131lbora o d\u00f6nemde T\u00fcrkiye\u2019den vatan savunmas\u0131 i\u00e7in kendilerine destek olmak amac\u0131yla talebelerin geldi\u011fini an\u0131msatarak, ortam\u0131n sakinle\u015fmesiyle talebelerin adadan ayr\u0131ld\u0131klar\u0131n\u0131 ve kendilerinin g\u00f6revi devrald\u0131klar\u0131n\u0131 kaydetti.<\/p>\n<p>\u2013 \u201c\u0130yi ki telsize d\u00fc\u015ft\u00fcm. \u00c7\u00fcnk\u00fc telsizi hep \u00e7ok sevdim\u201d<\/p>\n<p>Yap\u0131lan g\u00f6rev da\u011f\u0131l\u0131m\u0131nda \u00fc\u00e7 ki\u015fiyle birlikte telsiz g\u00f6revine se\u00e7ildi\u011fini s\u00f6yleyen K\u0131z\u0131lbora, \u201cBeni telsize uygun g\u00f6rd\u00fcler. \u0130yi ki telsize d\u00fc\u015ft\u00fcm. Telsizi hep \u00e7ok sevdim. Telsiz bamba\u015fka bir d\u00fcnyad\u0131r. Biliyorsunuz orada Mors alfabesiyle konu\u015fuluyor. \u015eifrelidir.\u201d dedi.<\/p>\n<p>Mors alfabesini talebelerden bir ayda \u00f6\u011frendiklerini, daha sonra kendilerine telsiz hakk\u0131nda e\u011fitim verildi\u011fini de s\u00f6yleyen K\u0131z\u0131lbora, \u015f\u00f6yle devam etti:<\/p>\n<p>\u201c\u00d6yle yeti\u015fmi\u015f ki\u015filer de\u011fildik. \u00d6nce Mors\u2019u \u00f6\u011frendik. Sonra cihaz\u0131 anlatt\u0131lar. Cihaz da bildi\u011fin cihaz de\u011fil. Eski\u2026 Ma\u011farada cereyan da yok. Yan tarafta ba\u015fka bir ma\u011fara var. Orada cereyan vermesi i\u00e7in bir motor var.\u201d<\/p>\n<p>\u00c7al\u0131\u015fma d\u00fczenlerinin alt\u0131 saate g\u00f6re belirlendi\u011fini ve dinlenirken de ma\u011farada uyuduklar\u0131n\u0131 aktaran K\u0131z\u0131lbora, \u00fc\u00e7 gecede bir izin haklar\u0131 oldu\u011funu ama genellikle alarmda olduklar\u0131 i\u00e7in izinlerini \u00e7o\u011funlukla kullanamad\u0131klar\u0131n\u0131 belirtti.<\/p>\n<p>-\u201cR\u0131za Vuru\u015fkan g\u00fcvencemizdi\u201d<\/p>\n<p>\u00d6zg\u00fcl K\u0131z\u0131lbora, telsiz operat\u00f6rl\u00fc\u011f\u00fc s\u0131ras\u0131nda kendisini en \u00e7ok etkileyen mesaj\u0131n hangisi oldu\u011funu sorusunu yan\u0131tlarken TMT Komutan\u0131 R\u0131za Vuru\u015fkan hakk\u0131nda gelen mesaj\u0131n kendisi i\u00e7in ayr\u0131 bir \u00f6nemi oldu\u011funun alt\u0131n\u0131 \u00e7izdi.<\/p>\n<p>Komutan Vuru\u015fkan\u2019\u0131n ayr\u0131lmas\u0131yla ilgili mesaj\u0131 kendisinin ald\u0131\u011f\u0131n\u0131 ve komutana iletti\u011fini aktaran K\u0131z\u0131lbora, \u201cR\u0131za Vuru\u015fkan g\u00fcvencemizdi. Gidece\u011fi g\u00fcn \u00e7ok \u00fcz\u00fcld\u00fcm ve ilk kez kendimi g\u00fcvende hissetmedim.\u201d dedi.<\/p>\n<p>Erenk\u00f6y\u2019deki o ma\u011farada 1976 y\u0131l\u0131na kadar kald\u0131\u011f\u0131n\u0131 dile getiren K\u0131z\u0131lbora, \u00fclke savunmas\u0131n\u0131n yokluklar i\u00e7inde, \u00e7ok zor \u015fartlarda ge\u00e7ti\u011fini kaydetti.<\/p>\n<p>-\u201c\u00dc\u00e7 g\u00fcn hi\u00e7 yemek yemedi\u011fimi bilirim\u201d<\/p>\n<p>\u201c\u00dc\u00e7 g\u00fcn hi\u00e7 yemek yemedi\u011fimi bilirim\u201d diyen K\u0131z\u0131lbora, \u00e7ok zay\u0131flad\u0131\u011f\u0131n\u0131 ve pantolonun belinden d\u00fc\u015fmemesi i\u00e7in her iki tarafa da iki tane kanca ba\u011flad\u0131\u011f\u0131n\u0131 anlatt\u0131.<\/p>\n<p>\u00d6zg\u00fcl K\u0131z\u0131lbora 1971 y\u0131l\u0131nda o\u011flu Deniz\u2019in d\u00fcnyaya geldi\u011fini ama telsiz g\u00f6revi oldu\u011fu i\u00e7in kendisinin genellikle ma\u011farada kalmas\u0131 gerekti\u011finden ona annesinin bakt\u0131\u011f\u0131n\u0131 ifade etti.<\/p>\n<p>Sava\u015f\u0131n 1974\u2019te bitti\u011fini ancak kendisi ve e\u015finin iki sene daha Erenk\u00f6y\u2019de kald\u0131\u011f\u0131n\u0131 anlatan K\u0131z\u0131lbora, Erenk\u00f6y\u2019den gemiyle \u00f6nce ya\u015fl\u0131lar\u0131n, daha sonra g\u00f6revi olmayanlar\u0131n ayr\u0131ld\u0131\u011f\u0131n\u0131 kaydederek, \u015f\u00f6yle devam etti:<\/p>\n<p>\u201cGe\u00e7i\u015fler denizden yap\u0131ld\u0131\u011f\u0131 i\u00e7in f\u0131rt\u0131na \u00e7\u0131kt\u0131\u011f\u0131 geceler sandal g\u00fcvenli olmuyordu. Bu nedenle ge\u00e7i\u015fler yava\u015f yava\u015f ve havan\u0131n g\u00fczel oldu\u011fu gecelerde yap\u0131labiliyordu. Biz Erenk\u00f6y\u2019den iki y\u0131l sonra 29 Ekim 1976\u2019da ayr\u0131ld\u0131k.\u201d<\/p>\n<p>-Deniz kabuklar\u0131ndan s\u00fcs<\/p>\n<p>Zorlu ge\u00e7en y\u0131llarda hayatlar\u0131ndaki k\u00fc\u00e7\u00fck mutluluklara da de\u011finen K\u0131z\u0131lbora, \u201cBazen ate\u015fkes olurdu. \u0130zinli olurduk. E\u015fimle birlikte deniz kenar\u0131na gider, deniz kabuklar\u0131n\u0131 toplard\u0131k. E\u015fimle kabuklar\u0131 kullanarak masa, \u00e7er\u00e7eve, falan s\u00fcslerdik.\u201d dedi.<\/p>\n<p>Kuzey\u2019e ge\u00e7tikleri zaman ev bulup yerle\u015fmelerinin de kolay olmad\u0131\u011f\u0131n\u0131 Erenk\u00f6yl\u00fcleri Girne\u2019de G\u00fc\u00e7s\u00fczler Yurdu\u2019na yerle\u015ftirdiklerini ve orada bir odada ya\u015faman\u0131n zorluklar\u0131n\u0131 dile getiren K\u0131z\u0131lbora, bir taraftan ev sorununu \u00e7\u00f6zmeye u\u011fra\u015f\u0131rken di\u011fer taraftan da G\u00fcvenlik Kuvvetleri\u2019nde yine telsizci olarak \u00e7al\u0131\u015fma ba\u015flad\u0131\u011f\u0131n\u0131 kaydetti.<\/p>\n<p>-\u201cBunlar\u0131 yapal\u0131m derken ben kanser oldum\u201d<\/p>\n<p>K\u0131z\u0131lbora, Dikmen\u2019de kap\u0131s\u0131 ve e\u015fyas\u0131 olmayan bir eve yerle\u015ftiklerini belirterek, \u201cOrada da \u00e7ok zorluklar ya\u015fad\u0131k. \u2018Yata\u011f\u0131m\u0131z, masam\u0131z, sandalyemiz olsun\u2019 derken yine b\u00fcy\u00fck bir m\u00fccadelenin i\u00e7ine girdik. Bunlar\u0131 yapal\u0131m derken ben kanser oldum.\u201d \u015feklinde konu\u015ftu.<\/p>\n<p>Kanser s\u00fcrecinin m\u00fccadele gerektiren, zor bir s\u00fcre\u00e7 oldu\u011funu dile getiren K\u0131z\u0131lbora, \u201cBen birinciyi atlatt\u0131m ve ikinciye yakaland\u0131\u011f\u0131mda \u015fok oldum. \u0130lkinde tiroit kanseri olmu\u015ftum, ikincide meme kanseri\u2026\u201d ifadesini kulland\u0131.<\/p>\n<p>E\u015fiyle birlikte yine zor bir s\u00fcrece girdiklerini anlatan K\u0131z\u0131lbora, kanserin ki\u015fiyi mali olarak da zorlad\u0131\u011f\u0131n\u0131, ald\u0131klar\u0131 ufak maa\u015fla hem evi ge\u00e7indirmeleri gerekti\u011fi hem tedavi masraflar\u0131n\u0131 kar\u015f\u0131lamalar\u0131n\u0131n zor oldu\u011funu belirtti.<\/p>\n<p>K\u0131z\u0131lbora, \u00e7o\u011fu zaman T\u00fcrkiye\u2019ye tedavi i\u00e7in bor\u00e7lanarak gitti\u011fini anlatarak, \u201c\u00c7ok zor. \u00c7o\u011fu zaman kendim tek ba\u015f\u0131ma gittim. Bir kad\u0131n d\u00fc\u015f\u00fcn\u00fcn, 40 ya\u015f\u0131ndas\u0131n\u0131z, gen\u00e7. E\u015finizle gidemiyorsunuz. \u00c7\u00fcnk\u00fc iki ki\u015fi oldu\u011fun zaman daha fazla para istiyorsun.\u201d dedi.<\/p>\n<p>-El i\u015fleri hayata ba\u011flad\u0131<\/p>\n<p>Ama m\u00fccadelesini hayat\u0131n\u0131n hi\u00e7bir d\u00f6neminde b\u0131rakmayan K\u0131z\u0131lbora, hi\u00e7 vazge\u00e7medi\u011fini, her zaman u\u011fra\u015facak bir i\u015f buldu\u011funu \u201cBu yapt\u0131\u011f\u0131m el i\u015fleri\u2026 Hep bir \u015feyler yapt\u0131m. Sadece deniz kabuklar\u0131 de\u011fil, y\u00fcn i\u015fi i\u015fledim, dantel i\u015fledim, elbise diktim.\u201d s\u00f6zleriyle anlatt\u0131.<\/p>\n<p>-\u201cSonraki seneler daha zor\u2026 Bu sefer de e\u015fim kanser oldu\u201d<\/p>\n<p>Sonraki senelerin daha da zor ge\u00e7ti\u011fini \u00e7\u00fcnk\u00fc bu sefer de e\u015finin kanser oldu\u011funu belirten K\u0131z\u0131lbora, Naz\u0131m Bey\u2019in \u00e7ok nadir g\u00f6r\u00fclen bir kanser t\u00fcr\u00fcne yakaland\u0131\u011f\u0131n\u0131 s\u00f6yledi.<\/p>\n<p>-\u201cBizi galiba bu u\u011fra\u015flar ayakta tuttu\u201d<\/p>\n<p>K\u0131z\u0131lbora, tedavi s\u00fcrecinin zor oldu\u011funu ama hastal\u0131k s\u00fcre\u00e7lerinde bile hep planlar\u0131 oldu\u011funu belirterek, \u015f\u00f6yle konu\u015ftu:<\/p>\n<p>\u201cBazen kontrol i\u00e7in birlikte T\u00fcrkiye\u2019ye giderdik. Biz daha sonra dola\u015f\u0131p, vitrinlere bakard\u0131k. Be\u011fendi\u011fimiz resimlerin foto\u011fraflar\u0131n\u0131 \u00e7ekip, daha sonra ayn\u0131s\u0131n\u0131 el i\u015fleriyle yapmaya \u00e7al\u0131\u015f\u0131rd\u0131k. Her zaman bir plan\u0131m\u0131z vard\u0131. Burada doktora gitmeden \u00f6nce de hep u\u011fra\u015ft\u0131\u011f\u0131m\u0131z bir i\u015f vard\u0131. Buras\u0131n\u0131 da yapal\u0131m ve \u00f6yle gidelim derdik. Yani bizi galiba bu u\u011fra\u015flar ayakta tuttu.\u201d<\/p>\n<p>K\u0131z\u0131lbora, \u015fimdilerde insanlar\u0131n \u00e7ok daha rahat olduklar\u0131n\u0131 s\u00f6yleyerek, \u201cHerkesin mutlaka bir i\u015fle u\u011fra\u015fmas\u0131 \u00f6nemli. Ama resimdir, ama yemektir, nak\u0131\u015ft\u0131r\u2026 Mutlaka bir u\u011fra\u015f\u0131 olsun, bir gayreti olsun. Ben hi\u00e7bir zaman \u00fcmidimi kesmedim.\u201d diyerek tavsiyelerde bulundu.<\/p>\n<p>\u201cDenedim. \u00c7ok \u015f\u00fck\u00fcr. En az\u0131ndan \u015fimdi kimseye ba\u011f\u0131ml\u0131 de\u011filim.\u201d diyen K\u0131z\u0131lbora, bir arkada\u015f\u0131n\u0131n tavsiyesiyle ehliyet de ald\u0131\u011f\u0131n\u0131 ve B\u00fcy\u00fck Han\u2019daki d\u00fckk\u00e2n\u0131na kendi ba\u015f\u0131na gidip geldi\u011fini anlatt\u0131.<\/p>\n<p>En b\u00fcy\u00fck destek\u00e7isi, can yolda\u015f\u0131 e\u015fi Naz\u0131m Bey\u2019i ge\u00e7ti\u011fimiz y\u0131llarda kaybetti\u011fini dile getiren K\u0131z\u0131lbora, \u015fimdilerde 96 ya\u015f\u0131ndaki annesiyle birlikte ya\u015fad\u0131\u011f\u0131n\u0131 s\u00f6yledi.<\/p>\n<p>\u00d6zg\u00fcl K\u0131z\u0131lbora, r\u00f6portaj\u0131n sonunda e\u015fiyle birlikte ba\u015flad\u0131klar\u0131 ancak bitirmeye zamanlar\u0131 olmayan bir el i\u015fi motifini de g\u00f6stererek, \u201cSenelerce dokunamad\u0131m\u2026 Yava\u015f yava\u015f ba\u015flad\u0131m. Baya\u011f\u0131 yol ald\u0131m. Yaparken mutlu olurum.\u201d dedi.<\/p>\n<\/p><\/div>\n<p><script async\n                    defer\n                    crossorigin=\"anonymous\"\n                    src=\"https:\/\/connect.facebook.net\/tr_TR\/sdk.js#xfbml=1&#038;version=v3.3\"\n            ><\/script><br \/>\n<br \/><br \/>\n<br \/><a href=\"https:\/\/brtk.net\/hayatin-celmelerine-ragmen-hep-ayakta-kalmayi-basaran-bir-kadin-ozgul-kizilbora\/\">Kaynak BRT <\/a><\/p>\n","protected":false},"excerpt":{"rendered":"<p>K\u0131br\u0131s T\u00fcrk halk\u0131n\u0131n m\u00fccadele y\u0131llar\u0131nda, Erenk\u00f6y\u2019de bir ma\u011farada telsiz operat\u00f6r\u00fc olarak \u00e7al\u0131\u015fan \u00d6zg\u00fcl K\u0131z\u0131lbora, hayat\u0131n \u00e7elmelerine ra\u011fmen hep ayakta kalmay\u0131 ba\u015faran ve \u00fcreten bir kad\u0131n\u2026 Hayat\u0131 m\u00fccadelelerle ge\u00e7en \u00d6zg\u00fcl K\u0131z\u0131lbora, T\u00fcrk Ajans\u0131 K\u0131br\u0131s\u2019a (TAK) verdi\u011fi r\u00f6portajda, k\u0131z oldu\u011fu i\u00e7in okutulmamas\u0131n\u0131n ac\u0131s\u0131n\u0131, telsiz operat\u00f6r\u00fc olarak ma\u011farada ge\u00e7en y\u0131llar\u0131n\u0131, atlatt\u0131\u011f\u0131 kanser hastal\u0131klar\u0131n\u0131 ve her \u015feye ra\u011fmen onu [&hellip;]<\/p>\n","protected":false},"author":908,"featured_media":19208,"comment_status":"open","ping_status":"open","sticky":false,"template":"","format":"standard","meta":{"_jetpack_memberships_contains_paid_content":false,"footnotes":"","jetpack_publicize_message":"","jetpack_publicize_feature_enabled":true,"jetpack_social_post_already_shared":true,"jetpack_social_options":{"image_generator_settings":{"template":"highway","default_image_id":0,"font":"","enabled":false},"version":2}},"categories":[253],"tags":[],"class_list":["post-19207","post","type-post","status-publish","format-standard","has-post-thumbnail","hentry","category-gundem"],"jetpack_publicize_connections":[],"jetpack_featured_media_url":"https:\/\/kibrisayna.com\/wp-content\/uploads\/2025\/03\/1741339917482Ozgul-Kizilbora-ile-roportaj-ERO2.jpg","jetpack_sharing_enabled":true,"_links":{"self":[{"href":"https:\/\/kibrisayna.com\/index.php\/wp-json\/wp\/v2\/posts\/19207","targetHints":{"allow":["GET"]}}],"collection":[{"href":"https:\/\/kibrisayna.com\/index.php\/wp-json\/wp\/v2\/posts"}],"about":[{"href":"https:\/\/kibrisayna.com\/index.php\/wp-json\/wp\/v2\/types\/post"}],"author":[{"embeddable":true,"href":"https:\/\/kibrisayna.com\/index.php\/wp-json\/wp\/v2\/users\/908"}],"replies":[{"embeddable":true,"href":"https:\/\/kibrisayna.com\/index.php\/wp-json\/wp\/v2\/comments?post=19207"}],"version-history":[{"count":0,"href":"https:\/\/kibrisayna.com\/index.php\/wp-json\/wp\/v2\/posts\/19207\/revisions"}],"wp:featuredmedia":[{"embeddable":true,"href":"https:\/\/kibrisayna.com\/index.php\/wp-json\/wp\/v2\/media\/19208"}],"wp:attachment":[{"href":"https:\/\/kibrisayna.com\/index.php\/wp-json\/wp\/v2\/media?parent=19207"}],"wp:term":[{"taxonomy":"category","embeddable":true,"href":"https:\/\/kibrisayna.com\/index.php\/wp-json\/wp\/v2\/categories?post=19207"},{"taxonomy":"post_tag","embeddable":true,"href":"https:\/\/kibrisayna.com\/index.php\/wp-json\/wp\/v2\/tags?post=19207"}],"curies":[{"name":"wp","href":"https:\/\/api.w.org\/{rel}","templated":true}]}}