{"id":19137,"date":"2025-03-06T19:07:30","date_gmt":"2025-03-06T16:07:30","guid":{"rendered":"https:\/\/kibrisayna.com\/index.php\/2025\/03\/06\/tatar-yarin-ingilterenin-avrupa-ve-kuzey-amerikadan-sorumlu-bakanini-kabul-edecek-brtk\/"},"modified":"2025-03-06T19:07:30","modified_gmt":"2025-03-06T16:07:30","slug":"tatar-yarin-ingilterenin-avrupa-ve-kuzey-amerikadan-sorumlu-bakanini-kabul-edecek-brtk","status":"publish","type":"post","link":"https:\/\/kibrisayna.com\/index.php\/2025\/03\/06\/tatar-yarin-ingilterenin-avrupa-ve-kuzey-amerikadan-sorumlu-bakanini-kabul-edecek-brtk\/","title":{"rendered":"Tatar yar\u0131n \u0130ngiltere\u2019nin Avrupa ve Kuzey Amerika\u2019dan Sorumlu Bakan\u0131\u2019n\u0131 kabul edecek \u2013 BRTK"},"content":{"rendered":"<p> <br \/>\n<\/p>\n<div>\n<div class=\"mariselle-image-container none\">\n                <img loading=\"lazy\" decoding=\"async\" width=\"805\" height=\"400\" class=\"lazy-image\" alt=\"\" sizes=\"auto, (max-width: 805px) 100vw, 805px\" src=\"https:\/\/brtk.net\/wp-content\/uploads\/2025\/01\/16\/CUMHURBASKANLIGI.jpg?ver=9ba365b0f9cc8db8bf131110497c29d5\" srcset=\"https:\/\/brtk.net\/wp-content\/uploads\/2025\/01\/16\/CUMHURBASKANLIGI.jpg?ver=9ba365b0f9cc8db8bf131110497c29d5 805w, https:\/\/brtk.net\/wp-content\/uploads\/2025\/01\/16\/CUMHURBASKANLIGI-300x149.jpg?ver=cd9b03a221a6643e00c4ed3354c28052 300w, https:\/\/brtk.net\/wp-content\/uploads\/2025\/01\/16\/CUMHURBASKANLIGI-768x382.jpg?ver=b3f6bff688948a101ef90b41b62e7cfb 768w\"\/>                            <\/div>\n<p style=\"font-weight: 300 !important;\">Cumhurba\u015fkan\u0131 Ersin Tatar yar\u0131n \u0130ngiltere\u2019nin Avrupa ve Kuzey Amerika\u2019dan Sorumlu Devlet Bakan\u0131 Stephen Doughty\u2019i kabul edecek.<\/p>\n<p style=\"font-weight: 300 !important;\">Cumhurba\u015fkanl\u0131\u011f\u0131\u2019ndan verilen bilgiye g\u00f6re saat 16.15\u2019de ba\u015flayacak toplant\u0131n\u0131n 1 saat s\u00fcrmesi bekleniyor.<\/p>\n<\/div>\n<p><script async\n                    defer\n                    crossorigin=\"anonymous\"\n                    src=\"https:\/\/connect.facebook.net\/tr_TR\/sdk.js#xfbml=1&#038;version=v3.3\"\n            ><\/script><br \/>\n<br \/><br \/>\n<br \/><a href=\"https:\/\/brtk.net\/tatar-yarin-ingilterenin-avrupa-ve-kuzey-amerikadan-sorumlu-bakanini-kabul-edecek\/\">Kaynak BRT <\/a><\/p>\n","protected":false},"excerpt":{"rendered":"<p>Cumhurba\u015fkan\u0131 Ersin Tatar yar\u0131n \u0130ngiltere\u2019nin Avrupa ve Kuzey Amerika\u2019dan Sorumlu Devlet Bakan\u0131 Stephen Doughty\u2019i kabul edecek. Cumhurba\u015fkanl\u0131\u011f\u0131\u2019ndan verilen bilgiye g\u00f6re saat 16.15\u2019de ba\u015flayacak toplant\u0131n\u0131n 1 saat s\u00fcrmesi bekleniyor. Kaynak BRT<\/p>\n","protected":false},"author":908,"featured_media":16678,"comment_status":"open","ping_status":"open","sticky":false,"template":"","format":"standard","meta":{"_jetpack_memberships_contains_paid_content":false,"footnotes":"","jetpack_publicize_message":"","jetpack_publicize_feature_enabled":true,"jetpack_social_post_already_shared":true,"jetpack_social_options":{"image_generator_settings":{"template":"highway","default_image_id":0,"font":"","enabled":false},"version":2}},"categories":[253],"tags":[],"class_list":["post-19137","post","type-post","status-publish","format-standard","has-post-thumbnail","hentry","category-gundem"],"jetpack_publicize_connections":[],"jetpack_featured_media_url":"https:\/\/kibrisayna.com\/wp-content\/uploads\/2025\/01\/CUMHURBASKANLIGI.jpg","jetpack_sharing_enabled":true,"_links":{"self":[{"href":"https:\/\/kibrisayna.com\/index.php\/wp-json\/wp\/v2\/posts\/19137","targetHints":{"allow":["GET"]}}],"collection":[{"href":"https:\/\/kibrisayna.com\/index.php\/wp-json\/wp\/v2\/posts"}],"about":[{"href":"https:\/\/kibrisayna.com\/index.php\/wp-json\/wp\/v2\/types\/post"}],"author":[{"embeddable":true,"href":"https:\/\/kibrisayna.com\/index.php\/wp-json\/wp\/v2\/users\/908"}],"replies":[{"embeddable":true,"href":"https:\/\/kibrisayna.com\/index.php\/wp-json\/wp\/v2\/comments?post=19137"}],"version-history":[{"count":0,"href":"https:\/\/kibrisayna.com\/index.php\/wp-json\/wp\/v2\/posts\/19137\/revisions"}],"wp:featuredmedia":[{"embeddable":true,"href":"https:\/\/kibrisayna.com\/index.php\/wp-json\/wp\/v2\/media\/16678"}],"wp:attachment":[{"href":"https:\/\/kibrisayna.com\/index.php\/wp-json\/wp\/v2\/media?parent=19137"}],"wp:term":[{"taxonomy":"category","embeddable":true,"href":"https:\/\/kibrisayna.com\/index.php\/wp-json\/wp\/v2\/categories?post=19137"},{"taxonomy":"post_tag","embeddable":true,"href":"https:\/\/kibrisayna.com\/index.php\/wp-json\/wp\/v2\/tags?post=19137"}],"curies":[{"name":"wp","href":"https:\/\/api.w.org\/{rel}","templated":true}]}}