{"id":19101,"date":"2025-03-06T14:57:57","date_gmt":"2025-03-06T11:57:57","guid":{"rendered":"https:\/\/kibrisayna.com\/index.php\/2025\/03\/06\/kismirin-davasi-3-nisana-ertelendi-brtk\/"},"modified":"2025-03-06T14:57:57","modified_gmt":"2025-03-06T11:57:57","slug":"kismirin-davasi-3-nisana-ertelendi-brtk","status":"publish","type":"post","link":"https:\/\/kibrisayna.com\/index.php\/2025\/03\/06\/kismirin-davasi-3-nisana-ertelendi-brtk\/","title":{"rendered":"Ki\u015fmir\u2019in davas\u0131 3 Nisan\u2019a ertelendi \u2013 BRTK"},"content":{"rendered":"<p> <br \/>\n<\/p>\n<div>\n<div class=\"mariselle-image-container none\">\n                <img loading=\"lazy\" decoding=\"async\" width=\"758\" height=\"576\" class=\"lazy-image\" alt=\"\" sizes=\"auto, (max-width: 758px) 100vw, 758px\" src=\"https:\/\/brtk.net\/wp-content\/uploads\/2025\/03\/06\/KISMIRDAVA.png?ver=f8467aa880c91d34fd86c30a868b8d41\" srcset=\"https:\/\/brtk.net\/wp-content\/uploads\/2025\/03\/06\/KISMIRDAVA.png?ver=f8467aa880c91d34fd86c30a868b8d41 758w, https:\/\/brtk.net\/wp-content\/uploads\/2025\/03\/06\/KISMIRDAVA-300x228.png?ver=65aa007d56f1adc684cc76a7714eb6cb 300w, https:\/\/brtk.net\/wp-content\/uploads\/2025\/03\/06\/KISMIRDAVA-130x100.png?ver=f462fff247868ba61071e15a79283262 130w\"\/>                            <\/div>\n<p style=\"font-weight: 300;\"><span style=\"font-weight: 300 !important;\">Sosyal medyada yer alan yaz\u0131s\u0131 nedeniyle yarg\u0131lanan Bas\u0131n Emek\u00e7ileri Sendikas\u0131 (Bas\u0131n-Sen) Ba\u015fkan\u0131 Gazeteci, Yazar Ali Ki\u015fmir\u2019in davas\u0131 3 Nisan Per\u015fembe g\u00fcn\u00fcne ertelendi.<\/span><\/p>\n<p style=\"font-weight: 300;\"><span style=\"font-weight: 300 !important;\">Ki\u015fimir\u2019in davas\u0131 Anayasa Mahkemesi\u2019ne havale edilmi\u015fti.<\/span><\/p>\n<p>\u00a0<\/p>\n<p>\u00a0<\/p>\n<\/p><\/div>\n<p><script async\n                    defer\n                    crossorigin=\"anonymous\"\n                    src=\"https:\/\/connect.facebook.net\/tr_TR\/sdk.js#xfbml=1&#038;version=v3.3\"\n            ><\/script><br \/>\n<br \/><br \/>\n<br \/><a href=\"https:\/\/brtk.net\/kismirin-davasi-3-nisana-ertelendi\/\">Kaynak BRT <\/a><\/p>\n","protected":false},"excerpt":{"rendered":"<p>Sosyal medyada yer alan yaz\u0131s\u0131 nedeniyle yarg\u0131lanan Bas\u0131n Emek\u00e7ileri Sendikas\u0131 (Bas\u0131n-Sen) Ba\u015fkan\u0131 Gazeteci, Yazar Ali Ki\u015fmir\u2019in davas\u0131 3 Nisan Per\u015fembe g\u00fcn\u00fcne ertelendi. Ki\u015fimir\u2019in davas\u0131 Anayasa Mahkemesi\u2019ne havale edilmi\u015fti. \u00a0 \u00a0 Kaynak BRT<\/p>\n","protected":false},"author":908,"featured_media":19102,"comment_status":"open","ping_status":"open","sticky":false,"template":"","format":"standard","meta":{"_jetpack_memberships_contains_paid_content":false,"footnotes":"","jetpack_publicize_message":"","jetpack_publicize_feature_enabled":true,"jetpack_social_post_already_shared":true,"jetpack_social_options":{"image_generator_settings":{"template":"highway","default_image_id":0,"font":"","enabled":false},"version":2}},"categories":[253],"tags":[],"class_list":["post-19101","post","type-post","status-publish","format-standard","has-post-thumbnail","hentry","category-gundem"],"jetpack_publicize_connections":[],"jetpack_featured_media_url":"https:\/\/kibrisayna.com\/wp-content\/uploads\/2025\/03\/KISMIRDAVA.png","jetpack_sharing_enabled":true,"_links":{"self":[{"href":"https:\/\/kibrisayna.com\/index.php\/wp-json\/wp\/v2\/posts\/19101","targetHints":{"allow":["GET"]}}],"collection":[{"href":"https:\/\/kibrisayna.com\/index.php\/wp-json\/wp\/v2\/posts"}],"about":[{"href":"https:\/\/kibrisayna.com\/index.php\/wp-json\/wp\/v2\/types\/post"}],"author":[{"embeddable":true,"href":"https:\/\/kibrisayna.com\/index.php\/wp-json\/wp\/v2\/users\/908"}],"replies":[{"embeddable":true,"href":"https:\/\/kibrisayna.com\/index.php\/wp-json\/wp\/v2\/comments?post=19101"}],"version-history":[{"count":0,"href":"https:\/\/kibrisayna.com\/index.php\/wp-json\/wp\/v2\/posts\/19101\/revisions"}],"wp:featuredmedia":[{"embeddable":true,"href":"https:\/\/kibrisayna.com\/index.php\/wp-json\/wp\/v2\/media\/19102"}],"wp:attachment":[{"href":"https:\/\/kibrisayna.com\/index.php\/wp-json\/wp\/v2\/media?parent=19101"}],"wp:term":[{"taxonomy":"category","embeddable":true,"href":"https:\/\/kibrisayna.com\/index.php\/wp-json\/wp\/v2\/categories?post=19101"},{"taxonomy":"post_tag","embeddable":true,"href":"https:\/\/kibrisayna.com\/index.php\/wp-json\/wp\/v2\/tags?post=19101"}],"curies":[{"name":"wp","href":"https:\/\/api.w.org\/{rel}","templated":true}]}}