{"id":18979,"date":"2025-03-04T20:51:53","date_gmt":"2025-03-04T17:51:53","guid":{"rendered":"https:\/\/kibrisayna.com\/index.php\/2025\/03\/04\/esentepede-53-yasindaki-ivan-james-clarke-evinde-olu-bulundu-brtk\/"},"modified":"2025-03-04T20:51:53","modified_gmt":"2025-03-04T17:51:53","slug":"esentepede-53-yasindaki-ivan-james-clarke-evinde-olu-bulundu-brtk","status":"publish","type":"post","link":"https:\/\/kibrisayna.com\/index.php\/2025\/03\/04\/esentepede-53-yasindaki-ivan-james-clarke-evinde-olu-bulundu-brtk\/","title":{"rendered":"Esentepe\u2019de 53 ya\u015f\u0131ndaki Ivan James Clarke evinde \u00f6l\u00fc bulundu \u2013 BRTK"},"content":{"rendered":"<p> <br \/>\n<\/p>\n<div>\n<div class=\"mariselle-image-container center\">\n                <img loading=\"lazy\" decoding=\"async\" width=\"460\" height=\"276\" class=\"lazy-image\" alt=\"\" sizes=\"auto, (max-width: 460px) 100vw, 460px\" src=\"https:\/\/brtk.net\/wp-content\/uploads\/2025\/03\/04\/1741109309463olum.jpg?ver=5395cdaf0ef33620c62c65fbf0bbbcad\" srcset=\"https:\/\/brtk.net\/wp-content\/uploads\/2025\/03\/04\/1741109309463olum.jpg?ver=5395cdaf0ef33620c62c65fbf0bbbcad 460w, https:\/\/brtk.net\/wp-content\/uploads\/2025\/03\/04\/1741109309463olum-300x180.jpg?ver=75497e1b467b54c408bf8592e190dede 300w\"\/>                            <\/div>\n<p>Esentepe\u2019de 53 ya\u015f\u0131ndaki \u015fah\u0131s evinde \u00f6l\u00fc olarak bulundu.<\/p>\n<p>Polis Bas\u0131n Subayl\u0131\u011f\u0131\u2019dan yap\u0131lan a\u00e7\u0131klamada, \u201c4 Mart 2025 tarihinde, saat 15.45 s\u0131ralar\u0131nda, Esentepe\u2019de sakin Ivan James Clarke (E-53) kalmakta oldu\u011fu ikametgah i\u00e7erisinde \u00f6l\u00fc olarak bulunmu\u015ftur. Soru\u015fturma devam etmektedir.\u201d denildi.<\/p>\n<\/p><\/div>\n<p><script async\n                    defer\n                    crossorigin=\"anonymous\"\n                    src=\"https:\/\/connect.facebook.net\/tr_TR\/sdk.js#xfbml=1&#038;version=v3.3\"\n            ><\/script><br \/>\n<br \/><br \/>\n<br \/><a href=\"https:\/\/brtk.net\/esentepede-53-yasindaki-ivan-james-clarke-evinde-olu-bulundu\/\"> <\/a><\/p>\n","protected":false},"excerpt":{"rendered":"<p>Esentepe\u2019de 53 ya\u015f\u0131ndaki \u015fah\u0131s evinde \u00f6l\u00fc olarak bulundu. Polis Bas\u0131n Subayl\u0131\u011f\u0131\u2019dan yap\u0131lan a\u00e7\u0131klamada, \u201c4 Mart 2025 tarihinde, saat 15.45 s\u0131ralar\u0131nda, Esentepe\u2019de sakin Ivan James Clarke (E-53) kalmakta oldu\u011fu ikametgah i\u00e7erisinde \u00f6l\u00fc olarak bulunmu\u015ftur. Soru\u015fturma devam etmektedir.\u201d denildi.<\/p>\n","protected":false},"author":908,"featured_media":18980,"comment_status":"open","ping_status":"open","sticky":false,"template":"","format":"standard","meta":{"_jetpack_memberships_contains_paid_content":false,"footnotes":"","jetpack_publicize_message":"","jetpack_publicize_feature_enabled":true,"jetpack_social_post_already_shared":true,"jetpack_social_options":{"image_generator_settings":{"template":"highway","default_image_id":0,"font":"","enabled":false},"version":2}},"categories":[253,19],"tags":[],"class_list":["post-18979","post","type-post","status-publish","format-standard","has-post-thumbnail","hentry","category-gundem","category-manset"],"jetpack_publicize_connections":[],"jetpack_featured_media_url":"https:\/\/kibrisayna.com\/wp-content\/uploads\/2025\/03\/1741109309463olum.jpg","jetpack_sharing_enabled":true,"_links":{"self":[{"href":"https:\/\/kibrisayna.com\/index.php\/wp-json\/wp\/v2\/posts\/18979","targetHints":{"allow":["GET"]}}],"collection":[{"href":"https:\/\/kibrisayna.com\/index.php\/wp-json\/wp\/v2\/posts"}],"about":[{"href":"https:\/\/kibrisayna.com\/index.php\/wp-json\/wp\/v2\/types\/post"}],"author":[{"embeddable":true,"href":"https:\/\/kibrisayna.com\/index.php\/wp-json\/wp\/v2\/users\/908"}],"replies":[{"embeddable":true,"href":"https:\/\/kibrisayna.com\/index.php\/wp-json\/wp\/v2\/comments?post=18979"}],"version-history":[{"count":0,"href":"https:\/\/kibrisayna.com\/index.php\/wp-json\/wp\/v2\/posts\/18979\/revisions"}],"wp:featuredmedia":[{"embeddable":true,"href":"https:\/\/kibrisayna.com\/index.php\/wp-json\/wp\/v2\/media\/18980"}],"wp:attachment":[{"href":"https:\/\/kibrisayna.com\/index.php\/wp-json\/wp\/v2\/media?parent=18979"}],"wp:term":[{"taxonomy":"category","embeddable":true,"href":"https:\/\/kibrisayna.com\/index.php\/wp-json\/wp\/v2\/categories?post=18979"},{"taxonomy":"post_tag","embeddable":true,"href":"https:\/\/kibrisayna.com\/index.php\/wp-json\/wp\/v2\/tags?post=18979"}],"curies":[{"name":"wp","href":"https:\/\/api.w.org\/{rel}","templated":true}]}}