{"id":18907,"date":"2025-03-04T12:52:51","date_gmt":"2025-03-04T09:52:51","guid":{"rendered":"https:\/\/kibrisayna.com\/index.php\/2025\/03\/04\/sahte-diploma-davasisaniklar-m-b-s-ile-s-gnin-davasi-agir-cezaya-havale-edildi-brtk\/"},"modified":"2025-03-04T12:52:51","modified_gmt":"2025-03-04T09:52:51","slug":"sahte-diploma-davasisaniklar-m-b-s-ile-s-gnin-davasi-agir-cezaya-havale-edildi-brtk","status":"publish","type":"post","link":"https:\/\/kibrisayna.com\/index.php\/2025\/03\/04\/sahte-diploma-davasisaniklar-m-b-s-ile-s-gnin-davasi-agir-cezaya-havale-edildi-brtk\/","title":{"rendered":"\u201cSahte diploma\u201d davasI:San\u0131klar M.B.S ile S.G\u2019nin davas\u0131 a\u011f\u0131r cezaya havale edildi \u2013 BRTK"},"content":{"rendered":"<p> <br \/>\n<\/p>\n<div>\n<div class=\"mariselle-image-container center\">\n                <img loading=\"lazy\" decoding=\"async\" width=\"1052\" height=\"648\" class=\"lazy-image\" alt=\"\" sizes=\"auto, (max-width: 1052px) 100vw, 1052px\" src=\"https:\/\/brtk.net\/wp-content\/uploads\/2025\/03\/04\/174107908462917393499433651738746534075guzelyurt-mahkeme.png?ver=1336f97c6fb92d19d84c01001879d733\" srcset=\"https:\/\/brtk.net\/wp-content\/uploads\/2025\/03\/04\/174107908462917393499433651738746534075guzelyurt-mahkeme.png?ver=1336f97c6fb92d19d84c01001879d733 1052w, https:\/\/brtk.net\/wp-content\/uploads\/2025\/03\/04\/174107908462917393499433651738746534075guzelyurt-mahkeme-300x185.png?ver=5a792bf811aa36c69a0a9e52cf454845 300w, https:\/\/brtk.net\/wp-content\/uploads\/2025\/03\/04\/174107908462917393499433651738746534075guzelyurt-mahkeme-1024x631.png?ver=bebd21ae531b487a474cf642d4b1161f 1024w, https:\/\/brtk.net\/wp-content\/uploads\/2025\/03\/04\/174107908462917393499433651738746534075guzelyurt-mahkeme-768x473.png?ver=80425bef6d603939c820dd49904ac8e8 768w\"\/>                            <\/div>\n<p>\nK\u0131br\u0131s Sa\u011fl\u0131k ve Toplum Bilimleri \u00dcniversitesi\u2019nde (KST\u00dc) ba\u015flat\u0131lan \u201csahte diploma\u201d soru\u015fturmas\u0131 kapsam\u0131nda tutuksuz yarg\u0131lanan d\u00f6nemin Gazima\u011fusa Polis M\u00fcd\u00fcr\u00fc M.B.S. ile okulun genel sekreteri ve hissedarlar\u0131ndan S.G\u2019nin ilk tahkikat duru\u015fmas\u0131nda karar a\u00e7\u0131kland\u0131.<\/p>\n<p>Mahkeme, davan\u0131n 18 Mart\u2019ta oturum yapacak olan Lefko\u015fa A\u011f\u0131r Ceza Mahkemesi\u2019ne havale edilmesine emir verdi.<\/p>\n<p><strong>\u2013 \u0130ki tan\u0131k dinlendi, 24 emare sunuldu<\/strong><\/p>\n<p>G\u00fczelyurt Kaza Mahkemesi Yarg\u0131c\u0131 G\u00fclay U\u011fur huzurunda ger\u00e7ekle\u015fen bug\u00fcnk\u00fc duru\u015fmada, iddia makam\u0131 ad\u0131na mahkemede savc\u0131 Damla G\u00fc\u00e7l\u00fc, san\u0131k avukatlar\u0131 Do\u011fa Zeki ad\u0131na Dilay Zeki ile Mustafa Ulu\u011f haz\u0131r bulundu.<\/p>\n<p>Yarg\u0131\u00e7 U\u011fur, san\u0131klar\u0131n a\u011f\u0131r ceza mahkemesinde yarg\u0131lanmas\u0131 i\u00e7in yeterli \u015fahadetin bulundu\u011funu belirterek, san\u0131klar\u0131n davas\u0131n\u0131n 18 Mart 2025\u2019te oturum yapacak olan Lefko\u015fa A\u011f\u0131r Ceza Mahkemesi\u2019ne havale edilmesine emir verdi.<\/p>\n<p>\u0130ki tan\u0131\u011f\u0131n dinlendi\u011fi ilk tahkikat duru\u015fmas\u0131nda toplam 24 emare sunulmu\u015ftu.<\/p>\n<p>San\u0131k M.B.S. 20 davadan, S.G. ise 14 davadan itham edilmi\u015fti.<\/p>\n<\/p><\/div>\n<p><script async\n                    defer\n                    crossorigin=\"anonymous\"\n                    src=\"https:\/\/connect.facebook.net\/tr_TR\/sdk.js#xfbml=1&#038;version=v3.3\"\n            ><\/script><br \/>\n<br \/><br \/>\n<br \/><a href=\"https:\/\/brtk.net\/sahte-diploma-davasisaniklar-m-b-s-ile-s-gnin-davasi-agir-cezaya-havale-edildi\/\"> <\/a><\/p>\n","protected":false},"excerpt":{"rendered":"<p>K\u0131br\u0131s Sa\u011fl\u0131k ve Toplum Bilimleri \u00dcniversitesi\u2019nde (KST\u00dc) ba\u015flat\u0131lan \u201csahte diploma\u201d soru\u015fturmas\u0131 kapsam\u0131nda tutuksuz yarg\u0131lanan d\u00f6nemin Gazima\u011fusa Polis M\u00fcd\u00fcr\u00fc M.B.S. ile okulun genel sekreteri ve hissedarlar\u0131ndan S.G\u2019nin ilk tahkikat duru\u015fmas\u0131nda karar a\u00e7\u0131kland\u0131. Mahkeme, davan\u0131n 18 Mart\u2019ta oturum yapacak olan Lefko\u015fa A\u011f\u0131r Ceza Mahkemesi\u2019ne havale edilmesine emir verdi. \u2013 \u0130ki tan\u0131k dinlendi, 24 emare sunuldu G\u00fczelyurt Kaza [&hellip;]<\/p>\n","protected":false},"author":908,"featured_media":18908,"comment_status":"open","ping_status":"open","sticky":false,"template":"","format":"standard","meta":{"_jetpack_memberships_contains_paid_content":false,"footnotes":"","jetpack_publicize_message":"","jetpack_publicize_feature_enabled":true,"jetpack_social_post_already_shared":true,"jetpack_social_options":{"image_generator_settings":{"template":"highway","default_image_id":0,"font":"","enabled":false},"version":2}},"categories":[253,19],"tags":[],"class_list":["post-18907","post","type-post","status-publish","format-standard","has-post-thumbnail","hentry","category-gundem","category-manset"],"jetpack_publicize_connections":[],"jetpack_featured_media_url":"https:\/\/kibrisayna.com\/wp-content\/uploads\/2025\/03\/174107908462917393499433651738746534075guzelyurt-mahkeme.png","jetpack_sharing_enabled":true,"_links":{"self":[{"href":"https:\/\/kibrisayna.com\/index.php\/wp-json\/wp\/v2\/posts\/18907","targetHints":{"allow":["GET"]}}],"collection":[{"href":"https:\/\/kibrisayna.com\/index.php\/wp-json\/wp\/v2\/posts"}],"about":[{"href":"https:\/\/kibrisayna.com\/index.php\/wp-json\/wp\/v2\/types\/post"}],"author":[{"embeddable":true,"href":"https:\/\/kibrisayna.com\/index.php\/wp-json\/wp\/v2\/users\/908"}],"replies":[{"embeddable":true,"href":"https:\/\/kibrisayna.com\/index.php\/wp-json\/wp\/v2\/comments?post=18907"}],"version-history":[{"count":0,"href":"https:\/\/kibrisayna.com\/index.php\/wp-json\/wp\/v2\/posts\/18907\/revisions"}],"wp:featuredmedia":[{"embeddable":true,"href":"https:\/\/kibrisayna.com\/index.php\/wp-json\/wp\/v2\/media\/18908"}],"wp:attachment":[{"href":"https:\/\/kibrisayna.com\/index.php\/wp-json\/wp\/v2\/media?parent=18907"}],"wp:term":[{"taxonomy":"category","embeddable":true,"href":"https:\/\/kibrisayna.com\/index.php\/wp-json\/wp\/v2\/categories?post=18907"},{"taxonomy":"post_tag","embeddable":true,"href":"https:\/\/kibrisayna.com\/index.php\/wp-json\/wp\/v2\/tags?post=18907"}],"curies":[{"name":"wp","href":"https:\/\/api.w.org\/{rel}","templated":true}]}}