{"id":18905,"date":"2025-03-04T12:51:38","date_gmt":"2025-03-04T09:51:38","guid":{"rendered":"https:\/\/kibrisayna.com\/index.php\/2025\/03\/04\/dau-sen-ve-ktosten-8-mart-icin-ortak-etkinlikler-brtk\/"},"modified":"2025-03-04T12:51:38","modified_gmt":"2025-03-04T09:51:38","slug":"dau-sen-ve-ktosten-8-mart-icin-ortak-etkinlikler-brtk","status":"publish","type":"post","link":"https:\/\/kibrisayna.com\/index.php\/2025\/03\/04\/dau-sen-ve-ktosten-8-mart-icin-ortak-etkinlikler-brtk\/","title":{"rendered":"DA\u00dc-SEN ve KT\u00d6S\u2019ten 8 Mart \u0130\u00e7in ortak etkinlikler \u2013 BRTK"},"content":{"rendered":"<p> <br \/>\n<\/p>\n<div>\n<div class=\"mariselle-image-container center\">\n                <img loading=\"lazy\" decoding=\"async\" width=\"1350\" height=\"1350\" class=\"lazy-image\" alt=\"\" sizes=\"auto, (max-width: 1350px) 100vw, 1350px\" src=\"https:\/\/brtk.net\/wp-content\/uploads\/2025\/03\/04\/1741076588960KTOS-8-MART-ORTAK-ACIKLAMA-1.jpeg?ver=3c3e3496c1f82cb011c9cdcd41ab7883\" srcset=\"https:\/\/brtk.net\/wp-content\/uploads\/2025\/03\/04\/1741076588960KTOS-8-MART-ORTAK-ACIKLAMA-1.jpeg?ver=3c3e3496c1f82cb011c9cdcd41ab7883 1350w, https:\/\/brtk.net\/wp-content\/uploads\/2025\/03\/04\/1741076588960KTOS-8-MART-ORTAK-ACIKLAMA-1-300x300.jpeg?ver=3c3e3496c1f82cb011c9cdcd41ab7883 300w, https:\/\/brtk.net\/wp-content\/uploads\/2025\/03\/04\/1741076588960KTOS-8-MART-ORTAK-ACIKLAMA-1-1024x1024.jpeg?ver=4dd7d2cd7f3c66cee740ada9f1974a90 1024w, https:\/\/brtk.net\/wp-content\/uploads\/2025\/03\/04\/1741076588960KTOS-8-MART-ORTAK-ACIKLAMA-1-150x150.jpeg?ver=4dd7d2cd7f3c66cee740ada9f1974a90 150w, https:\/\/brtk.net\/wp-content\/uploads\/2025\/03\/04\/1741076588960KTOS-8-MART-ORTAK-ACIKLAMA-1-768x768.jpeg?ver=4dd7d2cd7f3c66cee740ada9f1974a90 768w, https:\/\/brtk.net\/wp-content\/uploads\/2025\/03\/04\/1741076588960KTOS-8-MART-ORTAK-ACIKLAMA-1-800x800.jpeg?ver=606b1ce611923f2205d8667eac29717b 800w\"\/>                            <\/div>\n<p>Do\u011fu Akdeniz \u00dcniversitesi Akademik Personel Sendikas\u0131 (DA\u00dc-SEN) ve K\u0131br\u0131s T\u00fcrk \u00d6\u011fretmenler Sendikas\u0131 (KT\u00d6S), 8 Mart D\u00fcnya Emek\u00e7i Kad\u0131nlar G\u00fcn\u00fc kapsam\u0131nda kad\u0131nlar\u0131n e\u011fitim, siyaset, teknoloji ve sanat alanlar\u0131ndaki m\u00fccadelesine dikkat \u00e7ekmek amac\u0131yla Gazima\u011fusa ve Lefko\u015fa\u2019da \u00e7e\u015fitli etkinlikler d\u00fczenleyecek.<\/p>\n<p>Sendikalardan verilen bilgiye g\u00f6re, panel, s\u00f6yle\u015fi ve sergilerden olu\u015fan etkinlik program\u0131, kad\u0131nlar\u0131n toplumsal ya\u015fam\u0131n her alan\u0131nda daha g\u00f6r\u00fcn\u00fcr olmas\u0131 amac\u0131yla ger\u00e7ekle\u015ftirilecek.<\/p>\n<p>-Kad\u0131nlar\u0131n hik\u00e2yeleri ve deneyimleri okurlarla bulu\u015fuyor<br \/>Etkinlikler, 5 Mart \u00c7ar\u015famba g\u00fcn\u00fc Gazima\u011fusa\u2019da yazar Peray Hilmi Harman\u2019\u0131n, 2009-2025 y\u0131llar\u0131 aras\u0131nda kaleme ald\u0131\u011f\u0131 eserlerini ve yazarl\u0131k ser\u00fcvenini okurlar\u0131yla payla\u015faca\u011f\u0131 s\u00f6yle\u015fi ile ba\u015flayacak. S\u00f6yle\u015fi saat 15.00\u2019te DA\u00dc-SEN Lokali\u2019nde yap\u0131lacak. <\/p>\n<p>6 Mart Per\u015fembe g\u00fcn\u00fc ise Tarihsel Diyalog ve Ara\u015ft\u0131rma Derne\u011fi (AHDR), \u201cA Space of Our Own\u201d adl\u0131 kitab\u0131n tan\u0131t\u0131m\u0131n\u0131 yapacak. Bu etkinlik de DA\u00dc-SEN Lokali\u2019nde saat 16.30 ba\u015flayacak. <\/p>\n<p>\u2013 \u201cTasar\u0131m, E\u011fitim ve Teknolojide Kad\u0131n\u201d paneli\u2026<br \/>7 Mart Cuma g\u00fcn\u00fc ODT\u00dc\u2019den Prof. Dr. Ay\u015fen Sava\u015f moderat\u00f6rl\u00fc\u011f\u00fcnde d\u00fczenlenecek \u201cTasar\u0131m, E\u011fitim ve Teknolojide Kad\u0131n\u201d panelinde, mimarl\u0131k ve e\u011fitim alan\u0131nda kad\u0131nlar\u0131n rol\u00fc tart\u0131\u015f\u0131lacak. DA\u00dc Mimarl\u0131k Fak\u00fcltesinde saat  09.00\u2019da ba\u015flayacak panelde, Prof. Dr. Arzu G\u00f6nen\u00e7 Sorgu\u00e7, Mimar Bengisu Dereba\u015f\u0131 ve Mimar \u0130dil Bilici konu\u015fmac\u0131 olarak yer alacak.<\/p>\n<p>-\u201c\u00d6\u011fretmenler ve Siyaset\u00e7iler: E\u015fitlik \u0130\u00e7in ve Ayr\u0131mc\u0131l\u0131\u011fa Kar\u015f\u0131 M\u00fccadele\u201d paneli\u2026 <\/p>\n<p>7 Mart Cuma g\u00fcn\u00fc \u00f6\u011fleden sonra Lefko\u015fa\u2019da KT\u00d6S ev sahipli\u011finde \u201c\u00d6\u011fretmenler ve Siyaset\u00e7iler: E\u015fitlik \u0130\u00e7in ve Ayr\u0131mc\u0131l\u0131\u011fa Kar\u015f\u0131 M\u00fccadele\u201d paneli d\u00fczenlenecek. <\/p>\n<p>\u0130ki oturum halinde ger\u00e7ekle\u015ftirilecek panelin saat 16.00\u2019da ba\u015flayacak ilk b\u00f6l\u00fcm\u00fcnde, DA\u00dc-SEN Y\u00f6netim Kurulu \u00fcyesi Yrd. Do\u00e7. Dr. Pembe Beh\u00e7eto\u011fullar\u0131\u2019n\u0131n moderat\u00f6rl\u00fc\u011f\u00fcnde E\u011fitim-Sen Kad\u0131n Sekreteri Simge Yard\u0131m ve KT\u00d6S\u2019ten Uzman \u00d6\u011fretmen Yasemin Taneri, e\u011fitimde toplumsal cinsiyet e\u015fitli\u011fi m\u00fccadelesini ele alacak.<\/p>\n<p>Saat 17.00\u2019deki ikinci oturumda ise DA\u00dc-SEN \u00fcyesi Do\u00e7. Dr. Umut Bozkurt\u2019un moderat\u00f6rl\u00fc\u011f\u00fcnde, Cumhuriyet\u00e7i T\u00fcrk Partisi Milletvekili Do\u011fu\u015f Derya ve ba\u011f\u0131ms\u0131z milletvekili Ay\u015feg\u00fcl Baybars, toplumsal cinsiyet e\u015fitli\u011fi politikalar\u0131 \u00fczerine de\u011ferlendirmelerde bulunacak.<\/p>\n<p>\u2013 \u201cHere I Am\u201d sergisi cuma Sa\u00e7akl\u0131 Ev\u2019de\u2026<\/p>\n<p>Etkinlikler, 7 Mart ak\u015fam\u0131nda Lefko\u015fa Sa\u00e7akl\u0131 Ev Sergi Salonu\u2019nda a\u00e7\u0131lacak \u201cHere I Am\u201d sergisiyle sona erecek. Sanatta kad\u0131nlar\u0131n varl\u0131\u011f\u0131n\u0131 ve anlat\u0131lar\u0131n\u0131 g\u00f6r\u00fcn\u00fcr k\u0131lmay\u0131 ama\u00e7layan sergide, Deniz Ko\u00e7, Durusu Uyar, G\u00fclce \u00dcng\u00f6r, Naz \u00d6ztun\u00e7, Leylasu Yerlikaya, Nil Soykara ve Sim Y\u00fccel\u2019in eserleri yer alacak. Etkinlik saat 18.00\u2019de ba\u015flayacak.<\/p>\n<p>-\u201cKad\u0131nlar\u0131n e\u011fitime, siyasete ve sanata kat\u0131l\u0131m\u0131 g\u00fc\u00e7lenmelidir\u201d<br \/>DA\u00dc-SEN ve KT\u00d6S yapt\u0131\u011f\u0131 ortak a\u00e7\u0131klamada, kad\u0131nlar\u0131n e\u011fitim, siyaset, sanat ve bilimde daha fazla yer almas\u0131 gerekti\u011fine vurgu yaparak, d\u00fczenlenen etkinliklerin kad\u0131nlar\u0131n kar\u015f\u0131la\u015ft\u0131klar\u0131 engellere dair fark\u0131ndal\u0131\u011f\u0131 art\u0131rmay\u0131 ama\u00e7lad\u0131\u011f\u0131n\u0131 belirtti.<\/p>\n<\/p><\/div>\n<p><script async\n                    defer\n                    crossorigin=\"anonymous\"\n                    src=\"https:\/\/connect.facebook.net\/tr_TR\/sdk.js#xfbml=1&#038;version=v3.3\"\n            ><\/script><br \/>\n<br \/><br \/>\n<br \/><a href=\"https:\/\/brtk.net\/dau-sen-ve-ktosten-8-mart-icin-ortak-etkinlikler\/\">Kaynak BRT <\/a><\/p>\n","protected":false},"excerpt":{"rendered":"<p>Do\u011fu Akdeniz \u00dcniversitesi Akademik Personel Sendikas\u0131 (DA\u00dc-SEN) ve K\u0131br\u0131s T\u00fcrk \u00d6\u011fretmenler Sendikas\u0131 (KT\u00d6S), 8 Mart D\u00fcnya Emek\u00e7i Kad\u0131nlar G\u00fcn\u00fc kapsam\u0131nda kad\u0131nlar\u0131n e\u011fitim, siyaset, teknoloji ve sanat alanlar\u0131ndaki m\u00fccadelesine dikkat \u00e7ekmek amac\u0131yla Gazima\u011fusa ve Lefko\u015fa\u2019da \u00e7e\u015fitli etkinlikler d\u00fczenleyecek. Sendikalardan verilen bilgiye g\u00f6re, panel, s\u00f6yle\u015fi ve sergilerden olu\u015fan etkinlik program\u0131, kad\u0131nlar\u0131n toplumsal ya\u015fam\u0131n her alan\u0131nda daha g\u00f6r\u00fcn\u00fcr [&hellip;]<\/p>\n","protected":false},"author":908,"featured_media":18906,"comment_status":"open","ping_status":"open","sticky":false,"template":"","format":"standard","meta":{"_jetpack_memberships_contains_paid_content":false,"footnotes":"","jetpack_publicize_message":"","jetpack_publicize_feature_enabled":true,"jetpack_social_post_already_shared":true,"jetpack_social_options":{"image_generator_settings":{"template":"highway","default_image_id":0,"font":"","enabled":false},"version":2}},"categories":[253],"tags":[],"class_list":["post-18905","post","type-post","status-publish","format-standard","has-post-thumbnail","hentry","category-gundem"],"jetpack_publicize_connections":[],"jetpack_featured_media_url":"https:\/\/kibrisayna.com\/wp-content\/uploads\/2025\/03\/1741076588960KTOS-8-MART-ORTAK-ACIKLAMA-1.jpeg","jetpack_sharing_enabled":true,"_links":{"self":[{"href":"https:\/\/kibrisayna.com\/index.php\/wp-json\/wp\/v2\/posts\/18905","targetHints":{"allow":["GET"]}}],"collection":[{"href":"https:\/\/kibrisayna.com\/index.php\/wp-json\/wp\/v2\/posts"}],"about":[{"href":"https:\/\/kibrisayna.com\/index.php\/wp-json\/wp\/v2\/types\/post"}],"author":[{"embeddable":true,"href":"https:\/\/kibrisayna.com\/index.php\/wp-json\/wp\/v2\/users\/908"}],"replies":[{"embeddable":true,"href":"https:\/\/kibrisayna.com\/index.php\/wp-json\/wp\/v2\/comments?post=18905"}],"version-history":[{"count":0,"href":"https:\/\/kibrisayna.com\/index.php\/wp-json\/wp\/v2\/posts\/18905\/revisions"}],"wp:featuredmedia":[{"embeddable":true,"href":"https:\/\/kibrisayna.com\/index.php\/wp-json\/wp\/v2\/media\/18906"}],"wp:attachment":[{"href":"https:\/\/kibrisayna.com\/index.php\/wp-json\/wp\/v2\/media?parent=18905"}],"wp:term":[{"taxonomy":"category","embeddable":true,"href":"https:\/\/kibrisayna.com\/index.php\/wp-json\/wp\/v2\/categories?post=18905"},{"taxonomy":"post_tag","embeddable":true,"href":"https:\/\/kibrisayna.com\/index.php\/wp-json\/wp\/v2\/tags?post=18905"}],"curies":[{"name":"wp","href":"https:\/\/api.w.org\/{rel}","templated":true}]}}