{"id":18903,"date":"2025-03-04T12:38:05","date_gmt":"2025-03-04T09:38:05","guid":{"rendered":"https:\/\/kibrisayna.com\/index.php\/2025\/03\/04\/cumhuriyet-meclisi-toplandi\/"},"modified":"2025-03-04T12:38:05","modified_gmt":"2025-03-04T09:38:05","slug":"cumhuriyet-meclisi-toplandi","status":"publish","type":"post","link":"https:\/\/kibrisayna.com\/index.php\/2025\/03\/04\/cumhuriyet-meclisi-toplandi\/","title":{"rendered":"Cumhuriyet Meclisi topland\u0131"},"content":{"rendered":"<p> <br \/>\n<\/p>\n<div class=\"mariselle-image-container center\">\n                <img width=\"1600\" height=\"1066\" class=\"lazy-image\" alt=\"\" data-src=\"https:\/\/brtk.net\/wp-content\/uploads\/2025\/03\/04\/1741078603345meclis-toplandi.jpg?ver=1ed6b18288deecaaa582aac1c923386b\" data-srcset=\"https:\/\/brtk.net\/wp-content\/uploads\/2025\/03\/04\/1741078603345meclis-toplandi.jpg?ver=1ed6b18288deecaaa582aac1c923386b 1600w, https:\/\/brtk.net\/wp-content\/uploads\/2025\/03\/04\/1741078603345meclis-toplandi-300x200.jpg?ver=02a428cce3ade47c29735944e32c8590 300w, https:\/\/brtk.net\/wp-content\/uploads\/2025\/03\/04\/1741078603345meclis-toplandi-1024x682.jpg?ver=5f402c583a940182d7936bb5fc85292b 1024w, https:\/\/brtk.net\/wp-content\/uploads\/2025\/03\/04\/1741078603345meclis-toplandi-768x512.jpg?ver=5f402c583a940182d7936bb5fc85292b 768w, https:\/\/brtk.net\/wp-content\/uploads\/2025\/03\/04\/1741078603345meclis-toplandi-1536x1023.jpg?ver=4487f1e85db26fe4a00a65d2196af0da 1536w\" \/>                            <\/div>\n<p>Cumhuriyet Meclisi denetim g\u00fcndemiyle topland\u0131.<\/p>\n<p>Meclis Ba\u015fkan\u0131 Ziya \u00d6zt\u00fcrkler ba\u015fkanl\u0131\u011f\u0131ndaki toplant\u0131 saat 11.00\u2019de ba\u015flad\u0131.<\/p>\n<p>Genel Kurul&#8217;un g\u00fcndeminde milletvekillerinin g\u00fcncel konularla ilgili konu\u015fmalar\u0131 var.<\/p>\n<p><br \/>\n<br \/><a href=\"https:\/\/brtk.net\/cumhuriyet-meclisi-toplandi-2\/\">Kaynak BRT <\/a><\/p>\n","protected":false},"excerpt":{"rendered":"<p>Cumhuriyet Meclisi denetim g\u00fcndemiyle topland\u0131. Meclis Ba\u015fkan\u0131 Ziya \u00d6zt\u00fcrkler ba\u015fkanl\u0131\u011f\u0131ndaki toplant\u0131 saat 11.00\u2019de ba\u015flad\u0131. Genel Kurul&#8217;un g\u00fcndeminde milletvekillerinin g\u00fcncel konularla ilgili konu\u015fmalar\u0131 var. Kaynak BRT<\/p>\n","protected":false},"author":908,"featured_media":18904,"comment_status":"open","ping_status":"open","sticky":false,"template":"","format":"standard","meta":{"_jetpack_memberships_contains_paid_content":false,"footnotes":"","jetpack_publicize_message":"","jetpack_publicize_feature_enabled":true,"jetpack_social_post_already_shared":true,"jetpack_social_options":{"image_generator_settings":{"template":"highway","default_image_id":0,"font":"","enabled":false},"version":2}},"categories":[253],"tags":[],"class_list":["post-18903","post","type-post","status-publish","format-standard","has-post-thumbnail","hentry","category-gundem"],"jetpack_publicize_connections":[],"jetpack_featured_media_url":"https:\/\/kibrisayna.com\/wp-content\/uploads\/2025\/03\/1741078603345meclis-toplandi.jpg","jetpack_sharing_enabled":true,"_links":{"self":[{"href":"https:\/\/kibrisayna.com\/index.php\/wp-json\/wp\/v2\/posts\/18903","targetHints":{"allow":["GET"]}}],"collection":[{"href":"https:\/\/kibrisayna.com\/index.php\/wp-json\/wp\/v2\/posts"}],"about":[{"href":"https:\/\/kibrisayna.com\/index.php\/wp-json\/wp\/v2\/types\/post"}],"author":[{"embeddable":true,"href":"https:\/\/kibrisayna.com\/index.php\/wp-json\/wp\/v2\/users\/908"}],"replies":[{"embeddable":true,"href":"https:\/\/kibrisayna.com\/index.php\/wp-json\/wp\/v2\/comments?post=18903"}],"version-history":[{"count":0,"href":"https:\/\/kibrisayna.com\/index.php\/wp-json\/wp\/v2\/posts\/18903\/revisions"}],"wp:featuredmedia":[{"embeddable":true,"href":"https:\/\/kibrisayna.com\/index.php\/wp-json\/wp\/v2\/media\/18904"}],"wp:attachment":[{"href":"https:\/\/kibrisayna.com\/index.php\/wp-json\/wp\/v2\/media?parent=18903"}],"wp:term":[{"taxonomy":"category","embeddable":true,"href":"https:\/\/kibrisayna.com\/index.php\/wp-json\/wp\/v2\/categories?post=18903"},{"taxonomy":"post_tag","embeddable":true,"href":"https:\/\/kibrisayna.com\/index.php\/wp-json\/wp\/v2\/tags?post=18903"}],"curies":[{"name":"wp","href":"https:\/\/api.w.org\/{rel}","templated":true}]}}