{"id":18902,"date":"2025-03-04T12:10:20","date_gmt":"2025-03-04T09:10:20","guid":{"rendered":"https:\/\/kibrisayna.com\/index.php\/2025\/03\/04\/otomobil-ve-hafif-ticari-arac-pazari-daraldi-son-dakika-ekonomi-haberleri\/"},"modified":"2025-03-04T12:10:20","modified_gmt":"2025-03-04T09:10:20","slug":"otomobil-ve-hafif-ticari-arac-pazari-daraldi-son-dakika-ekonomi-haberleri","status":"publish","type":"post","link":"https:\/\/kibrisayna.com\/index.php\/2025\/03\/04\/otomobil-ve-hafif-ticari-arac-pazari-daraldi-son-dakika-ekonomi-haberleri\/","title":{"rendered":"Otomobil ve hafif ticari ara\u00e7 pazar\u0131 darald\u0131 &#8211; Son Dakika Ekonomi Haberleri"},"content":{"rendered":"<p> <br \/>\n<\/p>\n<div>\n<p>T\u00fcrkiye otomobil ve hafif ticari ara\u00e7 pazar\u0131, ocak-\u015fubat d\u00f6neminde \u00f6nceki y\u0131l\u0131n ayn\u0131 d\u00f6nemine g\u00f6re y\u00fczde 14,2 daralarak 159 bin 384 olarak kaydedildi.<\/p>\n<p><a href=\"https:\/\/www.ntv.com.tr\/otomotiv\" target=\"_blank\" rel=\"tag noopener\">Otomotiv<\/a> Distrib\u00fct\u00f6rleri ve Mobilite Derne\u011fi&#8217;nin (ODMD) \u015eubat 2025 verilerine g\u00f6re, otomobil sat\u0131\u015flar\u0131, ocak-\u015fubat d\u00f6neminde ge\u00e7en y\u0131l\u0131n ayn\u0131 d\u00f6nemine g\u00f6re y\u00fczde 9,8 azalarak 131 bin 965, hafif ticari ara\u00e7 sat\u0131\u015flar\u0131 da y\u00fczde 30,4 azal\u0131\u015fla 27 bin 419 olarak ger\u00e7ekle\u015fti.<\/p>\n<p>\u015eubat ay\u0131nda ise otomobil ve hafif ticari ara\u00e7 pazar\u0131 2024 y\u0131l\u0131 \u015fubat ay\u0131nda y\u00fczde 14,4 daralarak 90 bin 730, ayn\u0131 d\u00f6nemde otomobil sat\u0131\u015flar\u0131 \u00f6nceki y\u0131l\u0131n ayn\u0131 ay\u0131na g\u00f6re y\u00fczde 7,6 azalarak 76 bin 21 oldu. Hafif ticari ara\u00e7 pazar\u0131 da y\u00fczde 38 azalarak 14 bin 709 olarak kay\u0131tlara ge\u00e7ti.<\/p>\n<p><strong>EN \u00c7OK SUV TERC\u0130H ED\u0130LD\u0130<\/strong><\/p>\n<p>Pazar\u0131n y\u00fczde 82,6&#8217;s\u0131n\u0131 vergi oranlar\u0131 d\u00fc\u015f\u00fck olan A, B ve C segmentlerindeki ara\u00e7lar olu\u015fturdu. C segmenti otomobiller 74 bin 343 ile y\u00fczde 56,3 pay, B segmenti otomobiller 34 bin 175 ile y\u00fczde 25,9 pay ald\u0131.<\/p>\n<p>G\u00f6vde tiplerine g\u00f6re de\u011ferlendirildi\u011finde ise en \u00e7ok tercih edilen g\u00f6vde tipi y\u00fczde 58,6 pay ve 77 bin 344 sat\u0131\u015fla SUV otomobiller oldu.<\/p>\n<p>SUV otomobilleri, y\u00fczde 24,6 pay ve 32 bin 481 sat\u0131\u015fla sedan, y\u00fczde 16,1 pay ve 21 bin 238 adetle H\/B otomobiller takip etti.<\/p>\n<p>Benzinli otomobil sat\u0131\u015flar\u0131 65 bin 517 ile y\u00fczde 49,6 pay, <a href=\"https:\/\/www.ntv.com.tr\/hibrit-otomobil\" target=\"_blank\" rel=\"tag noopener\">hibrit otomobil<\/a> sat\u0131\u015flar\u0131 37 bin 864 ile y\u00fczde 28,7 pay, elektrikli otomobil sat\u0131\u015flar\u0131 16 bin 698 ile y\u00fczde 12,7 pay, dizel otomobil sat\u0131\u015flar\u0131 11 bin 430 ile y\u00fczde 8,7 pay ve otogazl\u0131 otomobil sat\u0131\u015flar\u0131 456 adetle y\u00fczde 0,3 pay ald\u0131.<\/p>\n<p><strong><a href=\"https:\/\/www.ntv.com.tr\/elektrikli-otomobil\" target=\"_blank\" rel=\"tag noopener\">ELEKTR\u0130KL\u0130 OTOMOB\u0130L<\/a> SATI\u015eLARI ARTTI<\/strong><\/p>\n<p>160 kW alt\u0131ndaki elektrikli otomobil sat\u0131\u015flar\u0131 y\u00fczde 41,1 artarak y\u00fczde 9 paya, 160 kW \u00fcst\u00fc elektrikli otomobil sat\u0131\u015flar\u0131 da y\u00fczde 259,1 artarak y\u00fczde 3,6 paya sahip oldu.<\/p>\n<p>1600cc alt\u0131ndaki otomobil sat\u0131\u015flar\u0131 y\u00fczde 32,8 azalarak y\u00fczde 58 pay, 1600-2000cc aral\u0131\u011f\u0131ndaki otomobil sat\u0131\u015flar\u0131 y\u00fczde 31,9 d\u00fc\u015f\u00fc\u015fle y\u00fczde 0,4 pay al\u0131rken, 2000cc \u00fcst\u00fc otomobil sat\u0131\u015flar\u0131 y\u00fczde 22 artarak y\u00fczde 0,3 pay olarak kaydedildi.<\/p>\n<p>Otomatik \u015fanz\u0131manl\u0131 otomobiller 124 bin 287 ile y\u00fczde 94,2 pay al\u0131rken, manuel \u015fanz\u0131manl\u0131 otomobiller 7 bin 678 adetle y\u00fczde 5,8 paya ula\u015ft\u0131.<\/p>\n<p>Hafif ticari ara\u00e7 pazar\u0131 g\u00f6vde tipine g\u00f6re, van g\u00f6vde tipi y\u00fczde 73,5 pay ve 20 bin 158 adetle en \u00e7ok tercih edilen g\u00f6vde tipi olurken, kamyonet g\u00f6vde tipi y\u00fczde 12,9 pay ve 3 bin 544 adetle ikinci s\u0131rada yer ald\u0131.<\/p>\n<\/div>\n<p><br \/>\n<br \/><a href=\"https:\/\/www.ntv.com.tr\/ntvpara\/otomobil-ve-hafif-ticari-arac-pazari-daraldi,SZYIhvnbIkeUCdlSMEeZ9A\"><\/a><\/p>\n","protected":false},"excerpt":{"rendered":"<p>T\u00fcrkiye otomobil ve hafif ticari ara\u00e7 pazar\u0131, ocak-\u015fubat d\u00f6neminde \u00f6nceki y\u0131l\u0131n ayn\u0131 d\u00f6nemine g\u00f6re y\u00fczde 14,2 daralarak 159 bin 384 olarak kaydedildi. Otomotiv Distrib\u00fct\u00f6rleri ve Mobilite Derne\u011fi&#8217;nin (ODMD) \u015eubat 2025 verilerine g\u00f6re, otomobil sat\u0131\u015flar\u0131, ocak-\u015fubat d\u00f6neminde ge\u00e7en y\u0131l\u0131n ayn\u0131 d\u00f6nemine g\u00f6re y\u00fczde 9,8 azalarak 131 bin 965, hafif ticari ara\u00e7 sat\u0131\u015flar\u0131 da y\u00fczde 30,4 azal\u0131\u015fla [&hellip;]<\/p>\n","protected":false},"author":908,"featured_media":1621,"comment_status":"open","ping_status":"open","sticky":false,"template":"","format":"standard","meta":{"_jetpack_memberships_contains_paid_content":false,"footnotes":"","jetpack_publicize_message":"","jetpack_publicize_feature_enabled":true,"jetpack_social_post_already_shared":true,"jetpack_social_options":{"image_generator_settings":{"template":"highway","default_image_id":0,"font":"","enabled":false},"version":2}},"categories":[13],"tags":[],"class_list":["post-18902","post","type-post","status-publish","format-standard","has-post-thumbnail","hentry","category-otomobil"],"jetpack_publicize_connections":[],"jetpack_featured_media_url":"https:\/\/kibrisayna.com\/wp-content\/uploads\/2024\/08\/fpybr9VSb0-LVG8HNIMKfw.jpg","jetpack_sharing_enabled":true,"_links":{"self":[{"href":"https:\/\/kibrisayna.com\/index.php\/wp-json\/wp\/v2\/posts\/18902","targetHints":{"allow":["GET"]}}],"collection":[{"href":"https:\/\/kibrisayna.com\/index.php\/wp-json\/wp\/v2\/posts"}],"about":[{"href":"https:\/\/kibrisayna.com\/index.php\/wp-json\/wp\/v2\/types\/post"}],"author":[{"embeddable":true,"href":"https:\/\/kibrisayna.com\/index.php\/wp-json\/wp\/v2\/users\/908"}],"replies":[{"embeddable":true,"href":"https:\/\/kibrisayna.com\/index.php\/wp-json\/wp\/v2\/comments?post=18902"}],"version-history":[{"count":0,"href":"https:\/\/kibrisayna.com\/index.php\/wp-json\/wp\/v2\/posts\/18902\/revisions"}],"wp:featuredmedia":[{"embeddable":true,"href":"https:\/\/kibrisayna.com\/index.php\/wp-json\/wp\/v2\/media\/1621"}],"wp:attachment":[{"href":"https:\/\/kibrisayna.com\/index.php\/wp-json\/wp\/v2\/media?parent=18902"}],"wp:term":[{"taxonomy":"category","embeddable":true,"href":"https:\/\/kibrisayna.com\/index.php\/wp-json\/wp\/v2\/categories?post=18902"},{"taxonomy":"post_tag","embeddable":true,"href":"https:\/\/kibrisayna.com\/index.php\/wp-json\/wp\/v2\/tags?post=18902"}],"curies":[{"name":"wp","href":"https:\/\/api.w.org\/{rel}","templated":true}]}}