{"id":18894,"date":"2025-03-04T10:59:31","date_gmt":"2025-03-04T07:59:31","guid":{"rendered":"https:\/\/kibrisayna.com\/index.php\/2025\/03\/04\/gazimagusa-limaninda-grev-brtk\/"},"modified":"2025-03-04T10:59:31","modified_gmt":"2025-03-04T07:59:31","slug":"gazimagusa-limaninda-grev-brtk","status":"publish","type":"post","link":"https:\/\/kibrisayna.com\/index.php\/2025\/03\/04\/gazimagusa-limaninda-grev-brtk\/","title":{"rendered":"Gazima\u011fusa Liman\u0131\u2019nda grev \u2013 BRTK"},"content":{"rendered":"<p> <br \/>\n<\/p>\n<div>\n<div class=\"mariselle-image-container center\">\n                <img loading=\"lazy\" decoding=\"async\" width=\"1600\" height=\"870\" class=\"lazy-image\" alt=\"\" sizes=\"auto, (max-width: 1600px) 100vw, 1600px\" src=\"https:\/\/brtk.net\/wp-content\/uploads\/2025\/03\/04\/81ab6441-1ff3-4c0a-96c3-dbd244c99a1b.jpg?ver=2e558f7fdf71222990809186b071bc3d\" srcset=\"https:\/\/brtk.net\/wp-content\/uploads\/2025\/03\/04\/81ab6441-1ff3-4c0a-96c3-dbd244c99a1b.jpg?ver=2e558f7fdf71222990809186b071bc3d 1600w, https:\/\/brtk.net\/wp-content\/uploads\/2025\/03\/04\/81ab6441-1ff3-4c0a-96c3-dbd244c99a1b-300x163.jpg?ver=1b5704bf05dce16373ae9d43ce90b021 300w, https:\/\/brtk.net\/wp-content\/uploads\/2025\/03\/04\/81ab6441-1ff3-4c0a-96c3-dbd244c99a1b-1024x557.jpg?ver=1b5704bf05dce16373ae9d43ce90b021 1024w, https:\/\/brtk.net\/wp-content\/uploads\/2025\/03\/04\/81ab6441-1ff3-4c0a-96c3-dbd244c99a1b-768x418.jpg?ver=1b5704bf05dce16373ae9d43ce90b021 768w, https:\/\/brtk.net\/wp-content\/uploads\/2025\/03\/04\/81ab6441-1ff3-4c0a-96c3-dbd244c99a1b-1536x835.jpg?ver=522b5c8cb8b792c8858e991312f36625 1536w\"\/>                            <\/div>\n<p>Gazima\u011fusa Liman\u0131\u2019nda \u00f6rg\u00fctl\u00fc bulunan Liman-Sen sorunlar\u0131na \u00e7\u00f6z\u00fcm bulunmad\u0131\u011f\u0131 gerek\u00e7esiyle bug\u00fcnden itibaren s\u00fcresiz grev ba\u015flatt\u0131.<\/p>\n<p>H\u00fcr-\u0130\u015f Federasyonu Genel Sekreteri Ali Yeltekin Liman-Sen \u00e7al\u0131\u015fanlar\u0131n\u0131n sa\u011fl\u0131ks\u0131z ko\u015fullar ve \u00fccretlerini almama gibi konularda kar\u015f\u0131la\u015ft\u0131klar\u0131 sorunlar nedeniyle uyar\u0131 grevine gittiklerini belirtti\u2026 <\/p>\n<p>\u00c7al\u0131\u015fanlar\u0131n \u00f6zl\u00fck ve sosyal haklar\u0131n\u0131 geli\u015ftiren, i\u015f sa\u011fl\u0131\u011f\u0131 ve g\u00fcvenli\u011fini i\u00e7eren s\u00f6zle\u015fmeye yetkililerin uymad\u0131\u011f\u0131n\u0131 savunan Yeltekin, yetkililerin kendilerini kulak vermesini ve sorunlara bir an \u00f6nce \u00e7\u00f6z\u00fcm bulmas\u0131n\u0131 talep etti\u2026<\/p>\n<p>Serbest Liman B\u00f6lge M\u00fcd\u00fcr\u00fc ve K\u0131br\u0131s T\u00fcrk Liman \u0130\u015f\u00e7ileri \u015eirketi Tasfiye Memuru Hasan Curcio\u011flu da limanda faaliyetlerin durmas\u0131n\u0131n \u00fclke ticaretinin durmas\u0131 demek oldu\u011funa vurgu yapt\u0131.<\/p>\n<\/p><\/div>\n<p><script async\n                    defer\n                    crossorigin=\"anonymous\"\n                    src=\"https:\/\/connect.facebook.net\/tr_TR\/sdk.js#xfbml=1&#038;version=v3.3\"\n            ><\/script><br \/>\n<br \/><br \/>\n<br \/><a href=\"https:\/\/brtk.net\/gazimagusa-limaninda-grev\/\">Kaynak BRT <\/a><\/p>\n","protected":false},"excerpt":{"rendered":"<p>Gazima\u011fusa Liman\u0131\u2019nda \u00f6rg\u00fctl\u00fc bulunan Liman-Sen sorunlar\u0131na \u00e7\u00f6z\u00fcm bulunmad\u0131\u011f\u0131 gerek\u00e7esiyle bug\u00fcnden itibaren s\u00fcresiz grev ba\u015flatt\u0131. H\u00fcr-\u0130\u015f Federasyonu Genel Sekreteri Ali Yeltekin Liman-Sen \u00e7al\u0131\u015fanlar\u0131n\u0131n sa\u011fl\u0131ks\u0131z ko\u015fullar ve \u00fccretlerini almama gibi konularda kar\u015f\u0131la\u015ft\u0131klar\u0131 sorunlar nedeniyle uyar\u0131 grevine gittiklerini belirtti\u2026 \u00c7al\u0131\u015fanlar\u0131n \u00f6zl\u00fck ve sosyal haklar\u0131n\u0131 geli\u015ftiren, i\u015f sa\u011fl\u0131\u011f\u0131 ve g\u00fcvenli\u011fini i\u00e7eren s\u00f6zle\u015fmeye yetkililerin uymad\u0131\u011f\u0131n\u0131 savunan Yeltekin, yetkililerin kendilerini kulak [&hellip;]<\/p>\n","protected":false},"author":908,"featured_media":18895,"comment_status":"open","ping_status":"open","sticky":false,"template":"","format":"standard","meta":{"_jetpack_memberships_contains_paid_content":false,"footnotes":"","jetpack_publicize_message":"","jetpack_publicize_feature_enabled":true,"jetpack_social_post_already_shared":true,"jetpack_social_options":{"image_generator_settings":{"template":"highway","default_image_id":0,"font":"","enabled":false},"version":2}},"categories":[253],"tags":[],"class_list":["post-18894","post","type-post","status-publish","format-standard","has-post-thumbnail","hentry","category-gundem"],"jetpack_publicize_connections":[],"jetpack_featured_media_url":"https:\/\/kibrisayna.com\/wp-content\/uploads\/2025\/03\/81ab6441-1ff3-4c0a-96c3-dbd244c99a1b.jpg","jetpack_sharing_enabled":true,"_links":{"self":[{"href":"https:\/\/kibrisayna.com\/index.php\/wp-json\/wp\/v2\/posts\/18894","targetHints":{"allow":["GET"]}}],"collection":[{"href":"https:\/\/kibrisayna.com\/index.php\/wp-json\/wp\/v2\/posts"}],"about":[{"href":"https:\/\/kibrisayna.com\/index.php\/wp-json\/wp\/v2\/types\/post"}],"author":[{"embeddable":true,"href":"https:\/\/kibrisayna.com\/index.php\/wp-json\/wp\/v2\/users\/908"}],"replies":[{"embeddable":true,"href":"https:\/\/kibrisayna.com\/index.php\/wp-json\/wp\/v2\/comments?post=18894"}],"version-history":[{"count":0,"href":"https:\/\/kibrisayna.com\/index.php\/wp-json\/wp\/v2\/posts\/18894\/revisions"}],"wp:featuredmedia":[{"embeddable":true,"href":"https:\/\/kibrisayna.com\/index.php\/wp-json\/wp\/v2\/media\/18895"}],"wp:attachment":[{"href":"https:\/\/kibrisayna.com\/index.php\/wp-json\/wp\/v2\/media?parent=18894"}],"wp:term":[{"taxonomy":"category","embeddable":true,"href":"https:\/\/kibrisayna.com\/index.php\/wp-json\/wp\/v2\/categories?post=18894"},{"taxonomy":"post_tag","embeddable":true,"href":"https:\/\/kibrisayna.com\/index.php\/wp-json\/wp\/v2\/tags?post=18894"}],"curies":[{"name":"wp","href":"https:\/\/api.w.org\/{rel}","templated":true}]}}