{"id":18878,"date":"2025-03-04T08:40:19","date_gmt":"2025-03-04T05:40:19","guid":{"rendered":"https:\/\/kibrisayna.com\/index.php\/2025\/03\/04\/2050ye-kadar-dunya-nufusunun-yarisindan-fazlasi-obez-olabilir-brtk\/"},"modified":"2025-03-04T08:40:19","modified_gmt":"2025-03-04T05:40:19","slug":"2050ye-kadar-dunya-nufusunun-yarisindan-fazlasi-obez-olabilir-brtk","status":"publish","type":"post","link":"https:\/\/kibrisayna.com\/index.php\/2025\/03\/04\/2050ye-kadar-dunya-nufusunun-yarisindan-fazlasi-obez-olabilir-brtk\/","title":{"rendered":"2050\u2019ye kadar d\u00fcnya n\u00fcfusunun yar\u0131s\u0131ndan fazlas\u0131 obez olabilir \u2013 BRTK"},"content":{"rendered":"<p> <br \/>\n<\/p>\n<div>\n<div class=\"mariselle-image-container center\">\n                <img loading=\"lazy\" decoding=\"async\" width=\"1440\" height=\"810\" class=\"lazy-image\" alt=\"\" sizes=\"auto, (max-width: 1440px) 100vw, 1440px\" src=\"https:\/\/brtk.net\/wp-content\/uploads\/2025\/03\/04\/obezzzz.webp?ver=b570d408c299c2e3f1695ff83dad0c8f\" srcset=\"https:\/\/brtk.net\/wp-content\/uploads\/2025\/03\/04\/obezzzz.webp?ver=b570d408c299c2e3f1695ff83dad0c8f 1440w, https:\/\/brtk.net\/wp-content\/uploads\/2025\/03\/04\/obezzzz-300x169.webp?ver=f97f24880021a318605bb8fa17b930b1 300w, https:\/\/brtk.net\/wp-content\/uploads\/2025\/03\/04\/obezzzz-1024x576.webp?ver=f97f24880021a318605bb8fa17b930b1 1024w, https:\/\/brtk.net\/wp-content\/uploads\/2025\/03\/04\/obezzzz-768x432.webp?ver=f97f24880021a318605bb8fa17b930b1 768w\"\/>                            <\/div>\n<p>Lancet dergisinde yay\u0131mlanan bir ara\u015ft\u0131rmaya g\u00f6re, 2050 y\u0131l\u0131na kadar d\u00fcnya genelinde yeti\u015fkinlerin yar\u0131s\u0131ndan fazlas\u0131 ve \u00e7ocuklar\u0131n \u00fc\u00e7te biri obez veya fazla kilolu olabilir. Bu durum, erken \u00f6l\u00fcm riskini art\u0131rarak sa\u011fl\u0131k sistemleri \u00fczerinde b\u00fcy\u00fck bir y\u00fck olu\u015fturabilir.<\/p>\n<p>Ara\u015ft\u0131rmada, son 30 y\u0131lda k\u00fcresel obezite krizine kar\u015f\u0131 yetersiz \u00f6nlemler al\u0131nmas\u0131n\u0131n, etkilenen ki\u015fi say\u0131s\u0131nda dramatik bir art\u0131\u015fa neden oldu\u011fu belirtildi. \u015eu anda 25 ya\u015f ve \u00fczerindeki 2,11 milyar yeti\u015fkin ile 5 ila 24 ya\u015f aras\u0131ndaki 493 milyon \u00e7ocuk ve gen\u00e7 fazla kilolu veya obez. Bu rakamlar 1990\u2019da s\u0131ras\u0131yla 731 milyon ve 198 milyondu.<\/p>\n<p><strong>Tahminler endi\u015fe verici<\/strong><br \/>Acil politika reformlar\u0131 ve m\u00fcdahaleler olmazsa, 2050 y\u0131l\u0131na kadar 25 ya\u015f ve \u00fczeri bireylerin y\u00fczde 50\u2019sinden fazlas\u0131n\u0131n (3,8 milyar ki\u015fi) ve \u00e7ocuklar\u0131n \u00fc\u00e7te birinin (746 milyon) obez veya fazla kilolu olmas\u0131 bekleniyor. \u00d6zellikle \u00e7ocuk ve gen\u00e7lerdeki obezite oran\u0131n\u0131n y\u00fczde 121 artaca\u011f\u0131 tahmin ediliyor. 2050 y\u0131l\u0131na kadar 360 milyon \u00e7ocu\u011fun obez olaca\u011f\u0131 \u00f6ng\u00f6r\u00fcl\u00fcyor.<\/p>\n<p>Obezite, d\u00fcnya genelinde e\u015fit da\u011f\u0131lm\u0131yor. Yeti\u015fkin obezite vakalar\u0131n\u0131n yar\u0131s\u0131ndan fazlas\u0131 sekiz \u00fclkede yo\u011funla\u015f\u0131yor: \u00c7in (402 milyon), Hindistan (180 milyon), ABD (172 milyon), Brezilya (88 milyon), Rusya (71 milyon), Meksika (58 milyon), Endonezya (52 milyon) ve M\u0131s\u0131r (41 milyon). 2050 y\u0131l\u0131na kadar obez \u00e7ocuk ve gen\u00e7lerin \u00fc\u00e7te birinin (130 milyon) Kuzey Afrika, Orta Do\u011fu, Latin Amerika ve Karayipler\u2019de olaca\u011f\u0131 tahmin ediliyor.<\/p>\n<p><strong>Erken ya\u015fta obezite ve sa\u011fl\u0131k \u00fczerindeki etkileri<\/strong><br \/>Ara\u015ft\u0131rmac\u0131lar, g\u00fcn\u00fcm\u00fczde \u00e7ocuklar\u0131n \u00f6nceki nesillere g\u00f6re daha h\u0131zl\u0131 kilo ald\u0131\u011f\u0131n\u0131 ve obezitenin daha erken ya\u015flarda ortaya \u00e7\u0131kt\u0131\u011f\u0131n\u0131 belirtiyor. Bu durum, tip 2 diyabet, y\u00fcksek tansiyon, kalp hastal\u0131klar\u0131 ve kansere yakalanma riskini art\u0131r\u0131yor.<\/p>\n<p>\u00d6rne\u011fin, y\u00fcksek gelirli \u00fclkelerde 1960\u2019larda do\u011fan erkeklerin y\u00fczde 7\u2019si 25 ya\u015f\u0131na geldi\u011finde obezdi. 1990\u2019larda do\u011fanlarda bu oran y\u00fczde 16\u2019ya y\u00fckseldi, 2015 do\u011fumlular i\u00e7in ise y\u00fczde 25\u2019e ula\u015fmas\u0131 bekleniyor.<\/p>\n<p><strong>Ya\u015fl\u0131 n\u00fcfusta obezite ve sa\u011fl\u0131k sistemine etkisi<\/strong><br \/>2050 y\u0131l\u0131na kadar obez yeti\u015fkinlerin neredeyse d\u00f6rtte birinin 65 ya\u015f ve \u00fczerinde olmas\u0131 bekleniyor. Bu durum, halihaz\u0131rda zorlanan sa\u011fl\u0131k sistemlerini daha da bask\u0131 alt\u0131na alabilir. D\u00fc\u015f\u00fck gelirli \u00fclkeler, obezitenin sa\u011fl\u0131k ve ekonomik etkilerini y\u00f6netmede daha b\u00fcy\u00fck zorluklarla kar\u015f\u0131 kar\u015f\u0131ya kalabilir.<\/p>\n<p><strong>K\u00fcresel sa\u011fl\u0131k politikalar\u0131nda de\u011fi\u015fim gerekiyor<\/strong><br \/>D\u00fcnya Obezite Federasyonu taraf\u0131ndan yay\u0131mlanan ikinci bir rapor, \u00f6zellikle d\u00fc\u015f\u00fck gelirli \u00fclkelerde obezitenin etkilerine dikkat \u00e7ekti. Raporda, obeziteye ba\u011fl\u0131 erken \u00f6l\u00fcmlerin b\u00fcy\u00fck k\u0131sm\u0131n\u0131n d\u00fc\u015f\u00fck ve orta gelirli \u00fclkelerde ger\u00e7ekle\u015fti\u011fi, bu \u00fclkelerde tedavi imkanlar\u0131n\u0131n yetersiz oldu\u011fu vurguland\u0131.<\/p>\n<p>D\u00fcnya Obezite Forumu Ba\u015fkan\u0131 Johanna Ralston, \u201cObezitenin sa\u011fl\u0131k, ekonomi ve toplum \u00fczerindeki etkileri \u00e7ok b\u00fcy\u00fck. D\u00fc\u015f\u00fck gelirli \u00fclkeler bu sorunu \u00e7\u00f6zmekte daha b\u00fcy\u00fck zorluklarla kar\u015f\u0131la\u015facak\u201d dedi.<\/p>\n<p><strong>\u00d6nleyici tedbirler hayati \u00f6nem ta\u015f\u0131yor<\/strong><br \/>Ara\u015ft\u0131rman\u0131n yazarlar\u0131, en iyi mevcut verileri kullanmalar\u0131na ra\u011fmen tahminlerin \u00f6nceki verilerin miktar ve kalitesiyle s\u0131n\u0131rl\u0131 oldu\u011funu belirtti. Ayr\u0131ca, kilo verme ila\u00e7lar\u0131 gibi yeni geli\u015fmelerin potansiyel etkilerinin ara\u015ft\u0131rmada dikkate al\u0131nmad\u0131\u011f\u0131n\u0131 eklediler.<\/p>\n<p>Kopenhag \u00dcniversitesi\u2019nden Prof. Thorkild S\u00f8rensen ise, \u201cObezite krizi o kadar b\u00fcy\u00fck bir boyuta ula\u015ft\u0131 ki, d\u00fcnya \u00e7ap\u0131nda kamu sa\u011fl\u0131\u011f\u0131 politikalar\u0131nda k\u00f6kl\u00fc de\u011fi\u015fimler yap\u0131lmas\u0131 gerekiyor\u201d dedi.<\/p>\n<\/p><\/div>\n<p><script async\n                    defer\n                    crossorigin=\"anonymous\"\n                    src=\"https:\/\/connect.facebook.net\/tr_TR\/sdk.js#xfbml=1&#038;version=v3.3\"\n            ><\/script><br \/>\n<br \/><br \/>\n<br \/><a href=\"https:\/\/brtk.net\/2050ye-kadar-dunya-nufusunun-yarisindan-fazlasi-obez-olabilir\/\"><\/a><\/p>\n","protected":false},"excerpt":{"rendered":"<p>Lancet dergisinde yay\u0131mlanan bir ara\u015ft\u0131rmaya g\u00f6re, 2050 y\u0131l\u0131na kadar d\u00fcnya genelinde yeti\u015fkinlerin yar\u0131s\u0131ndan fazlas\u0131 ve \u00e7ocuklar\u0131n \u00fc\u00e7te biri obez veya fazla kilolu olabilir. Bu durum, erken \u00f6l\u00fcm riskini art\u0131rarak sa\u011fl\u0131k sistemleri \u00fczerinde b\u00fcy\u00fck bir y\u00fck olu\u015fturabilir. Ara\u015ft\u0131rmada, son 30 y\u0131lda k\u00fcresel obezite krizine kar\u015f\u0131 yetersiz \u00f6nlemler al\u0131nmas\u0131n\u0131n, etkilenen ki\u015fi say\u0131s\u0131nda dramatik bir art\u0131\u015fa neden oldu\u011fu [&hellip;]<\/p>\n","protected":false},"author":908,"featured_media":18879,"comment_status":"open","ping_status":"open","sticky":false,"template":"","format":"standard","meta":{"_jetpack_memberships_contains_paid_content":false,"footnotes":"","jetpack_publicize_message":"","jetpack_publicize_feature_enabled":true,"jetpack_social_post_already_shared":true,"jetpack_social_options":{"image_generator_settings":{"template":"highway","default_image_id":0,"font":"","enabled":false},"version":2}},"categories":[1],"tags":[],"class_list":["post-18878","post","type-post","status-publish","format-standard","has-post-thumbnail","hentry","category-saglik"],"jetpack_publicize_connections":[],"jetpack_featured_media_url":"https:\/\/kibrisayna.com\/wp-content\/uploads\/2025\/03\/obezzzz.webp","jetpack_sharing_enabled":true,"_links":{"self":[{"href":"https:\/\/kibrisayna.com\/index.php\/wp-json\/wp\/v2\/posts\/18878","targetHints":{"allow":["GET"]}}],"collection":[{"href":"https:\/\/kibrisayna.com\/index.php\/wp-json\/wp\/v2\/posts"}],"about":[{"href":"https:\/\/kibrisayna.com\/index.php\/wp-json\/wp\/v2\/types\/post"}],"author":[{"embeddable":true,"href":"https:\/\/kibrisayna.com\/index.php\/wp-json\/wp\/v2\/users\/908"}],"replies":[{"embeddable":true,"href":"https:\/\/kibrisayna.com\/index.php\/wp-json\/wp\/v2\/comments?post=18878"}],"version-history":[{"count":0,"href":"https:\/\/kibrisayna.com\/index.php\/wp-json\/wp\/v2\/posts\/18878\/revisions"}],"wp:featuredmedia":[{"embeddable":true,"href":"https:\/\/kibrisayna.com\/index.php\/wp-json\/wp\/v2\/media\/18879"}],"wp:attachment":[{"href":"https:\/\/kibrisayna.com\/index.php\/wp-json\/wp\/v2\/media?parent=18878"}],"wp:term":[{"taxonomy":"category","embeddable":true,"href":"https:\/\/kibrisayna.com\/index.php\/wp-json\/wp\/v2\/categories?post=18878"},{"taxonomy":"post_tag","embeddable":true,"href":"https:\/\/kibrisayna.com\/index.php\/wp-json\/wp\/v2\/tags?post=18878"}],"curies":[{"name":"wp","href":"https:\/\/api.w.org\/{rel}","templated":true}]}}