{"id":18668,"date":"2025-03-01T17:53:33","date_gmt":"2025-03-01T14:53:33","guid":{"rendered":"https:\/\/kibrisayna.com\/index.php\/2025\/03\/01\/ariklisurucu-egitimi-konusunda-turkiye-ile-isbirligi-ilerliyor-brtk\/"},"modified":"2025-03-01T17:53:33","modified_gmt":"2025-03-01T14:53:33","slug":"ariklisurucu-egitimi-konusunda-turkiye-ile-isbirligi-ilerliyor-brtk","status":"publish","type":"post","link":"https:\/\/kibrisayna.com\/index.php\/2025\/03\/01\/ariklisurucu-egitimi-konusunda-turkiye-ile-isbirligi-ilerliyor-brtk\/","title":{"rendered":"Ar\u0131kl\u0131:S\u00fcr\u00fcc\u00fc e\u011fitimi konusunda T\u00fcrkiye ile i\u015fbirli\u011fi ilerliyor \u2013 BRTK"},"content":{"rendered":"<p> <br \/>\n<\/p>\n<div>\n<div class=\"mariselle-image-container center\">\n                <img loading=\"lazy\" decoding=\"async\" width=\"1280\" height=\"960\" class=\"lazy-image\" alt=\"\" sizes=\"auto, (max-width: 1280px) 100vw, 1280px\" src=\"https:\/\/brtk.net\/wp-content\/uploads\/2025\/03\/01\/1740833553801Trafik-egitim-isbirligi-1.jpg?ver=d412349ea72d8186f11eaa1a3f9c9b6e\" srcset=\"https:\/\/brtk.net\/wp-content\/uploads\/2025\/03\/01\/1740833553801Trafik-egitim-isbirligi-1.jpg?ver=d412349ea72d8186f11eaa1a3f9c9b6e 1280w, https:\/\/brtk.net\/wp-content\/uploads\/2025\/03\/01\/1740833553801Trafik-egitim-isbirligi-1-300x225.jpg?ver=714ef6f841c55c60726d2ddfff323c09 300w, https:\/\/brtk.net\/wp-content\/uploads\/2025\/03\/01\/1740833553801Trafik-egitim-isbirligi-1-1024x768.jpg?ver=a3103369d46b3431c77b8e15fcafc4a2 1024w, https:\/\/brtk.net\/wp-content\/uploads\/2025\/03\/01\/1740833553801Trafik-egitim-isbirligi-1-768x576.jpg?ver=a3103369d46b3431c77b8e15fcafc4a2 768w\"\/>                            <\/div>\n<p>Bay\u0131nd\u0131rl\u0131k ve Ula\u015ft\u0131rma Bakan\u0131 Erhan Ar\u0131kl\u0131, \u00fclkedeki s\u00fcr\u00fcc\u00fc e\u011fitimlerinin standardizasyonu ve daha \u00e7a\u011fda\u015f bir \u015fekilde y\u00fcr\u00fct\u00fclebilmesi konusunda T\u00fcrkiye Cumhuriyeti\u2019ndeki kurumlar\u0131 ile ba\u015flat\u0131lan i\u015f birli\u011finin ilerledi\u011fini belirtti.<\/p>\n<p>Bakanl\u0131ktan yap\u0131lan a\u00e7\u0131klamaya g\u00f6re Bakanl\u0131\u011fa ba\u011fl\u0131 Trafik Dairesi M\u00fcd\u00fcr\u00fc Ahmet Ayd\u0131n ve beraberindeki heyet, bu ama\u00e7la ge\u00e7en g\u00fcnlerde Ankara\u2019da T\u00dcSEKON-S\u00fcr\u00fcc\u00fc E\u011fitimcileri Konfederasyonu Y\u00f6netim Kurulu ile bir toplant\u0131 yapt\u0131.<\/p>\n<p>Toplant\u0131ya,  T\u00fcrkiye \u00d6zel \u00d6\u011fretim Kurumlar\u0131 Genel M\u00fcd\u00fcr\u00fc Fethullah G\u00fcner, T\u00dcSEKON Genel Ba\u015fkan\u0131 Nusret T\u00fcrker, T\u00dcSEKON Y\u00f6netim Kurulu \u00fcyeleri, T\u00dcSEKON Denetim Kurulu ve Disiplin Kurulu \u00fcyelerinin yan\u0131 s\u0131ra Kuzey K\u0131br\u0131s S\u00fcr\u00fcc\u00fc Standartlar\u0131\u2013Trafik E\u011fitim Kurumu Kurucu Ba\u015fkan\u0131 Cemal Sunar,  KKTC Ba\u011f\u0131ms\u0131z \u015eof\u00f6r Okullar\u0131 Birli\u011fi Ba\u015fkan\u0131 \u015e\u00fckr\u00fc Beykan, Ba\u015fkan Yard\u0131mc\u0131s\u0131 Emirzade Tilki ve Birli\u011fin Y\u00f6netim Kurulu \u00fcyeleri kat\u0131ld\u0131.<\/p>\n<p>-\u201c\u0130\u015f birli\u011fi daha da geli\u015ftirilecek\u201d<\/p>\n<p>Bakan\u0131 Ar\u0131kl\u0131, \u00fclkedeki s\u00fcr\u00fcc\u00fc e\u011fitimlerinin standardizasyonu ve daha \u00e7a\u011fda\u015f bir \u015fekilde y\u00fcr\u00fct\u00fclebilmesi i\u00e7in bir s\u00fcre \u00f6nce T\u00fcrkiye\u2019deki ilgili kurumlarla i\u015fbirli\u011fi karar\u0131 ald\u0131klar\u0131n\u0131 s\u00f6yledi.<\/p>\n<p>Ar\u0131kl\u0131, bu i\u015f birli\u011finin Trafik Dairesi M\u00fcd\u00fcr\u00fc ile \u015fof\u00f6r okullar\u0131 temsilcilerinin ge\u00e7en ocak ay\u0131n\u0131n ortalar\u0131nda T\u00fcrkiye Milli E\u011fitim Bakanl\u0131\u011f\u0131 \u00d6zel \u00d6\u011fretim Kurumlar\u0131 Genel M\u00fcd\u00fcr\u00fc G\u00fcner\u2019e resmi bir ziyaret ger\u00e7ekle\u015ftirmeleri ile ba\u015flad\u0131\u011f\u0131n\u0131 kaydetti.<\/p>\n<p>\u201cAmac\u0131m\u0131z s\u00fcr\u00fcc\u00fc e\u011fitimlerinin daha \u00e7a\u011fda\u015f ve modern bir \u015fekilde verilmesini sa\u011flamak. Ayr\u0131ca trafik kurallar\u0131na uyan, kural ihlallerinin ne gibi olumsuz sonu\u00e7lar do\u011furabilece\u011finin fark\u0131nda olan, kar\u015f\u0131s\u0131ndakine sayg\u0131l\u0131 ve sorumluluk sahibi s\u00fcr\u00fcc\u00fcler yeti\u015ftirmektir.\u201d diyen Ar\u0131kl\u0131, \u201cAnavatan T\u00fcrkiye ile bu konuda yap\u0131lan i\u015fbirli\u011fi daha da geli\u015ftirilecektir\u201d dedi.<\/p>\n<\/p><\/div>\n<p><script async\n                    defer\n                    crossorigin=\"anonymous\"\n                    src=\"https:\/\/connect.facebook.net\/tr_TR\/sdk.js#xfbml=1&#038;version=v3.3\"\n            ><\/script><br \/>\n<br \/><br \/>\n<br \/><a href=\"https:\/\/brtk.net\/ariklisurucu-egitimi-konusunda-turkiye-ile-isbirligi-ilerliyor\/\">Kaynak BRT <\/a><\/p>\n","protected":false},"excerpt":{"rendered":"<p>Bay\u0131nd\u0131rl\u0131k ve Ula\u015ft\u0131rma Bakan\u0131 Erhan Ar\u0131kl\u0131, \u00fclkedeki s\u00fcr\u00fcc\u00fc e\u011fitimlerinin standardizasyonu ve daha \u00e7a\u011fda\u015f bir \u015fekilde y\u00fcr\u00fct\u00fclebilmesi konusunda T\u00fcrkiye Cumhuriyeti\u2019ndeki kurumlar\u0131 ile ba\u015flat\u0131lan i\u015f birli\u011finin ilerledi\u011fini belirtti. Bakanl\u0131ktan yap\u0131lan a\u00e7\u0131klamaya g\u00f6re Bakanl\u0131\u011fa ba\u011fl\u0131 Trafik Dairesi M\u00fcd\u00fcr\u00fc Ahmet Ayd\u0131n ve beraberindeki heyet, bu ama\u00e7la ge\u00e7en g\u00fcnlerde Ankara\u2019da T\u00dcSEKON-S\u00fcr\u00fcc\u00fc E\u011fitimcileri Konfederasyonu Y\u00f6netim Kurulu ile bir toplant\u0131 yapt\u0131. Toplant\u0131ya, [&hellip;]<\/p>\n","protected":false},"author":908,"featured_media":18669,"comment_status":"open","ping_status":"open","sticky":false,"template":"","format":"standard","meta":{"_jetpack_memberships_contains_paid_content":false,"footnotes":"","jetpack_publicize_message":"","jetpack_publicize_feature_enabled":true,"jetpack_social_post_already_shared":true,"jetpack_social_options":{"image_generator_settings":{"template":"highway","default_image_id":0,"font":"","enabled":false},"version":2}},"categories":[253],"tags":[],"class_list":["post-18668","post","type-post","status-publish","format-standard","has-post-thumbnail","hentry","category-gundem"],"jetpack_publicize_connections":[],"jetpack_featured_media_url":"https:\/\/kibrisayna.com\/wp-content\/uploads\/2025\/03\/1740833553801Trafik-egitim-isbirligi-1.jpg","jetpack_sharing_enabled":true,"_links":{"self":[{"href":"https:\/\/kibrisayna.com\/index.php\/wp-json\/wp\/v2\/posts\/18668","targetHints":{"allow":["GET"]}}],"collection":[{"href":"https:\/\/kibrisayna.com\/index.php\/wp-json\/wp\/v2\/posts"}],"about":[{"href":"https:\/\/kibrisayna.com\/index.php\/wp-json\/wp\/v2\/types\/post"}],"author":[{"embeddable":true,"href":"https:\/\/kibrisayna.com\/index.php\/wp-json\/wp\/v2\/users\/908"}],"replies":[{"embeddable":true,"href":"https:\/\/kibrisayna.com\/index.php\/wp-json\/wp\/v2\/comments?post=18668"}],"version-history":[{"count":0,"href":"https:\/\/kibrisayna.com\/index.php\/wp-json\/wp\/v2\/posts\/18668\/revisions"}],"wp:featuredmedia":[{"embeddable":true,"href":"https:\/\/kibrisayna.com\/index.php\/wp-json\/wp\/v2\/media\/18669"}],"wp:attachment":[{"href":"https:\/\/kibrisayna.com\/index.php\/wp-json\/wp\/v2\/media?parent=18668"}],"wp:term":[{"taxonomy":"category","embeddable":true,"href":"https:\/\/kibrisayna.com\/index.php\/wp-json\/wp\/v2\/categories?post=18668"},{"taxonomy":"post_tag","embeddable":true,"href":"https:\/\/kibrisayna.com\/index.php\/wp-json\/wp\/v2\/tags?post=18668"}],"curies":[{"name":"wp","href":"https:\/\/api.w.org\/{rel}","templated":true}]}}