{"id":18664,"date":"2025-03-01T16:11:33","date_gmt":"2025-03-01T13:11:33","guid":{"rendered":"https:\/\/kibrisayna.com\/index.php\/2025\/03\/01\/koder-2-olagan-genel-kurulu-yapildi-brtk\/"},"modified":"2025-03-01T16:11:33","modified_gmt":"2025-03-01T13:11:33","slug":"koder-2-olagan-genel-kurulu-yapildi-brtk","status":"publish","type":"post","link":"https:\/\/kibrisayna.com\/index.php\/2025\/03\/01\/koder-2-olagan-genel-kurulu-yapildi-brtk\/","title":{"rendered":"K\u00d6DER 2. Ola\u011fan Genel Kurulu yap\u0131ld\u0131 \u2013 BRTK"},"content":{"rendered":"<p> <br \/>\n<\/p>\n<div>\n<div class=\"mariselle-image-container center\">\n                <img loading=\"lazy\" decoding=\"async\" width=\"2560\" height=\"1474\" class=\"lazy-image\" alt=\"\" sizes=\"auto, (max-width: 2560px) 100vw, 2560px\" src=\"https:\/\/brtk.net\/wp-content\/uploads\/2025\/03\/01\/1740831196813E-KODER-GENEL-KURULU-1-scaled.jpg?ver=9edb58c837441c48457f9ac710afd42b\" srcset=\"https:\/\/brtk.net\/wp-content\/uploads\/2025\/03\/01\/1740831196813E-KODER-GENEL-KURULU-1-scaled.jpg?ver=9edb58c837441c48457f9ac710afd42b 2560w, https:\/\/brtk.net\/wp-content\/uploads\/2025\/03\/01\/1740831196813E-KODER-GENEL-KURULU-1-300x173.jpg?ver=29e8f1053417b0930ae3ee6e9ed479b6 300w, https:\/\/brtk.net\/wp-content\/uploads\/2025\/03\/01\/1740831196813E-KODER-GENEL-KURULU-1-1024x589.jpg?ver=84b480636352ad4109302fb539754b8e 1024w, https:\/\/brtk.net\/wp-content\/uploads\/2025\/03\/01\/1740831196813E-KODER-GENEL-KURULU-1-768x442.jpg?ver=84b480636352ad4109302fb539754b8e 768w, https:\/\/brtk.net\/wp-content\/uploads\/2025\/03\/01\/1740831196813E-KODER-GENEL-KURULU-1-1536x884.jpg?ver=03ca64846cd976de27ba43e8156d5bb6 1536w, https:\/\/brtk.net\/wp-content\/uploads\/2025\/03\/01\/1740831196813E-KODER-GENEL-KURULU-1-2048x1179.jpg?ver=4ea825c5e0ef9a51f6fcb4bec0981720 2048w\"\/>                            <\/div>\n<p>K\u0131br\u0131s Kad\u0131n \u00d6yk\u00fcleri Derne\u011fi\u2019nin (K\u00d6DER) 2. Ola\u011fan Genel Kurulu d\u00fcn Lefko\u015fa\u2019daki \u0130\u015f Kad\u0131nlar\u0131 Derne\u011fi K\u00f6\u015fk binas\u0131nda yap\u0131ld\u0131.<\/p>\n<p>Dernekten yap\u0131lan a\u00e7\u0131klamaya g\u00f6re, Dernek Ba\u015fkan\u0131 \u015eenay Ekingen\u2019in a\u00e7\u0131l\u0131\u015f konu\u015fmas\u0131 ile ba\u015flayan genel kurulda Nezire G\u00fcrkan\u2019\u0131n ba\u015fkanl\u0131\u011f\u0131nda divan olu\u015fturuldu. Faaliyet ve Mali Rapor okunarak onaylanmas\u0131n\u0131n ard\u0131ndan Y\u00f6netim Kurulu\u2019nun ve di\u011fer kurullar\u0131n se\u00e7imi ger\u00e7ekle\u015ftirildi. K\u00d6DER T\u00fcz\u00fc\u011f\u00fc 20.Madde (b) \u015f\u0131kk\u0131n\u0131n de\u011fi\u015fiklik \u00f6nerisi kabul edilerek, de\u011fi\u015ftirildi ve son olarak dilek-temenniler ile 2.Genel Kurul tamamland\u0131. <\/p>\n<p>-Ekingen: \u201cKal\u0131c\u0131 eserler \u00fcretmenin heyecan\u0131yla \u00e7al\u0131\u015fmalar\u0131m\u0131z\u0131 s\u00fcrd\u00fcrece\u011fiz\u201d<\/p>\n<p>K\u00d6DER Ba\u015fkan\u0131 \u015eenay Ekingen, a\u00e7\u0131l\u0131\u015f konu\u015fmas\u0131nda, dernek kurucu \u00fcyelerinden, Disiplin Kurulu Ba\u015fkan\u0131 I\u015f\u0131n Ramadan Cemil\u2019in annesi Havva Ramadan Cemil\u2019in vefat\u0131ndan duydu\u011fu \u00fcz\u00fcnt\u00fcy\u00fc dile getirdi, ba\u015fsa\u011fl\u0131\u011f\u0131 diledi.<\/p>\n<p>K\u00d6DER\u2019in k\u0131sa say\u0131labilecek tarihinde de\u011ferli \u00e7al\u0131\u015fmalar yapt\u0131\u011f\u0131n\u0131 belirten Ekingen, K\u00d6DER taraf\u0131ndan \u201cHayat\u0131m\u0131za De\u011fer Katan Kad\u0131nlar\u0131m\u0131z\u201d belgesel serisi kapsam\u0131nda 28 belgesel \u00e7ekildi\u011fini, \u00fc\u00e7 kitap \u00e7\u0131kar\u0131ld\u0131\u011f\u0131n\u0131 belirtti.<\/p>\n<p>Ekingen, bug\u00fcne kadar, \u201dHayat\u0131m\u0131za De\u011fer Katan Kad\u0131nlar\u0131m\u0131z\u201d serisi kapsam\u0131nda 24 belgeseli toplumla bulu\u015fturduklar\u0131n\u0131, d\u00f6rt belgeseli de bu y\u0131l i\u00e7inde halka bulu\u015fturacaklar\u0131n\u0131; \u00fc\u00e7 kitap \u00e7\u0131kard\u0131klar\u0131n\u0131 ve d\u00f6rd\u00fcnc\u00fc kitab\u0131n da bask\u0131da oldu\u011fu bilgisini payla\u015ft\u0131. Ayr\u0131ca, sergiler yapt\u0131klar\u0131n\u0131, K\u00d6DER\u2019in kitaplar\u0131n\u0131n Milli E\u011fitim Bakanl\u0131\u011f\u0131 taraf\u0131ndan kaynak kitap olarak kullan\u0131lmas\u0131 onay\u0131 ald\u0131\u011f\u0131n\u0131 ve okullarla iyi bir ileti\u015fim i\u00e7inde olduklar\u0131n\u0131 aktard\u0131.<\/p>\n<p>Yeni d\u00f6nemde \u00e7al\u0131\u015fmalar\u0131n\u0131n \u00e7e\u015fitlenerek devam edece\u011fini belirten Ekingen, \u201cKad\u0131n \u00f6yk\u00fclerini gen\u00e7 ku\u015faklara anlatma misyonu, gelecek ku\u015faklara hayat\u0131m\u0131za de\u011fer katan kad\u0131nlarla ilgili somut ve nitelikli kaynaklar b\u0131rakmak hedefine ula\u015f\u0131rken, bu alanda bir ilk olman\u0131n mutlulu\u011funu ya\u015f\u0131yoruz. Bu \u00e7al\u0131\u015fmalar\u0131m\u0131z\u0131 s\u00fcrd\u00fcrece\u011fiz.\u201d dedi.<\/p>\n<p>Yeni d\u00f6nemde g\u00f6rev alacak K\u00d6DER kurullar\u0131 \u015f\u00f6yle:<\/p>\n<p>\u201cY\u00f6netim Kurulu: \u015eenay Ekingen, G\u00fclev S\u0131dal, G\u00f6ksel D\u00fczg\u00fcn, \u015eeng\u00fcl K\u0131rm\u0131z\u0131, Murat Obenler, Deniz \u00d6zt\u00fcrk, Fatma K\u0131n\u0131\u015f, Sevilay Cang\u00fcl, \u015eerife Korucan, M\u00fcnevver Ebedi ve Tacan \u0130brahimo\u011flu. Disiplin Kurulu: I\u015f\u0131n Ramadan Cemil, Birg\u00fcl Beyatl\u0131 ve Fatma \u00d6zok. Denetleme Kurulu: Sansel Soyel, Nezire G\u00fcrkan ve G\u00fclg\u00fcn Serdar.\u201d<\/p>\n<\/p><\/div>\n<p><script async\n                    defer\n                    crossorigin=\"anonymous\"\n                    src=\"https:\/\/connect.facebook.net\/tr_TR\/sdk.js#xfbml=1&#038;version=v3.3\"\n            ><\/script><br \/>\n<br \/><br \/>\n<br \/><a href=\"https:\/\/brtk.net\/koder-2-olagan-genel-kurulu-yapildi\/\">Kaynak BRT <\/a><\/p>\n","protected":false},"excerpt":{"rendered":"<p>K\u0131br\u0131s Kad\u0131n \u00d6yk\u00fcleri Derne\u011fi\u2019nin (K\u00d6DER) 2. Ola\u011fan Genel Kurulu d\u00fcn Lefko\u015fa\u2019daki \u0130\u015f Kad\u0131nlar\u0131 Derne\u011fi K\u00f6\u015fk binas\u0131nda yap\u0131ld\u0131. Dernekten yap\u0131lan a\u00e7\u0131klamaya g\u00f6re, Dernek Ba\u015fkan\u0131 \u015eenay Ekingen\u2019in a\u00e7\u0131l\u0131\u015f konu\u015fmas\u0131 ile ba\u015flayan genel kurulda Nezire G\u00fcrkan\u2019\u0131n ba\u015fkanl\u0131\u011f\u0131nda divan olu\u015fturuldu. Faaliyet ve Mali Rapor okunarak onaylanmas\u0131n\u0131n ard\u0131ndan Y\u00f6netim Kurulu\u2019nun ve di\u011fer kurullar\u0131n se\u00e7imi ger\u00e7ekle\u015ftirildi. K\u00d6DER T\u00fcz\u00fc\u011f\u00fc 20.Madde (b) \u015f\u0131kk\u0131n\u0131n [&hellip;]<\/p>\n","protected":false},"author":908,"featured_media":18665,"comment_status":"open","ping_status":"open","sticky":false,"template":"","format":"standard","meta":{"_jetpack_memberships_contains_paid_content":false,"footnotes":"","jetpack_publicize_message":"","jetpack_publicize_feature_enabled":true,"jetpack_social_post_already_shared":true,"jetpack_social_options":{"image_generator_settings":{"template":"highway","default_image_id":0,"font":"","enabled":false},"version":2}},"categories":[253],"tags":[],"class_list":["post-18664","post","type-post","status-publish","format-standard","has-post-thumbnail","hentry","category-gundem"],"jetpack_publicize_connections":[],"jetpack_featured_media_url":"https:\/\/kibrisayna.com\/wp-content\/uploads\/2025\/03\/1740831196813E-KODER-GENEL-KURULU-1-scaled.jpg","jetpack_sharing_enabled":true,"_links":{"self":[{"href":"https:\/\/kibrisayna.com\/index.php\/wp-json\/wp\/v2\/posts\/18664","targetHints":{"allow":["GET"]}}],"collection":[{"href":"https:\/\/kibrisayna.com\/index.php\/wp-json\/wp\/v2\/posts"}],"about":[{"href":"https:\/\/kibrisayna.com\/index.php\/wp-json\/wp\/v2\/types\/post"}],"author":[{"embeddable":true,"href":"https:\/\/kibrisayna.com\/index.php\/wp-json\/wp\/v2\/users\/908"}],"replies":[{"embeddable":true,"href":"https:\/\/kibrisayna.com\/index.php\/wp-json\/wp\/v2\/comments?post=18664"}],"version-history":[{"count":0,"href":"https:\/\/kibrisayna.com\/index.php\/wp-json\/wp\/v2\/posts\/18664\/revisions"}],"wp:featuredmedia":[{"embeddable":true,"href":"https:\/\/kibrisayna.com\/index.php\/wp-json\/wp\/v2\/media\/18665"}],"wp:attachment":[{"href":"https:\/\/kibrisayna.com\/index.php\/wp-json\/wp\/v2\/media?parent=18664"}],"wp:term":[{"taxonomy":"category","embeddable":true,"href":"https:\/\/kibrisayna.com\/index.php\/wp-json\/wp\/v2\/categories?post=18664"},{"taxonomy":"post_tag","embeddable":true,"href":"https:\/\/kibrisayna.com\/index.php\/wp-json\/wp\/v2\/tags?post=18664"}],"curies":[{"name":"wp","href":"https:\/\/api.w.org\/{rel}","templated":true}]}}