{"id":18660,"date":"2025-03-01T16:02:13","date_gmt":"2025-03-01T13:02:13","guid":{"rendered":"https:\/\/kibrisayna.com\/index.php\/2025\/03\/01\/erdogan-islam-aleminin-ramazan-ayini-kutladi-brtk\/"},"modified":"2025-03-01T16:02:13","modified_gmt":"2025-03-01T13:02:13","slug":"erdogan-islam-aleminin-ramazan-ayini-kutladi-brtk","status":"publish","type":"post","link":"https:\/\/kibrisayna.com\/index.php\/2025\/03\/01\/erdogan-islam-aleminin-ramazan-ayini-kutladi-brtk\/","title":{"rendered":"Erdo\u011fan, \u0130slam aleminin Ramazan Ay\u0131\u2019n\u0131 kutlad\u0131 \u2013 BRTK"},"content":{"rendered":"<p> <br \/>\n<\/p>\n<div>\n<div class=\"mariselle-image-container center\">\n                <img loading=\"lazy\" decoding=\"async\" width=\"864\" height=\"486\" class=\"lazy-image\" alt=\"\" sizes=\"auto, (max-width: 864px) 100vw, 864px\" src=\"https:\/\/brtk.net\/wp-content\/uploads\/2025\/03\/01\/1740816750757EE.jpg?ver=5194f8b515a9a8017773deccfec43dd4\" srcset=\"https:\/\/brtk.net\/wp-content\/uploads\/2025\/03\/01\/1740816750757EE.jpg?ver=5194f8b515a9a8017773deccfec43dd4 864w, https:\/\/brtk.net\/wp-content\/uploads\/2025\/03\/01\/1740816750757EE-300x169.jpg?ver=c867dad741abfc11949a4b6763f8ee06 300w, https:\/\/brtk.net\/wp-content\/uploads\/2025\/03\/01\/1740816750757EE-768x432.jpg?ver=c867dad741abfc11949a4b6763f8ee06 768w\"\/>                            <\/div>\n<p>T\u00fcrkiye Cumhuriyeti Cumhurba\u015fkan\u0131 Recep Tayyip Erdo\u011fan \u0130slam aleminin Ramazan-\u0131 \u015eerif\u2019ini kutlad\u0131.<\/p>\n<p>Cumhurba\u015fkan\u0131 Erdo\u011fan, sosyal medya hesab\u0131ndan yapt\u0131\u011f\u0131 payla\u015f\u0131mda, \u201cBirlik ve beraberli\u011fin, dostluk ve dayan\u0131\u015fman\u0131n, huzur ve muhabbet ikliminin zirveye ula\u015ft\u0131\u011f\u0131 bir rahmet ay\u0131 olan Ramazan-\u0131 \u015eerif\u2019in \u00fclkemiz, milletimiz ve \u0130slam alemi i\u00e7in hay\u0131rlara vesile olmas\u0131n\u0131 Allah\u2019tan niyaz ediyorum. Ramazan-\u0131 \u015eerif\u2019imiz m\u00fcbarek olsun.\u201d ifadesini kulland\u0131.<\/p>\n<\/p><\/div>\n<p><script async\n                    defer\n                    crossorigin=\"anonymous\"\n                    src=\"https:\/\/connect.facebook.net\/tr_TR\/sdk.js#xfbml=1&#038;version=v3.3\"\n            ><\/script><br \/>\n<br \/><br \/>\n<br \/><a href=\"https:\/\/brtk.net\/erdogan-islam-aleminin-ramazan-ayini-kutladi\/\"><\/a><\/p>\n","protected":false},"excerpt":{"rendered":"<p>T\u00fcrkiye Cumhuriyeti Cumhurba\u015fkan\u0131 Recep Tayyip Erdo\u011fan \u0130slam aleminin Ramazan-\u0131 \u015eerif\u2019ini kutlad\u0131. Cumhurba\u015fkan\u0131 Erdo\u011fan, sosyal medya hesab\u0131ndan yapt\u0131\u011f\u0131 payla\u015f\u0131mda, \u201cBirlik ve beraberli\u011fin, dostluk ve dayan\u0131\u015fman\u0131n, huzur ve muhabbet ikliminin zirveye ula\u015ft\u0131\u011f\u0131 bir rahmet ay\u0131 olan Ramazan-\u0131 \u015eerif\u2019in \u00fclkemiz, milletimiz ve \u0130slam alemi i\u00e7in hay\u0131rlara vesile olmas\u0131n\u0131 Allah\u2019tan niyaz ediyorum. Ramazan-\u0131 \u015eerif\u2019imiz m\u00fcbarek olsun.\u201d ifadesini kulland\u0131.<\/p>\n","protected":false},"author":908,"featured_media":18661,"comment_status":"open","ping_status":"open","sticky":false,"template":"","format":"standard","meta":{"_jetpack_memberships_contains_paid_content":false,"footnotes":"","jetpack_publicize_message":"","jetpack_publicize_feature_enabled":true,"jetpack_social_post_already_shared":true,"jetpack_social_options":{"image_generator_settings":{"template":"highway","default_image_id":0,"font":"","enabled":false},"version":2}},"categories":[587],"tags":[],"class_list":["post-18660","post","type-post","status-publish","format-standard","has-post-thumbnail","hentry","category-dunya"],"jetpack_publicize_connections":[],"jetpack_featured_media_url":"https:\/\/kibrisayna.com\/wp-content\/uploads\/2025\/03\/1740816750757EE.jpg","jetpack_sharing_enabled":true,"_links":{"self":[{"href":"https:\/\/kibrisayna.com\/index.php\/wp-json\/wp\/v2\/posts\/18660","targetHints":{"allow":["GET"]}}],"collection":[{"href":"https:\/\/kibrisayna.com\/index.php\/wp-json\/wp\/v2\/posts"}],"about":[{"href":"https:\/\/kibrisayna.com\/index.php\/wp-json\/wp\/v2\/types\/post"}],"author":[{"embeddable":true,"href":"https:\/\/kibrisayna.com\/index.php\/wp-json\/wp\/v2\/users\/908"}],"replies":[{"embeddable":true,"href":"https:\/\/kibrisayna.com\/index.php\/wp-json\/wp\/v2\/comments?post=18660"}],"version-history":[{"count":0,"href":"https:\/\/kibrisayna.com\/index.php\/wp-json\/wp\/v2\/posts\/18660\/revisions"}],"wp:featuredmedia":[{"embeddable":true,"href":"https:\/\/kibrisayna.com\/index.php\/wp-json\/wp\/v2\/media\/18661"}],"wp:attachment":[{"href":"https:\/\/kibrisayna.com\/index.php\/wp-json\/wp\/v2\/media?parent=18660"}],"wp:term":[{"taxonomy":"category","embeddable":true,"href":"https:\/\/kibrisayna.com\/index.php\/wp-json\/wp\/v2\/categories?post=18660"},{"taxonomy":"post_tag","embeddable":true,"href":"https:\/\/kibrisayna.com\/index.php\/wp-json\/wp\/v2\/tags?post=18660"}],"curies":[{"name":"wp","href":"https:\/\/api.w.org\/{rel}","templated":true}]}}