{"id":18509,"date":"2025-02-27T19:50:56","date_gmt":"2025-02-27T16:50:56","guid":{"rendered":"https:\/\/kibrisayna.com\/index.php\/2025\/02\/27\/basbakan-ustel-cypfruvexi-ziyaret-etti-calismalarla-ilgili-bilgi-aldi-cypfruvex-yonetim-kurulu-narenciye-urun-alim-bedellerinin-taban-fiyatlarini-acikladi-brtk\/"},"modified":"2025-02-27T19:50:56","modified_gmt":"2025-02-27T16:50:56","slug":"basbakan-ustel-cypfruvexi-ziyaret-etti-calismalarla-ilgili-bilgi-aldi-cypfruvex-yonetim-kurulu-narenciye-urun-alim-bedellerinin-taban-fiyatlarini-acikladi-brtk","status":"publish","type":"post","link":"https:\/\/kibrisayna.com\/index.php\/2025\/02\/27\/basbakan-ustel-cypfruvexi-ziyaret-etti-calismalarla-ilgili-bilgi-aldi-cypfruvex-yonetim-kurulu-narenciye-urun-alim-bedellerinin-taban-fiyatlarini-acikladi-brtk\/","title":{"rendered":"Ba\u015fbakan \u00dcstel, Cypfruvex\u2019i ziyaret etti, \u00e7al\u0131\u015fmalarla ilgili bilgi ald\u0131 \u2026Cypfruvex Y\u00f6netim Kurulu narenciye \u00fcr\u00fcn al\u0131m bedellerinin taban fiyatlar\u0131n\u0131 a\u00e7\u0131klad\u0131 \u2013 BRTK"},"content":{"rendered":"<p> <br \/>\n<\/p>\n<div>\n<div class=\"mariselle-image-container center\">\n                <img loading=\"lazy\" decoding=\"async\" width=\"2560\" height=\"1920\" class=\"lazy-image\" alt=\"\" sizes=\"auto, (max-width: 2560px) 100vw, 2560px\" src=\"https:\/\/brtk.net\/wp-content\/uploads\/2024\/02\/01\/narenciye21-scaled.jpg?ver=2d8c5a8f0000ea5734c3da35b0659f4e\" srcset=\"https:\/\/brtk.net\/wp-content\/uploads\/2024\/02\/01\/narenciye21-scaled.jpg?ver=2d8c5a8f0000ea5734c3da35b0659f4e 2560w, https:\/\/brtk.net\/wp-content\/uploads\/2024\/02\/01\/narenciye21-300x225.jpg?ver=74751e25fde601e86b747d6e6016f137 300w, https:\/\/brtk.net\/wp-content\/uploads\/2024\/02\/01\/narenciye21-1024x768.jpg?ver=e5ab86db2ba8b54f9563efc5cdb8ec4f 1024w, https:\/\/brtk.net\/wp-content\/uploads\/2024\/02\/01\/narenciye21-768x576.jpg?ver=88c407936e991dfdda9cd8ffafbb96f7 768w, https:\/\/brtk.net\/wp-content\/uploads\/2024\/02\/01\/narenciye21-1536x1152.jpg?ver=599610c565ab3fc3c78a1e234734c225 1536w, https:\/\/brtk.net\/wp-content\/uploads\/2024\/02\/01\/narenciye21-2048x1536.jpg?ver=83175996bd222a61136f991fd685018d 2048w\"\/>                            <\/div>\n<p>Cypfruvex Y\u00f6netim Kurulu, bas\u0131n a\u00e7\u0131klamas\u0131 yaparak, narenciye \u00fcr\u00fcn al\u0131m bedellerinin taban fiyatlar\u0131n\u0131 a\u00e7\u0131klad\u0131.<\/p>\n<p>Bas\u0131n a\u00e7\u0131klamas\u0131 \u00f6ncesinde ise Ba\u015fbakan \u00dcnal \u00dcstel de Cypfruvex i ziyaret etti\u2026<\/p>\n<div class=\"mariselle-image-container center\">\n                <img loading=\"lazy\" decoding=\"async\" width=\"2048\" height=\"1536\" class=\"lazy-image\" alt=\"\" sizes=\"auto, (max-width: 2048px) 100vw, 2048px\" src=\"https:\/\/brtk.net\/wp-content\/uploads\/2025\/02\/27\/IMG-20250227-WA0088.jpg?ver=22ee0cdd83ef6e7f391cb0c01113a85d\" srcset=\"https:\/\/brtk.net\/wp-content\/uploads\/2025\/02\/27\/IMG-20250227-WA0088.jpg?ver=22ee0cdd83ef6e7f391cb0c01113a85d 2048w, https:\/\/brtk.net\/wp-content\/uploads\/2025\/02\/27\/IMG-20250227-WA0088-300x225.jpg?ver=58c8c4f52af0c54095c4785b725cb4c3 300w, https:\/\/brtk.net\/wp-content\/uploads\/2025\/02\/27\/IMG-20250227-WA0088-1024x768.jpg?ver=58c8c4f52af0c54095c4785b725cb4c3 1024w, https:\/\/brtk.net\/wp-content\/uploads\/2025\/02\/27\/IMG-20250227-WA0088-768x576.jpg?ver=3502fed786f9b432218ad13f31f97de4 768w, https:\/\/brtk.net\/wp-content\/uploads\/2025\/02\/27\/IMG-20250227-WA0088-1536x1152.jpg?ver=3502fed786f9b432218ad13f31f97de4 1536w\"\/>                            <\/div>\n<p>Ziyarette, Cypfruvex y\u00f6netim kurulu ile k\u0131sa bir toplant\u0131 yapan Ba\u015fbakan \u00dcstel, paketleme tesisini de gezerek \u00e7al\u0131\u015fmalar\u0131 yerinden inceledi<\/p>\n<p>Ba\u015fbakan \u00dcnal \u00dcstel\u2019in tesisten ayr\u0131lmas\u0131n\u0131n ard\u0131ndan Kalkanl\u0131\u2019daki Cypfruvex tesislerinde ger\u00e7ekle\u015ftirilen bas\u0131n toplant\u0131s\u0131nda ilk s\u00f6z alan Cypfruvex Y\u00f6netim Kurulu Ba\u015fkan\u0131 Ratip Ir\u0131ko\u011flu, bu y\u0131lki narenciye \u00fcr\u00fcnleri al\u0131m bedellerini \u015f\u00f6yle a\u00e7\u0131klad\u0131: <\/p>\n<p>\u201cMeysan s\u0131kma tesislerinde de\u011ferlendirilecek olan limon, greyfurt, yafa portakal ve Washington portakal \u00fcr\u00fcn fiyat\u0131 4 TL olup, 3 TL devlet katk\u0131s\u0131yla birlikte kilo ba\u015f\u0131 7 TL, Mandora king mandalina 6 TL, 3 devlet katk\u0131s\u0131 ile kilo ba\u015f\u0131 9 TL, Valencia portakal ise 7 TL, 3 TL devlet katk\u0131s\u0131 ile kilo ba\u015f\u0131 10 TL olacakt\u0131r\u201d<\/p>\n<p>Ir\u0131ko\u011flu, paketlemeye gidecek olan \u00fcr\u00fcnlerin taban fiyatlar\u0131n\u0131n ise, Mandora King mandalina 9TL , Valencia portakal\u0131n  13 tl olarak belirlendi\u011fini a\u00e7\u0131klayarak, bu fiyat\u0131n bah\u00e7elerdeki \u00fcr\u00fcn kalitesine g\u00f6re y\u00fckselebilece\u011fini, fiyatlar\u0131n ge\u00e7en y\u0131la oranla y\u00fczde 70 ile y\u00fczde 100 aras\u0131 art\u0131\u015f g\u00f6sterdi\u011fini s\u00f6yledi.<\/p>\n<p>Ir\u0131ko\u011flu ayr\u0131ca, G\u00fczelyurt So\u011fuk Hava Deposu ve Entegre Tesisleriyle ilgili \u00e7al\u0131\u015fmalar\u0131n h\u0131zla s\u00fcrd\u00fc\u011f\u00fcn\u00fc kaydederek, 2025-2026 narenciye sezonuna \u00fclkeye kazand\u0131r\u0131lacak yeni so\u011fuk hava deposu ve solar enerji sistemi ile girmeyi hedeflediklerini kaydetti.  <\/p>\n<p>Y\u00f6netim kurulu \u00fcyesi Dervi\u015f Da\u011fman da Cypfruvex\u2019in misyonu do\u011frultusunda \u00e7al\u0131\u015fmalar\u0131n\u0131 en iyi \u015fekilde y\u00fcr\u00fctt\u00fc\u011f\u00fcne i\u015faret ederek, ge\u00e7en y\u0131l zorlu bir sezonu geride b\u0131rakt\u0131klar\u0131n\u0131 ve buna ra\u011fmen \u00fcreticiyi ma\u011fdur etmediklerini ifade etti.<\/p>\n<div class=\"mariselle-image-container center\">\n                <img loading=\"lazy\" decoding=\"async\" width=\"2048\" height=\"1536\" class=\"lazy-image\" alt=\"\" sizes=\"auto, (max-width: 2048px) 100vw, 2048px\" src=\"https:\/\/brtk.net\/wp-content\/uploads\/2025\/02\/27\/IMG-20250227-WA0085.jpg?ver=5c0e3e467496760f95132400b20e36ed\" srcset=\"https:\/\/brtk.net\/wp-content\/uploads\/2025\/02\/27\/IMG-20250227-WA0085.jpg?ver=5c0e3e467496760f95132400b20e36ed 2048w, https:\/\/brtk.net\/wp-content\/uploads\/2025\/02\/27\/IMG-20250227-WA0085-300x225.jpg?ver=5f08ffb0a16b221d961940d66b922453 300w, https:\/\/brtk.net\/wp-content\/uploads\/2025\/02\/27\/IMG-20250227-WA0085-1024x768.jpg?ver=7c4b36563effbeb5b9f060da86f046d5 1024w, https:\/\/brtk.net\/wp-content\/uploads\/2025\/02\/27\/IMG-20250227-WA0085-768x576.jpg?ver=7c4b36563effbeb5b9f060da86f046d5 768w, https:\/\/brtk.net\/wp-content\/uploads\/2025\/02\/27\/IMG-20250227-WA0085-1536x1152.jpg?ver=56c9ad3d93c4976bf7493ead763b3772 1536w\"\/>                            <\/div>\n<p>\nCypfruvex\u2019in yeni sezonda da gereken \u00e7al\u0131\u015fmalar\u0131 yapt\u0131\u011f\u0131n\u0131n alt\u0131n\u0131 \u00e7izen Da\u011fman, Cypfruvex\u2019e Mandora \u00fcr\u00fcn\u00fc veren \u00fcreticilerin Mart ay\u0131 i\u00e7erisinde \u00f6denmeye ba\u015flanaca\u011f\u0131n\u0131, ayr\u0131ca Cypfruvex\u2019e Valencia portakal \u00fcr\u00fcn\u00fc vermek i\u00e7in s\u00f6zle\u015fme yapan \u00fcreticilere \u00fcr\u00fcn bedelinin y\u00fczde 30\u2019unun avans olarak verilece\u011fini a\u00e7\u0131klad\u0131.<\/p>\n<p>Cypfruvex Y\u00f6netim Kurulu Bas\u0131n S\u00f6zc\u00fcs\u00fc \u00d6zel Tahsin de Cypfruvex\u2019in kurulu\u015fundan bug\u00fcne her a\u015famas\u0131na tan\u0131kl\u0131k etti\u011fine vurgu yaparak, Cypfruvex\u2019in g\u00f6revini hakk\u0131yla yerine getirdi\u011fini ve daha da g\u00fc\u00e7lenerek geli\u015fece\u011fini belirtti\u2026<\/p>\n<\/p><\/div>\n<p><script async\n                    defer\n                    crossorigin=\"anonymous\"\n                    src=\"https:\/\/connect.facebook.net\/tr_TR\/sdk.js#xfbml=1&#038;version=v3.3\"\n            ><\/script><br \/>\n<br \/><br \/>\n<br \/><a href=\"https:\/\/brtk.net\/basbakan-ustel-cypfruvexi-ziyaret-etti-calismalarla-ilgili-bilgi-aldi-cypfruvex-yonetim-kurulu-narenciye-urun-alim-bedellerinin-taban-fiyatlarini-acikladi\/\">Kaynak BRT <\/a><\/p>\n","protected":false},"excerpt":{"rendered":"<p>Cypfruvex Y\u00f6netim Kurulu, bas\u0131n a\u00e7\u0131klamas\u0131 yaparak, narenciye \u00fcr\u00fcn al\u0131m bedellerinin taban fiyatlar\u0131n\u0131 a\u00e7\u0131klad\u0131. Bas\u0131n a\u00e7\u0131klamas\u0131 \u00f6ncesinde ise Ba\u015fbakan \u00dcnal \u00dcstel de Cypfruvex i ziyaret etti\u2026 Ziyarette, Cypfruvex y\u00f6netim kurulu ile k\u0131sa bir toplant\u0131 yapan Ba\u015fbakan \u00dcstel, paketleme tesisini de gezerek \u00e7al\u0131\u015fmalar\u0131 yerinden inceledi Ba\u015fbakan \u00dcnal \u00dcstel\u2019in tesisten ayr\u0131lmas\u0131n\u0131n ard\u0131ndan Kalkanl\u0131\u2019daki Cypfruvex tesislerinde ger\u00e7ekle\u015ftirilen bas\u0131n toplant\u0131s\u0131nda [&hellip;]<\/p>\n","protected":false},"author":908,"featured_media":18510,"comment_status":"open","ping_status":"open","sticky":false,"template":"","format":"standard","meta":{"_jetpack_memberships_contains_paid_content":false,"footnotes":"","jetpack_publicize_message":"","jetpack_publicize_feature_enabled":true,"jetpack_social_post_already_shared":true,"jetpack_social_options":{"image_generator_settings":{"template":"highway","default_image_id":0,"font":"","enabled":false},"version":2}},"categories":[253],"tags":[],"class_list":["post-18509","post","type-post","status-publish","format-standard","has-post-thumbnail","hentry","category-gundem"],"jetpack_publicize_connections":[],"jetpack_featured_media_url":"https:\/\/kibrisayna.com\/wp-content\/uploads\/2025\/02\/InShot_20250227_185724140-scaled.jpg","jetpack_sharing_enabled":true,"_links":{"self":[{"href":"https:\/\/kibrisayna.com\/index.php\/wp-json\/wp\/v2\/posts\/18509","targetHints":{"allow":["GET"]}}],"collection":[{"href":"https:\/\/kibrisayna.com\/index.php\/wp-json\/wp\/v2\/posts"}],"about":[{"href":"https:\/\/kibrisayna.com\/index.php\/wp-json\/wp\/v2\/types\/post"}],"author":[{"embeddable":true,"href":"https:\/\/kibrisayna.com\/index.php\/wp-json\/wp\/v2\/users\/908"}],"replies":[{"embeddable":true,"href":"https:\/\/kibrisayna.com\/index.php\/wp-json\/wp\/v2\/comments?post=18509"}],"version-history":[{"count":0,"href":"https:\/\/kibrisayna.com\/index.php\/wp-json\/wp\/v2\/posts\/18509\/revisions"}],"wp:featuredmedia":[{"embeddable":true,"href":"https:\/\/kibrisayna.com\/index.php\/wp-json\/wp\/v2\/media\/18510"}],"wp:attachment":[{"href":"https:\/\/kibrisayna.com\/index.php\/wp-json\/wp\/v2\/media?parent=18509"}],"wp:term":[{"taxonomy":"category","embeddable":true,"href":"https:\/\/kibrisayna.com\/index.php\/wp-json\/wp\/v2\/categories?post=18509"},{"taxonomy":"post_tag","embeddable":true,"href":"https:\/\/kibrisayna.com\/index.php\/wp-json\/wp\/v2\/tags?post=18509"}],"curies":[{"name":"wp","href":"https:\/\/api.w.org\/{rel}","templated":true}]}}