{"id":18507,"date":"2025-02-27T19:40:56","date_gmt":"2025-02-27T16:40:56","guid":{"rendered":"https:\/\/kibrisayna.com\/index.php\/2025\/02\/27\/ocalan-orgutu-feshedin-brtk\/"},"modified":"2025-02-27T19:40:56","modified_gmt":"2025-02-27T16:40:56","slug":"ocalan-orgutu-feshedin-brtk","status":"publish","type":"post","link":"https:\/\/kibrisayna.com\/index.php\/2025\/02\/27\/ocalan-orgutu-feshedin-brtk\/","title":{"rendered":"\u00d6calan: \u00d6rg\u00fct\u00fc feshedin \u2013 BRTK"},"content":{"rendered":"<p> <br \/>\n<\/p>\n<div>\n<div class=\"mariselle-image-container center\">\n                <img loading=\"lazy\" decoding=\"async\" width=\"2560\" height=\"1707\" class=\"lazy-image\" alt=\"\" sizes=\"auto, (max-width: 2560px) 100vw, 2560px\" src=\"https:\/\/brtk.net\/wp-content\/uploads\/2025\/02\/27\/lsls-scaled.jpg?ver=1e930687db1dc742293b3a967f6f3e06\" srcset=\"https:\/\/brtk.net\/wp-content\/uploads\/2025\/02\/27\/lsls-scaled.jpg?ver=1e930687db1dc742293b3a967f6f3e06 2560w, https:\/\/brtk.net\/wp-content\/uploads\/2025\/02\/27\/lsls-300x200.jpg?ver=5c6ba89fb96bed4b7b9574a654d8c99f 300w, https:\/\/brtk.net\/wp-content\/uploads\/2025\/02\/27\/lsls-1024x683.jpg?ver=8fba7062f4ebbba7c18fb0df394cbf98 1024w, https:\/\/brtk.net\/wp-content\/uploads\/2025\/02\/27\/lsls-768x512.jpg?ver=3dd2e58f3709ecc60ea69b6866178139 768w, https:\/\/brtk.net\/wp-content\/uploads\/2025\/02\/27\/lsls-1536x1024.jpg?ver=91530a386d73a67fe0948f87be26db39 1536w, https:\/\/brtk.net\/wp-content\/uploads\/2025\/02\/27\/lsls-2048x1365.jpg?ver=2108ff3003375e9f2153841b235e5062 2048w\"\/>                            <\/div>\n<p>\tDEM Parti heyeti \u00fc\u00e7\u00fcnc\u00fc kez \u0130mral\u0131\u2019y\u0131 ziyaret etti.<\/p>\n<p> \tHeyet, \u0130mral\u0131\u2019daki ziyaretin ard\u0131ndan \u0130stanbul\u2019da bas\u0131n toplant\u0131s\u0131 d\u00fczenleyerek, \u0130mral\u0131\u2019daki ter\u00f6r \u00f6rg\u00fct\u00fc eleba\u015f\u0131 Abdullah \u00d6calan\u2019\u0131n \u00e7a\u011fr\u0131s\u0131n\u0131 okundu. <\/p>\n<p> \t\u00c7a\u011fr\u0131da, \u201cT\u00fcm gruplar silah b\u0131rakmal\u0131, PKK kendini feshetmeli\u201d ifadelerine yer verildi.<\/p>\n<p> \t\u00d6calan\u2019\u0131n mektubunda PKK\u2019n\u0131n \u00f6mr\u00fcn\u00fc tamamlad\u0131\u011f\u0131 vurgulan\u0131rken, \u015fu ifadelere yer verildi:<\/p>\n<p>  \t\u201cMilliyet\u00e7i Hareket Partisi Genel Ba\u015fkan\u0131 Devlet Bah\u00e7eli\u2019nin yapt\u0131\u011f\u0131 \u00e7a\u011fr\u0131, TC Cumhurba\u015fkan\u0131 Recep Tayyip Erdo\u011fan\u2019\u0131n ortaya koydu\u011fu<br \/>iradeyle di\u011fer siyasi partilerin malum \u00e7a\u011fr\u0131ya d\u00f6n\u00fck olumlu yakla\u015f\u0131mlar\u0131yla olu\u015fan bu iklimde silah b\u0131rakma \u00e7a\u011fr\u0131s\u0131nda bulunuyor ve bu \u00e7a\u011fr\u0131n\u0131n tarihi sorumlulu\u011funu \u00fcstleniyorum.<\/p>\n<p> \tVarl\u0131\u011f\u0131 zorla sona erdirilmemi\u015f her \u00e7a\u011fda\u015f cemiyet ve partinin g\u00f6n\u00fcll\u00fc olarak yapaca\u011f\u0131 gibi devlet ve toplumla b\u00fct\u00fcnle\u015fme i\u00e7in kongrenizi toplay\u0131n ve karar al\u0131n; t\u00fcm gruplar silah b\u0131rakmal\u0131 ve PKK kendini feshetmelidir.<br \/>Ortak ya\u015fama inanan ve \u00e7a\u011fr\u0131ma kulak veren t\u00fcm kesimlere selamlar\u0131m\u0131 iletirim.\u201d<\/p>\n<p> \t\u00d6te yandan \u0130mral\u0131\u2019n\u0131n \u00e7a\u011fr\u0131s\u0131na kar\u015f\u0131l\u0131k AK Parti de ilk de\u011ferlendirmesini yapt\u0131.<\/p>\n<p> \tAK Parti Genel Ba\u015fkanvekili Efkan Ala, \u201cBu \u00e7a\u011fr\u0131n\u0131n \u00f6zeti ter\u00f6r \u00f6rg\u00fct\u00fcn\u00fcn kendisini la\u011fvetmesidir ve bu sonucun elde edilmesi i\u00e7in herkesin gayret sarf etmesi laz\u0131m. Bu \u00e7a\u011fr\u0131n\u0131n muhatab\u0131 ter\u00f6r \u00f6rg\u00fct\u00fcd\u00fcr. Muhatab\u0131n bu \u00e7a\u011fr\u0131ya nas\u0131l yan\u0131t verece\u011fini g\u00f6rece\u011fiz. Biz ter\u00f6rle m\u00fccadeleyi devam ettirece\u011fiz. Ter\u00f6r devam ederse biz ter\u00f6rle m\u00fccadele etmeye kararl\u0131y\u0131z\u201d dedi.<\/p>\n<\/p><\/div>\n<p><script async\n                    defer\n                    crossorigin=\"anonymous\"\n                    src=\"https:\/\/connect.facebook.net\/tr_TR\/sdk.js#xfbml=1&#038;version=v3.3\"\n            ><\/script><br \/>\n<br \/><br \/>\n<br \/><a href=\"https:\/\/brtk.net\/ocalan-orgutu-feshedin\/\"><\/a><\/p>\n","protected":false},"excerpt":{"rendered":"<p>DEM Parti heyeti \u00fc\u00e7\u00fcnc\u00fc kez \u0130mral\u0131\u2019y\u0131 ziyaret etti. Heyet, \u0130mral\u0131\u2019daki ziyaretin ard\u0131ndan \u0130stanbul\u2019da bas\u0131n toplant\u0131s\u0131 d\u00fczenleyerek, \u0130mral\u0131\u2019daki ter\u00f6r \u00f6rg\u00fct\u00fc eleba\u015f\u0131 Abdullah \u00d6calan\u2019\u0131n \u00e7a\u011fr\u0131s\u0131n\u0131 okundu. \u00c7a\u011fr\u0131da, \u201cT\u00fcm gruplar silah b\u0131rakmal\u0131, PKK kendini feshetmeli\u201d ifadelerine yer verildi. \u00d6calan\u2019\u0131n mektubunda PKK\u2019n\u0131n \u00f6mr\u00fcn\u00fc tamamlad\u0131\u011f\u0131 vurgulan\u0131rken, \u015fu ifadelere yer verildi: \u201cMilliyet\u00e7i Hareket Partisi Genel Ba\u015fkan\u0131 Devlet Bah\u00e7eli\u2019nin yapt\u0131\u011f\u0131 \u00e7a\u011fr\u0131, TC [&hellip;]<\/p>\n","protected":false},"author":908,"featured_media":18508,"comment_status":"open","ping_status":"open","sticky":false,"template":"","format":"standard","meta":{"_jetpack_memberships_contains_paid_content":false,"footnotes":"","jetpack_publicize_message":"","jetpack_publicize_feature_enabled":true,"jetpack_social_post_already_shared":true,"jetpack_social_options":{"image_generator_settings":{"template":"highway","default_image_id":0,"font":"","enabled":false},"version":2}},"categories":[587],"tags":[],"class_list":["post-18507","post","type-post","status-publish","format-standard","has-post-thumbnail","hentry","category-dunya"],"jetpack_publicize_connections":[],"jetpack_featured_media_url":"https:\/\/kibrisayna.com\/wp-content\/uploads\/2025\/02\/lsls-scaled.jpg","jetpack_sharing_enabled":true,"_links":{"self":[{"href":"https:\/\/kibrisayna.com\/index.php\/wp-json\/wp\/v2\/posts\/18507","targetHints":{"allow":["GET"]}}],"collection":[{"href":"https:\/\/kibrisayna.com\/index.php\/wp-json\/wp\/v2\/posts"}],"about":[{"href":"https:\/\/kibrisayna.com\/index.php\/wp-json\/wp\/v2\/types\/post"}],"author":[{"embeddable":true,"href":"https:\/\/kibrisayna.com\/index.php\/wp-json\/wp\/v2\/users\/908"}],"replies":[{"embeddable":true,"href":"https:\/\/kibrisayna.com\/index.php\/wp-json\/wp\/v2\/comments?post=18507"}],"version-history":[{"count":0,"href":"https:\/\/kibrisayna.com\/index.php\/wp-json\/wp\/v2\/posts\/18507\/revisions"}],"wp:featuredmedia":[{"embeddable":true,"href":"https:\/\/kibrisayna.com\/index.php\/wp-json\/wp\/v2\/media\/18508"}],"wp:attachment":[{"href":"https:\/\/kibrisayna.com\/index.php\/wp-json\/wp\/v2\/media?parent=18507"}],"wp:term":[{"taxonomy":"category","embeddable":true,"href":"https:\/\/kibrisayna.com\/index.php\/wp-json\/wp\/v2\/categories?post=18507"},{"taxonomy":"post_tag","embeddable":true,"href":"https:\/\/kibrisayna.com\/index.php\/wp-json\/wp\/v2\/tags?post=18507"}],"curies":[{"name":"wp","href":"https:\/\/api.w.org\/{rel}","templated":true}]}}