{"id":18192,"date":"2025-02-24T21:47:00","date_gmt":"2025-02-24T18:47:00","guid":{"rendered":"https:\/\/kibrisayna.com\/index.php\/2025\/02\/24\/naimogullarihayvanci-benden-ne-isterse-ona-gore-hareket-ederim-mucadeleyi-asla-birakmam-brtk\/"},"modified":"2025-02-24T21:47:00","modified_gmt":"2025-02-24T18:47:00","slug":"naimogullarihayvanci-benden-ne-isterse-ona-gore-hareket-ederim-mucadeleyi-asla-birakmam-brtk","status":"publish","type":"post","link":"https:\/\/kibrisayna.com\/index.php\/2025\/02\/24\/naimogullarihayvanci-benden-ne-isterse-ona-gore-hareket-ederim-mucadeleyi-asla-birakmam-brtk\/","title":{"rendered":"Naimo\u011fullar\u0131:Hayvanc\u0131 benden ne isterse ona g\u00f6re hareket ederim, m\u00fccadeleyi asla b\u0131rakmam \u2013 BRTK"},"content":{"rendered":"<p> <br \/>\n<\/p>\n<div>\n<div class=\"mariselle-image-container center\">\n                <img loading=\"lazy\" decoding=\"async\" width=\"1920\" height=\"1088\" class=\"lazy-image\" alt=\"\" sizes=\"auto, (max-width: 1920px) 100vw, 1920px\" src=\"https:\/\/brtk.net\/wp-content\/uploads\/2025\/02\/24\/vlcsnap-2025-02-24-20h42m04s996-1.png?ver=020f3d29e2da4e7968883024c301590a\" srcset=\"https:\/\/brtk.net\/wp-content\/uploads\/2025\/02\/24\/vlcsnap-2025-02-24-20h42m04s996-1.png?ver=020f3d29e2da4e7968883024c301590a 1920w, https:\/\/brtk.net\/wp-content\/uploads\/2025\/02\/24\/vlcsnap-2025-02-24-20h42m04s996-1-300x170.png?ver=eb5cfe66c9146cab2db83c4d7f80cb5b 300w, https:\/\/brtk.net\/wp-content\/uploads\/2025\/02\/24\/vlcsnap-2025-02-24-20h42m04s996-1-1024x580.png?ver=067e6bfb2a43cad1940bc8cd226da0b2 1024w, https:\/\/brtk.net\/wp-content\/uploads\/2025\/02\/24\/vlcsnap-2025-02-24-20h42m04s996-1-768x435.png?ver=0a9038fb04d7562e754ab55d953f81c2 768w, https:\/\/brtk.net\/wp-content\/uploads\/2025\/02\/24\/vlcsnap-2025-02-24-20h42m04s996-1-1536x870.png?ver=1593fc5c581bd2c796235b2a9d0d6b5a 1536w\"\/>                            <\/div>\n<p>Hayvan \u00dcreticileri ve Yeti\u015ftiricileri Birli\u011fi Ba\u015fkan\u0131 Mustafa Naimo\u011fullar\u0131, Vadili k\u00f6y\u00fcndeki bir \u00e7iftlikte bas\u0131n toplant\u0131s\u0131 d\u00fczenleyerek son geli\u015fmeleri de\u011ferlendirdi ve birli\u011fin genel kurul s\u00fcrecine ili\u015fkin a\u00e7\u0131klamalarda bulundu.<\/p>\n<p>Mustafa Naimo\u011fullar\u0131, hayvanc\u0131lar\u0131n \u00e7al\u0131\u015fma ortam\u0131n\u0131n daha iyi anla\u015f\u0131labilmesi i\u00e7in bas\u0131n toplant\u0131s\u0131n\u0131 Vadili k\u00f6y\u00fcndeki bu \u00e7iftlikte d\u00fczenledi\u011fini belirtti.<\/p>\n<p>20 y\u0131ldan bu yana y\u00fczde seksenlerde destek, fedakarl\u0131klar ve m\u00fccadelelerle hayvanc\u0131l\u0131k sekt\u00f6r\u00fcn\u00fcn geli\u015fmesi i\u00e7in \u00e7al\u0131\u015ft\u0131klar\u0131n\u0131 kaydeden Naimo\u011fullar\u0131, hayvanc\u0131lar\u0131 susturmak ve g\u00fcc\u00fcn\u00fc azaltmak i\u00e7in giri\u015fimlerde bulundu\u011funu iddia etti\u011fi Tar\u0131m ve Do\u011fal Kaynaklar Bakan\u0131 H\u00fcseyin \u00c7avu\u015f\u2019un bu konuda ba\u015far\u0131l\u0131 olamayaca\u011f\u0131n\u0131 s\u00f6yledi.<\/p>\n<p>2022 y\u0131l\u0131nda ger\u00e7ekle\u015ftirilen genel kurulda bir sonraki se\u00e7imde ba\u015fkan aday\u0131 olmayaca\u011f\u0131n\u0131 s\u00f6yledi\u011fini hat\u0131rlatan Naimo\u011fullar\u0131, bu s\u00f6z\u00fcn\u00fcn arkas\u0131nda oldu\u011funu ifade etti. <\/p>\n<p>\tMustafa Naimo\u011flullar\u0131, \u201cBen verdi\u011fim s\u00f6z\u00fcn arkas\u0131nday\u0131m. Hayvanc\u0131 benden ne isterse ona g\u00f6re hareket ederim ama m\u00fccadeleyi asla b\u0131rakmam\u201d dedi.<\/p>\n<\/p><\/div>\n<p><script async\n                    defer\n                    crossorigin=\"anonymous\"\n                    src=\"https:\/\/connect.facebook.net\/tr_TR\/sdk.js#xfbml=1&#038;version=v3.3\"\n            ><\/script><br \/>\n<br \/><br \/>\n<br \/><a href=\"https:\/\/brtk.net\/naimogullarihayvanci-benden-ne-isterse-ona-gore-hareket-ederim-mucadeleyi-asla-birakmam\/\">Kaynak BRT <\/a><\/p>\n","protected":false},"excerpt":{"rendered":"<p>Hayvan \u00dcreticileri ve Yeti\u015ftiricileri Birli\u011fi Ba\u015fkan\u0131 Mustafa Naimo\u011fullar\u0131, Vadili k\u00f6y\u00fcndeki bir \u00e7iftlikte bas\u0131n toplant\u0131s\u0131 d\u00fczenleyerek son geli\u015fmeleri de\u011ferlendirdi ve birli\u011fin genel kurul s\u00fcrecine ili\u015fkin a\u00e7\u0131klamalarda bulundu. Mustafa Naimo\u011fullar\u0131, hayvanc\u0131lar\u0131n \u00e7al\u0131\u015fma ortam\u0131n\u0131n daha iyi anla\u015f\u0131labilmesi i\u00e7in bas\u0131n toplant\u0131s\u0131n\u0131 Vadili k\u00f6y\u00fcndeki bu \u00e7iftlikte d\u00fczenledi\u011fini belirtti. 20 y\u0131ldan bu yana y\u00fczde seksenlerde destek, fedakarl\u0131klar ve m\u00fccadelelerle hayvanc\u0131l\u0131k sekt\u00f6r\u00fcn\u00fcn [&hellip;]<\/p>\n","protected":false},"author":908,"featured_media":18193,"comment_status":"open","ping_status":"open","sticky":false,"template":"","format":"standard","meta":{"_jetpack_memberships_contains_paid_content":false,"footnotes":"","jetpack_publicize_message":"","jetpack_publicize_feature_enabled":true,"jetpack_social_post_already_shared":true,"jetpack_social_options":{"image_generator_settings":{"template":"highway","default_image_id":0,"font":"","enabled":false},"version":2}},"categories":[253],"tags":[],"class_list":["post-18192","post","type-post","status-publish","format-standard","has-post-thumbnail","hentry","category-gundem"],"jetpack_publicize_connections":[],"jetpack_featured_media_url":"https:\/\/kibrisayna.com\/wp-content\/uploads\/2025\/02\/vlcsnap-2025-02-24-20h42m04s996.png","jetpack_sharing_enabled":true,"_links":{"self":[{"href":"https:\/\/kibrisayna.com\/index.php\/wp-json\/wp\/v2\/posts\/18192","targetHints":{"allow":["GET"]}}],"collection":[{"href":"https:\/\/kibrisayna.com\/index.php\/wp-json\/wp\/v2\/posts"}],"about":[{"href":"https:\/\/kibrisayna.com\/index.php\/wp-json\/wp\/v2\/types\/post"}],"author":[{"embeddable":true,"href":"https:\/\/kibrisayna.com\/index.php\/wp-json\/wp\/v2\/users\/908"}],"replies":[{"embeddable":true,"href":"https:\/\/kibrisayna.com\/index.php\/wp-json\/wp\/v2\/comments?post=18192"}],"version-history":[{"count":0,"href":"https:\/\/kibrisayna.com\/index.php\/wp-json\/wp\/v2\/posts\/18192\/revisions"}],"wp:featuredmedia":[{"embeddable":true,"href":"https:\/\/kibrisayna.com\/index.php\/wp-json\/wp\/v2\/media\/18193"}],"wp:attachment":[{"href":"https:\/\/kibrisayna.com\/index.php\/wp-json\/wp\/v2\/media?parent=18192"}],"wp:term":[{"taxonomy":"category","embeddable":true,"href":"https:\/\/kibrisayna.com\/index.php\/wp-json\/wp\/v2\/categories?post=18192"},{"taxonomy":"post_tag","embeddable":true,"href":"https:\/\/kibrisayna.com\/index.php\/wp-json\/wp\/v2\/tags?post=18192"}],"curies":[{"name":"wp","href":"https:\/\/api.w.org\/{rel}","templated":true}]}}