{"id":18188,"date":"2025-02-24T21:08:09","date_gmt":"2025-02-24T18:08:09","guid":{"rendered":"https:\/\/kibrisayna.com\/index.php\/2025\/02\/24\/dau-avrupa-turk-islam-kultur-dernekleri-birligi-heyetini-agirladi-brtk\/"},"modified":"2025-02-24T21:08:09","modified_gmt":"2025-02-24T18:08:09","slug":"dau-avrupa-turk-islam-kultur-dernekleri-birligi-heyetini-agirladi-brtk","status":"publish","type":"post","link":"https:\/\/kibrisayna.com\/index.php\/2025\/02\/24\/dau-avrupa-turk-islam-kultur-dernekleri-birligi-heyetini-agirladi-brtk\/","title":{"rendered":"DA\u00dc, Avrupa T\u00fcrk-\u0130slam K\u00fclt\u00fcr Dernekleri Birli\u011fi heyetini a\u011f\u0131rlad\u0131 \u2013 BRTK"},"content":{"rendered":"<p> <br \/>\n<\/p>\n<div>\n<div class=\"mariselle-image-container center\">\n                <img loading=\"lazy\" decoding=\"async\" width=\"1800\" height=\"1200\" class=\"lazy-image\" alt=\"\" sizes=\"auto, (max-width: 1800px) 100vw, 1800px\" src=\"https:\/\/brtk.net\/wp-content\/uploads\/2025\/02\/24\/791741.jpg?ver=513a78eae8d81aafbf77d925c0d30cfa\" srcset=\"https:\/\/brtk.net\/wp-content\/uploads\/2025\/02\/24\/791741.jpg?ver=513a78eae8d81aafbf77d925c0d30cfa 1800w, https:\/\/brtk.net\/wp-content\/uploads\/2025\/02\/24\/791741-300x200.jpg?ver=098b416311f68ab9ce714a9462132351 300w, https:\/\/brtk.net\/wp-content\/uploads\/2025\/02\/24\/791741-1024x683.jpg?ver=098b416311f68ab9ce714a9462132351 1024w, https:\/\/brtk.net\/wp-content\/uploads\/2025\/02\/24\/791741-768x512.jpg?ver=cc3057673e814f1ed3fd680237392428 768w, https:\/\/brtk.net\/wp-content\/uploads\/2025\/02\/24\/791741-1536x1024.jpg?ver=cc3057673e814f1ed3fd680237392428 1536w\"\/>                            <\/div>\n<p>Do\u011fu Akdeniz \u00dcniversitesi (DA\u00dc), temaslarda bulunmak \u00fczere Kuzey K\u0131br\u0131s T\u00fcrk Cumhuriyeti\u2019nde bulunan Avrupa T\u00fcrk-\u0130slam K\u00fclt\u00fcr Dernekleri Birli\u011fi (AT\u0130B) heyetini a\u011f\u0131rlad\u0131.<\/p>\n<p>DA\u00dc\u2019den yap\u0131lan a\u00e7\u0131klamaya g\u00f6re, DA\u00dc Rekt\u00f6r\u00fc Prof. Dr. Hasan K\u0131l\u0131\u00e7 ve DA\u00dc Tan\u0131t\u0131m ve Kurumsal \u0130leti\u015fimden Sorumlu Rekt\u00f6r Yard\u0131mc\u0131s\u0131 Prof. Dr. Ali \u00d6zt\u00fcren, AT\u0130B Genel Ba\u015fkan\u0131 \u0130mam Cengiz ve beraberindeki heyete \u00fcniversitenin akademik ve sosyal olanaklar\u0131 hakk\u0131nda bilgi verdi.<\/p>\n<p>AT\u0130B Genel Ba\u015fkan\u0131 \u0130mam Cengiz,  konu\u015fmas\u0131nda DA\u00dc\u2019ye ve Rekt\u00f6r Hasan K\u0131l\u0131\u00e7\u2019a g\u00f6sterdi\u011fi misafirperverlik i\u00e7in te\u015fekk\u00fcr etti, adan\u0131n b\u00fcy\u00fck bir manevi de\u011fere sahip oldu\u011funu ifade etti.<\/p>\n<p>DA\u00dc Rekt\u00f6r\u00fc Prof. Dr. Hasan K\u0131l\u0131\u00e7 ise AT\u0130B heyetini DA\u00dc\u2019de a\u011f\u0131rlamaktan b\u00fcy\u00fck memnuniyet duyduklar\u0131n\u0131 belirtti.<\/p>\n<p>DA\u00dc\u2019n\u00fcn, anavatan T\u00fcrkiye ile g\u00fc\u00e7l\u00fc ba\u011flara sahip \u00f6nemli bir e\u011fitim kurumu oldu\u011funu vurgulayan K\u0131l\u0131\u00e7, \u00fcniversitenin uluslararas\u0131 ba\u015far\u0131lar\u0131 ve sundu\u011fu akademik olanaklar hakk\u0131nda bilgilendirmelerde bulundu.<\/p>\n<p>Konu\u015fmalar\u0131n ard\u0131ndan, DA\u00dc Rekt\u00f6r Yard\u0131mc\u0131s\u0131 Prof. Dr. Ali \u00d6zt\u00fcren taraf\u0131ndan \u00fcniversitenin akademik programlar\u0131, ara\u015ft\u0131rma faaliyetleri ve kamp\u00fcs olanaklar\u0131n\u0131 kapsayan kapsaml\u0131 bir tan\u0131t\u0131m ger\u00e7ekle\u015ftirildi.<\/p>\n<\/p><\/div>\n<p><script async\n                    defer\n                    crossorigin=\"anonymous\"\n                    src=\"https:\/\/connect.facebook.net\/tr_TR\/sdk.js#xfbml=1&#038;version=v3.3\"\n            ><\/script><br \/>\n<br \/><br \/>\n<br \/><a href=\"https:\/\/brtk.net\/dau-avrupa-turk-islam-kultur-dernekleri-birligi-heyetini-agirladi\/\">Kaynak BRT <\/a><\/p>\n","protected":false},"excerpt":{"rendered":"<p>Do\u011fu Akdeniz \u00dcniversitesi (DA\u00dc), temaslarda bulunmak \u00fczere Kuzey K\u0131br\u0131s T\u00fcrk Cumhuriyeti\u2019nde bulunan Avrupa T\u00fcrk-\u0130slam K\u00fclt\u00fcr Dernekleri Birli\u011fi (AT\u0130B) heyetini a\u011f\u0131rlad\u0131. DA\u00dc\u2019den yap\u0131lan a\u00e7\u0131klamaya g\u00f6re, DA\u00dc Rekt\u00f6r\u00fc Prof. Dr. Hasan K\u0131l\u0131\u00e7 ve DA\u00dc Tan\u0131t\u0131m ve Kurumsal \u0130leti\u015fimden Sorumlu Rekt\u00f6r Yard\u0131mc\u0131s\u0131 Prof. Dr. Ali \u00d6zt\u00fcren, AT\u0130B Genel Ba\u015fkan\u0131 \u0130mam Cengiz ve beraberindeki heyete \u00fcniversitenin akademik ve sosyal [&hellip;]<\/p>\n","protected":false},"author":908,"featured_media":18189,"comment_status":"open","ping_status":"open","sticky":false,"template":"","format":"standard","meta":{"_jetpack_memberships_contains_paid_content":false,"footnotes":"","jetpack_publicize_message":"","jetpack_publicize_feature_enabled":true,"jetpack_social_post_already_shared":true,"jetpack_social_options":{"image_generator_settings":{"template":"highway","default_image_id":0,"font":"","enabled":false},"version":2}},"categories":[253],"tags":[],"class_list":["post-18188","post","type-post","status-publish","format-standard","has-post-thumbnail","hentry","category-gundem"],"jetpack_publicize_connections":[],"jetpack_featured_media_url":"https:\/\/kibrisayna.com\/wp-content\/uploads\/2025\/02\/791741.jpg","jetpack_sharing_enabled":true,"_links":{"self":[{"href":"https:\/\/kibrisayna.com\/index.php\/wp-json\/wp\/v2\/posts\/18188","targetHints":{"allow":["GET"]}}],"collection":[{"href":"https:\/\/kibrisayna.com\/index.php\/wp-json\/wp\/v2\/posts"}],"about":[{"href":"https:\/\/kibrisayna.com\/index.php\/wp-json\/wp\/v2\/types\/post"}],"author":[{"embeddable":true,"href":"https:\/\/kibrisayna.com\/index.php\/wp-json\/wp\/v2\/users\/908"}],"replies":[{"embeddable":true,"href":"https:\/\/kibrisayna.com\/index.php\/wp-json\/wp\/v2\/comments?post=18188"}],"version-history":[{"count":0,"href":"https:\/\/kibrisayna.com\/index.php\/wp-json\/wp\/v2\/posts\/18188\/revisions"}],"wp:featuredmedia":[{"embeddable":true,"href":"https:\/\/kibrisayna.com\/index.php\/wp-json\/wp\/v2\/media\/18189"}],"wp:attachment":[{"href":"https:\/\/kibrisayna.com\/index.php\/wp-json\/wp\/v2\/media?parent=18188"}],"wp:term":[{"taxonomy":"category","embeddable":true,"href":"https:\/\/kibrisayna.com\/index.php\/wp-json\/wp\/v2\/categories?post=18188"},{"taxonomy":"post_tag","embeddable":true,"href":"https:\/\/kibrisayna.com\/index.php\/wp-json\/wp\/v2\/tags?post=18188"}],"curies":[{"name":"wp","href":"https:\/\/api.w.org\/{rel}","templated":true}]}}