{"id":18187,"date":"2025-02-24T21:01:59","date_gmt":"2025-02-24T18:01:59","guid":{"rendered":"https:\/\/kibrisayna.com\/index.php\/2025\/02\/24\/ariklinin-cumhurbaskani-adayi-olacaklara-1500-imza-sarti-iceren-yasa-onerisi-halkin-bilgisine-sunuldu-brtk\/"},"modified":"2025-02-24T21:01:59","modified_gmt":"2025-02-24T18:01:59","slug":"ariklinin-cumhurbaskani-adayi-olacaklara-1500-imza-sarti-iceren-yasa-onerisi-halkin-bilgisine-sunuldu-brtk","status":"publish","type":"post","link":"https:\/\/kibrisayna.com\/index.php\/2025\/02\/24\/ariklinin-cumhurbaskani-adayi-olacaklara-1500-imza-sarti-iceren-yasa-onerisi-halkin-bilgisine-sunuldu-brtk\/","title":{"rendered":"Ar\u0131kl\u0131\u2019n\u0131n, cumhurba\u015fkan\u0131 aday\u0131 olacaklara 1500 imza \u015fart\u0131 i\u00e7eren yasa \u00f6nerisi halk\u0131n bilgisine sunuldu \u2013 BRTK"},"content":{"rendered":"<p> <br \/>\n<\/p>\n<div>\n<div class=\"mariselle-image-container center\">\n                <img loading=\"lazy\" decoding=\"async\" width=\"612\" height=\"303\" class=\"lazy-image\" alt=\"\" sizes=\"auto, (max-width: 612px) 100vw, 612px\" src=\"https:\/\/brtk.net\/wp-content\/uploads\/2023\/12\/21\/k-k-t-c-resmi-gazete-logosu21.png?ver=933e7f38ecb1e102ca0380d410345afc\" srcset=\"https:\/\/brtk.net\/wp-content\/uploads\/2023\/12\/21\/k-k-t-c-resmi-gazete-logosu21.png?ver=933e7f38ecb1e102ca0380d410345afc 612w, https:\/\/brtk.net\/wp-content\/uploads\/2023\/12\/21\/k-k-t-c-resmi-gazete-logosu21-300x149.png?ver=933e7f38ecb1e102ca0380d410345afc 300w\"\/>                            <\/div>\n<p> Yeniden Do\u011fu\u015f Partisi (YDP) Genel Ba\u015fkan\u0131, Bay\u0131nd\u0131rl\u0131k ve Ula\u015ft\u0131rma Bakan\u0131 Erhan Ar\u0131kl\u0131\u2019n\u0131n sundu\u011fu ve Cumhurba\u015fkan\u0131 aday\u0131 olabilmek i\u00e7in 1500 ki\u015finin imzas\u0131 olmas\u0131 \u015fart\u0131 getirilmesini \u00f6ng\u00f6ren \u201cSe\u00e7im ve Halkoylamas\u0131 (De\u011fi\u015fiklik) Yasa \u00d6nerisi\u201d, Resmi Gazete\u2019de yay\u0131mlanarak halk\u0131n bilgisine getirildi.<\/p>\n<p>Ger\u00e7ek ve t\u00fczel ki\u015filer, do\u011frudan do\u011fruya Yasa \u00d6nerisi\u2019nin i\u00e7eri\u011fi ile ilgili olmak ko\u015fuluyla, g\u00f6r\u00fc\u015f ve \u00f6nerilerini yirmi g\u00fcn i\u00e7inde Meclis Ba\u015fkanl\u0131\u011f\u0131\u2019na yaz\u0131l\u0131 olarak sunabilecek.<\/p>\n<p>Yeniden Do\u011fu\u015f Partisi (YDP) Genel Ba\u015fkan\u0131, Bay\u0131nd\u0131rl\u0131k ve Ula\u015ft\u0131rma Bakan\u0131 Erhan Ar\u0131kl\u0131\u2019n\u0131n sundu\u011fu \u00f6neride, Cumhurba\u015fkan\u0131 aday\u0131 olacak ki\u015filerin yasada \u00f6ng\u00f6r\u00fclen nitelik ve ba\u015fvuru ko\u015fullar\u0131na ek olarak en az 1500 yurtta\u015f\u0131n ismi-soy ismi, kimlik kart\u0131 numaras\u0131, oturma adresi ile imzas\u0131 bulunan, noter taraf\u0131ndan onaylanan aday talep belgesini Y\u00fcksek Se\u00e7im Kurulu\u2019na ba\u015fvurusu ile birlikte iletmesi \u015fart\u0131 getirildi.<\/p>\n<\/p><\/div>\n<p><script async\n                    defer\n                    crossorigin=\"anonymous\"\n                    src=\"https:\/\/connect.facebook.net\/tr_TR\/sdk.js#xfbml=1&#038;version=v3.3\"\n            ><\/script><br \/>\n<br \/><br \/>\n<br \/><a href=\"https:\/\/brtk.net\/ariklinin-cumhurbaskani-adayi-olacaklara-1500-imza-sarti-iceren-yasa-onerisi-halkin-bilgisine-sunuldu\/\">Kaynak BRT <\/a><\/p>\n","protected":false},"excerpt":{"rendered":"<p>Yeniden Do\u011fu\u015f Partisi (YDP) Genel Ba\u015fkan\u0131, Bay\u0131nd\u0131rl\u0131k ve Ula\u015ft\u0131rma Bakan\u0131 Erhan Ar\u0131kl\u0131\u2019n\u0131n sundu\u011fu ve Cumhurba\u015fkan\u0131 aday\u0131 olabilmek i\u00e7in 1500 ki\u015finin imzas\u0131 olmas\u0131 \u015fart\u0131 getirilmesini \u00f6ng\u00f6ren \u201cSe\u00e7im ve Halkoylamas\u0131 (De\u011fi\u015fiklik) Yasa \u00d6nerisi\u201d, Resmi Gazete\u2019de yay\u0131mlanarak halk\u0131n bilgisine getirildi. Ger\u00e7ek ve t\u00fczel ki\u015filer, do\u011frudan do\u011fruya Yasa \u00d6nerisi\u2019nin i\u00e7eri\u011fi ile ilgili olmak ko\u015fuluyla, g\u00f6r\u00fc\u015f ve \u00f6nerilerini yirmi g\u00fcn [&hellip;]<\/p>\n","protected":false},"author":908,"featured_media":3037,"comment_status":"open","ping_status":"open","sticky":false,"template":"","format":"standard","meta":{"_jetpack_memberships_contains_paid_content":false,"footnotes":"","jetpack_publicize_message":"","jetpack_publicize_feature_enabled":true,"jetpack_social_post_already_shared":true,"jetpack_social_options":{"image_generator_settings":{"template":"highway","default_image_id":0,"font":"","enabled":false},"version":2}},"categories":[253],"tags":[],"class_list":["post-18187","post","type-post","status-publish","format-standard","has-post-thumbnail","hentry","category-gundem"],"jetpack_publicize_connections":[],"jetpack_featured_media_url":"https:\/\/kibrisayna.com\/wp-content\/uploads\/2024\/08\/k-k-t-c-resmi-gazete-logosu3.png","jetpack_sharing_enabled":true,"_links":{"self":[{"href":"https:\/\/kibrisayna.com\/index.php\/wp-json\/wp\/v2\/posts\/18187","targetHints":{"allow":["GET"]}}],"collection":[{"href":"https:\/\/kibrisayna.com\/index.php\/wp-json\/wp\/v2\/posts"}],"about":[{"href":"https:\/\/kibrisayna.com\/index.php\/wp-json\/wp\/v2\/types\/post"}],"author":[{"embeddable":true,"href":"https:\/\/kibrisayna.com\/index.php\/wp-json\/wp\/v2\/users\/908"}],"replies":[{"embeddable":true,"href":"https:\/\/kibrisayna.com\/index.php\/wp-json\/wp\/v2\/comments?post=18187"}],"version-history":[{"count":0,"href":"https:\/\/kibrisayna.com\/index.php\/wp-json\/wp\/v2\/posts\/18187\/revisions"}],"wp:featuredmedia":[{"embeddable":true,"href":"https:\/\/kibrisayna.com\/index.php\/wp-json\/wp\/v2\/media\/3037"}],"wp:attachment":[{"href":"https:\/\/kibrisayna.com\/index.php\/wp-json\/wp\/v2\/media?parent=18187"}],"wp:term":[{"taxonomy":"category","embeddable":true,"href":"https:\/\/kibrisayna.com\/index.php\/wp-json\/wp\/v2\/categories?post=18187"},{"taxonomy":"post_tag","embeddable":true,"href":"https:\/\/kibrisayna.com\/index.php\/wp-json\/wp\/v2\/tags?post=18187"}],"curies":[{"name":"wp","href":"https:\/\/api.w.org\/{rel}","templated":true}]}}