{"id":18176,"date":"2025-02-24T16:52:08","date_gmt":"2025-02-24T13:52:08","guid":{"rendered":"https:\/\/kibrisayna.com\/index.php\/2025\/02\/24\/saglikta-kalite-ve-akreditasyon-is-birligioygaregitimlerle-birlikte-kalite-sisteminin-en-iyi-sekilde-uygulanmasini-hedefliyoruz-brtk\/"},"modified":"2025-02-24T16:52:08","modified_gmt":"2025-02-24T13:52:08","slug":"saglikta-kalite-ve-akreditasyon-is-birligioygaregitimlerle-birlikte-kalite-sisteminin-en-iyi-sekilde-uygulanmasini-hedefliyoruz-brtk","status":"publish","type":"post","link":"https:\/\/kibrisayna.com\/index.php\/2025\/02\/24\/saglikta-kalite-ve-akreditasyon-is-birligioygaregitimlerle-birlikte-kalite-sisteminin-en-iyi-sekilde-uygulanmasini-hedefliyoruz-brtk\/","title":{"rendered":"Sa\u011fl\u0131kta kalite ve akreditasyon i\u015f birli\u011fi\u2026Oygar:E\u011fitimlerle birlikte kalite sisteminin en iyi \u015fekilde uygulanmas\u0131n\u0131 hedefliyoruz \u2013 BRTK"},"content":{"rendered":"<p> <br \/>\n<\/p>\n<div>\n<div class=\"mariselle-image-container center\">\n                <img loading=\"lazy\" decoding=\"async\" width=\"2560\" height=\"1920\" class=\"lazy-image\" alt=\"\" sizes=\"auto, (max-width: 2560px) 100vw, 2560px\" src=\"https:\/\/brtk.net\/wp-content\/uploads\/2025\/02\/24\/257ea118-fed9-4a16-9372-b9d8277c35c5-scaled.jpg?ver=cb89749946d4ae035170e39d5e7dfd59\" srcset=\"https:\/\/brtk.net\/wp-content\/uploads\/2025\/02\/24\/257ea118-fed9-4a16-9372-b9d8277c35c5-scaled.jpg?ver=cb89749946d4ae035170e39d5e7dfd59 2560w, https:\/\/brtk.net\/wp-content\/uploads\/2025\/02\/24\/257ea118-fed9-4a16-9372-b9d8277c35c5-300x225.jpg?ver=cb89749946d4ae035170e39d5e7dfd59 300w, https:\/\/brtk.net\/wp-content\/uploads\/2025\/02\/24\/257ea118-fed9-4a16-9372-b9d8277c35c5-1024x768.jpg?ver=a659ca5a7971230cc173125d730932b1 1024w, https:\/\/brtk.net\/wp-content\/uploads\/2025\/02\/24\/257ea118-fed9-4a16-9372-b9d8277c35c5-768x576.jpg?ver=432b231c65224ab91821c0f6b6d2e256 768w, https:\/\/brtk.net\/wp-content\/uploads\/2025\/02\/24\/257ea118-fed9-4a16-9372-b9d8277c35c5-1536x1152.jpg?ver=94b8536ddf12b5ba31e99f23db3d3785 1536w, https:\/\/brtk.net\/wp-content\/uploads\/2025\/02\/24\/257ea118-fed9-4a16-9372-b9d8277c35c5-2048x1536.jpg?ver=e6d0cf1bbc7e21e79fcff994ff29fc82 2048w\"\/>                            <\/div>\n<p>KKTC Sa\u011fl\u0131k Bakanl\u0131\u011f\u0131 ve T\u00fcrkiye Cumhuriyeti Sa\u011fl\u0131k Bakanl\u0131\u011f\u0131\u2019n\u0131n birlikte y\u00fcr\u00fctt\u00fckleri proje kapsam\u0131nda KKTC Sa\u011fl\u0131k Bakanl\u0131\u011f\u0131 ve T\u00fcrkiye Sa\u011fl\u0131k Hizmetleri Kalite ve Akreditasyon Enstit\u00fcs\u00fc ile kalite toplant\u0131s\u0131 ger\u00e7ekle\u015ftirildi. <\/p>\n<p>Toplant\u0131ya Sa\u011fl\u0131k Bakanl\u0131\u011f\u0131 M\u00fcste\u015far\u0131 Do\u00e7. Dr. Deren Oygar, T\u00dcSEB\u2019e ba\u011fl\u0131 T\u00fcrkiye Sa\u011fl\u0131k Hizmetleri Kalite ve Akreditasyon Enstit\u00fcs\u00fc (T\u00dcSKA) Ba\u015fkan\u0131 Do\u00e7. Dr. Bayram Demir, T\u00fcrkiye Cumhuriyeti Sa\u011fl\u0131k Bakanl\u0131\u011f\u0131 Dan\u0131\u015fman\u0131 Dr. Hasan G\u00fcler ve \u00e7e\u015fitli bilim insanlar\u0131 kat\u0131ld\u0131. <\/p>\n<p>Toplant\u0131n\u0131n a\u00e7\u0131l\u0131\u015f\u0131nda konu\u015fan Sa\u011fl\u0131k Bakanl\u0131\u011f\u0131 M\u00fcste\u015far\u0131 Do\u00e7. Dr. Deren Oygar, iki bu\u00e7uk y\u0131ld\u0131r s\u00fcren yasal \u00e7al\u0131\u015fmalar sonucunda kalite sisteminin e\u011fitim s\u00fcrecini ba\u015flatt\u0131klar\u0131n\u0131 belirtti. Oygar, sa\u011fl\u0131kta kalite standartlar\u0131n\u0131n \u00f6nemine vurgu yaparak, hasta ve \u00e7al\u0131\u015fan g\u00fcvenli\u011fini art\u0131rmay\u0131, hatalar\u0131 minimize etmeyi ve i\u015flemleri belirlenen k\u0131lavuzlara uygun \u015fekilde ger\u00e7ekle\u015ftirmeyi ve bu kapsamda kurumlar\u0131n denetlenmesini ama\u00e7lad\u0131klar\u0131n\u0131 ifade etti. <\/p>\n<p>Oygar, bu sistemin KKTC\u2019deki hastane ve sa\u011fl\u0131k merkezlerine entegre edilmesiyle hem hastalar\u0131n hem de sa\u011fl\u0131k \u00e7al\u0131\u015fanlar\u0131n\u0131n daha g\u00fcvenli bir ortamda hizmet al\u0131p verece\u011fini s\u00f6yledi.<\/p>\n<p>Sa\u011fl\u0131k hizmetlerinde kalite ve standartlar\u0131n belirlenmesini \u00f6ng\u00f6ren yasa \u00e7al\u0131\u015fmas\u0131n\u0131n mecliste oldu\u011funu hat\u0131rlatan Oygar, ge\u00e7en hafta yap\u0131lan toplant\u0131 sonucunda yasan\u0131n tamamland\u0131\u011f\u0131n\u0131 ve \u00f6n\u00fcm\u00fczdeki g\u00fcnlerde Mecliste ilgili komiteden ge\u00e7erek en k\u0131sa s\u00fcrede yasalla\u015fmas\u0131n\u0131 beklediklerini belirtti.<br \/>Oygar, \u201cYasal altyap\u0131n\u0131n olu\u015fturulmas\u0131 her zaman \u00e7ok \u00f6nemlidir. Bu konuda daha \u00f6nce yap\u0131lan \u00e7al\u0131\u015fmalara katk\u0131 sa\u011flayan herkese te\u015fekk\u00fcr ediyorum. E\u011fitimlerle birlikte kalite sisteminin en iyi \u015fekilde uygulanmas\u0131n\u0131 hedefliyoruz\u201d dedi.<\/p>\n<p>E\u011fitim s\u00fcrecinin yar\u0131ndan itibaren sahada devam edece\u011fini belirten Oygar, ilk etapta ila\u00e7 g\u00fcvenli\u011fi ve yo\u011fun bak\u0131m standartlar\u0131n\u0131n ele al\u0131naca\u011f\u0131n\u0131 ifade etti.<\/p>\n<p>T\u00dcSKA Ba\u015fkan\u0131 Do\u00e7. Dr. Bayram Demir, KKTC\u2019de bulunmaktan onur duydu\u011funu belirterek, \u201cBurada, karde\u015f vatan\u0131m\u0131z i\u00e7in sa\u011fl\u0131kta kalite sisteminin tesisi ad\u0131na bulunmaktan mutluluk duyuyorum. Umar\u0131m bu toplant\u0131 verimli ve faydal\u0131 bir \u00e7al\u0131\u015fma olur\u201d dedi.<\/p>\n<p>T.C. Sa\u011fl\u0131k Bakanl\u0131\u011f\u0131 Dan\u0131\u015fman\u0131 Dr. Hasan G\u00fcler ise yasal d\u00fczenlemelerin \u00f6nemine dikkat \u00e7ekerek, KKTC\u2019de sa\u011fl\u0131kta kalite \u00e7al\u0131\u015fmalar\u0131n\u0131n ba\u015flamas\u0131 i\u00e7in elimizden gelen deste\u011fi verece\u011fiz\u201d \u015feklinde konu\u015ftu.<\/p>\n<p>Eczac\u0131 Ercan Koca ise sa\u011fl\u0131kta kalite yolculu\u011funa 2012 y\u0131l\u0131nda T\u00fcrkiye\u2019de ba\u015flad\u0131\u011f\u0131n\u0131 ve bu s\u00fcre\u00e7te akreditasyon sistemlerinin geli\u015ftirilmesi \u00e7al\u0131\u015fmalar\u0131na dahil oldu\u011funu belirtti. Koca, bug\u00fcnk\u00fc sunumunda, sa\u011fl\u0131kta kalite ve akreditasyon sistemlerinin kurulumu i\u00e7in gereken alt sistemlerden bahsedece\u011fini, ayr\u0131ca ila\u00e7 g\u00fcvenli\u011fi konusunda da bilgiler payla\u015faca\u011f\u0131n\u0131 kaydetti.<\/p>\n<\/p><\/div>\n<p><script async\n                    defer\n                    crossorigin=\"anonymous\"\n                    src=\"https:\/\/connect.facebook.net\/tr_TR\/sdk.js#xfbml=1&#038;version=v3.3\"\n            ><\/script><br \/>\n<br \/><br \/>\n<br \/><a href=\"https:\/\/brtk.net\/saglikta-kalite-ve-akreditasyon-is-birligi-oygaregitimlerle-birlikte-kalite-sisteminin-en-iyi-sekilde-uygulanmasini-hedefliyoruz\/\">Kaynak BRT <\/a><\/p>\n","protected":false},"excerpt":{"rendered":"<p>KKTC Sa\u011fl\u0131k Bakanl\u0131\u011f\u0131 ve T\u00fcrkiye Cumhuriyeti Sa\u011fl\u0131k Bakanl\u0131\u011f\u0131\u2019n\u0131n birlikte y\u00fcr\u00fctt\u00fckleri proje kapsam\u0131nda KKTC Sa\u011fl\u0131k Bakanl\u0131\u011f\u0131 ve T\u00fcrkiye Sa\u011fl\u0131k Hizmetleri Kalite ve Akreditasyon Enstit\u00fcs\u00fc ile kalite toplant\u0131s\u0131 ger\u00e7ekle\u015ftirildi. Toplant\u0131ya Sa\u011fl\u0131k Bakanl\u0131\u011f\u0131 M\u00fcste\u015far\u0131 Do\u00e7. Dr. Deren Oygar, T\u00dcSEB\u2019e ba\u011fl\u0131 T\u00fcrkiye Sa\u011fl\u0131k Hizmetleri Kalite ve Akreditasyon Enstit\u00fcs\u00fc (T\u00dcSKA) Ba\u015fkan\u0131 Do\u00e7. Dr. Bayram Demir, T\u00fcrkiye Cumhuriyeti Sa\u011fl\u0131k Bakanl\u0131\u011f\u0131 Dan\u0131\u015fman\u0131 [&hellip;]<\/p>\n","protected":false},"author":908,"featured_media":18177,"comment_status":"open","ping_status":"open","sticky":false,"template":"","format":"standard","meta":{"_jetpack_memberships_contains_paid_content":false,"footnotes":"","jetpack_publicize_message":"","jetpack_publicize_feature_enabled":true,"jetpack_social_post_already_shared":true,"jetpack_social_options":{"image_generator_settings":{"template":"highway","default_image_id":0,"font":"","enabled":false},"version":2}},"categories":[253],"tags":[],"class_list":["post-18176","post","type-post","status-publish","format-standard","has-post-thumbnail","hentry","category-gundem"],"jetpack_publicize_connections":[],"jetpack_featured_media_url":"https:\/\/kibrisayna.com\/wp-content\/uploads\/2025\/02\/257ea118-fed9-4a16-9372-b9d8277c35c5-scaled.jpg","jetpack_sharing_enabled":true,"_links":{"self":[{"href":"https:\/\/kibrisayna.com\/index.php\/wp-json\/wp\/v2\/posts\/18176","targetHints":{"allow":["GET"]}}],"collection":[{"href":"https:\/\/kibrisayna.com\/index.php\/wp-json\/wp\/v2\/posts"}],"about":[{"href":"https:\/\/kibrisayna.com\/index.php\/wp-json\/wp\/v2\/types\/post"}],"author":[{"embeddable":true,"href":"https:\/\/kibrisayna.com\/index.php\/wp-json\/wp\/v2\/users\/908"}],"replies":[{"embeddable":true,"href":"https:\/\/kibrisayna.com\/index.php\/wp-json\/wp\/v2\/comments?post=18176"}],"version-history":[{"count":0,"href":"https:\/\/kibrisayna.com\/index.php\/wp-json\/wp\/v2\/posts\/18176\/revisions"}],"wp:featuredmedia":[{"embeddable":true,"href":"https:\/\/kibrisayna.com\/index.php\/wp-json\/wp\/v2\/media\/18177"}],"wp:attachment":[{"href":"https:\/\/kibrisayna.com\/index.php\/wp-json\/wp\/v2\/media?parent=18176"}],"wp:term":[{"taxonomy":"category","embeddable":true,"href":"https:\/\/kibrisayna.com\/index.php\/wp-json\/wp\/v2\/categories?post=18176"},{"taxonomy":"post_tag","embeddable":true,"href":"https:\/\/kibrisayna.com\/index.php\/wp-json\/wp\/v2\/tags?post=18176"}],"curies":[{"name":"wp","href":"https:\/\/api.w.org\/{rel}","templated":true}]}}