{"id":18067,"date":"2025-02-23T15:41:10","date_gmt":"2025-02-23T12:41:10","guid":{"rendered":"https:\/\/kibrisayna.com\/index.php\/2025\/02\/23\/kktc-ile-istanbul-arasinda-bazi-ucak-seferleri-kar-yagisi-nedeniyle-iptal-edildi-brtk\/"},"modified":"2025-02-23T15:41:10","modified_gmt":"2025-02-23T12:41:10","slug":"kktc-ile-istanbul-arasinda-bazi-ucak-seferleri-kar-yagisi-nedeniyle-iptal-edildi-brtk","status":"publish","type":"post","link":"https:\/\/kibrisayna.com\/index.php\/2025\/02\/23\/kktc-ile-istanbul-arasinda-bazi-ucak-seferleri-kar-yagisi-nedeniyle-iptal-edildi-brtk\/","title":{"rendered":"KKTC ile \u0130stanbul aras\u0131nda baz\u0131 u\u00e7ak seferleri kar ya\u011f\u0131\u015f\u0131 nedeniyle iptal edildi \u2013 BRTK"},"content":{"rendered":"<p> <br \/>\n<\/p>\n<div>\n<div class=\"mariselle-image-container center\">\n                <img loading=\"lazy\" decoding=\"async\" width=\"1366\" height=\"909\" class=\"lazy-image\" alt=\"\" sizes=\"auto, (max-width: 1366px) 100vw, 1366px\" src=\"https:\/\/brtk.net\/wp-content\/uploads\/2025\/02\/20\/1740068366137ERCAN-HAVALIMANI-.jpeg?ver=a97e4a3126729d17e15699e80da30a05\" srcset=\"https:\/\/brtk.net\/wp-content\/uploads\/2025\/02\/20\/1740068366137ERCAN-HAVALIMANI-.jpeg?ver=a97e4a3126729d17e15699e80da30a05 1366w, https:\/\/brtk.net\/wp-content\/uploads\/2025\/02\/20\/1740068366137ERCAN-HAVALIMANI--300x200.jpeg?ver=a97e4a3126729d17e15699e80da30a05 300w, https:\/\/brtk.net\/wp-content\/uploads\/2025\/02\/20\/1740068366137ERCAN-HAVALIMANI--1024x681.jpeg?ver=a97e4a3126729d17e15699e80da30a05 1024w, https:\/\/brtk.net\/wp-content\/uploads\/2025\/02\/20\/1740068366137ERCAN-HAVALIMANI--768x511.jpeg?ver=7eaad66b9082250e205830e0be86a4c6 768w\"\/>                            <\/div>\n<p>Ercan- \u0130stanbul ve \u0130stanbul- Ercan aras\u0131nda ger\u00e7ekle\u015ftirilecek baz\u0131 seferler \u0130stanbul\u2019daki olumsuz hava ko\u015fullar\u0131 nedeniyle iptal edildi.<\/p>\n<p>T&amp;T Havaliman\u0131 \u0130\u015fletmecili\u011fi, Ercan Havaliman\u0131 ile \u0130stanbul aras\u0131nda haftasonu iptal edilen seferleri a\u00e7\u0131klad\u0131.<\/p>\n<p>Buna g\u00f6re d\u00fcn; \u201cT\u00fcrk Hava Yollar\u0131\u2019n\u0131n 960, 961, 962, 963, 964, 965, 976 ve 977, Pegasus Havayollar\u0131\u2019n\u0131n ise 1917, 1918, 1919, 1920, 1921, 1922 ve  1923 sefer say\u0131l\u0131 u\u00e7u\u015flar\u0131 yap\u0131lamad\u0131.<\/p>\n<p>Bug\u00fcn  ise, \u201cPegasus Havayollar\u0131\u2019n\u0131n 1912, 1913, 1920, 1921,1926 ve 1927 sefer say\u0131l\u0131 u\u00e7u\u015flar\u0131 iptal edildi.<\/p>\n<p>Bunun yan\u0131s\u0131ra, Ajet\u2019in VF 164 seferi de iptal edildi.<\/p>\n<\/p><\/div>\n<p><script async\n                    defer\n                    crossorigin=\"anonymous\"\n                    src=\"https:\/\/connect.facebook.net\/tr_TR\/sdk.js#xfbml=1&#038;version=v3.3\"\n            ><\/script><br \/>\n<br \/><br \/>\n<br \/><a href=\"https:\/\/brtk.net\/kktc-ile-istanbul-arasinda-bazi-ucak-seferleri-kar-yagisi-nedeniyle-iptal-edildi\/\">Kaynak BRT <\/a><\/p>\n","protected":false},"excerpt":{"rendered":"<p>Ercan- \u0130stanbul ve \u0130stanbul- Ercan aras\u0131nda ger\u00e7ekle\u015ftirilecek baz\u0131 seferler \u0130stanbul\u2019daki olumsuz hava ko\u015fullar\u0131 nedeniyle iptal edildi. T&amp;T Havaliman\u0131 \u0130\u015fletmecili\u011fi, Ercan Havaliman\u0131 ile \u0130stanbul aras\u0131nda haftasonu iptal edilen seferleri a\u00e7\u0131klad\u0131. Buna g\u00f6re d\u00fcn; \u201cT\u00fcrk Hava Yollar\u0131\u2019n\u0131n 960, 961, 962, 963, 964, 965, 976 ve 977, Pegasus Havayollar\u0131\u2019n\u0131n ise 1917, 1918, 1919, 1920, 1921, 1922 ve 1923 [&hellip;]<\/p>\n","protected":false},"author":908,"featured_media":17817,"comment_status":"open","ping_status":"open","sticky":false,"template":"","format":"standard","meta":{"_jetpack_memberships_contains_paid_content":false,"footnotes":"","jetpack_publicize_message":"","jetpack_publicize_feature_enabled":true,"jetpack_social_post_already_shared":true,"jetpack_social_options":{"image_generator_settings":{"template":"highway","default_image_id":0,"font":"","enabled":false},"version":2}},"categories":[253],"tags":[],"class_list":["post-18067","post","type-post","status-publish","format-standard","has-post-thumbnail","hentry","category-gundem"],"jetpack_publicize_connections":[],"jetpack_featured_media_url":"https:\/\/kibrisayna.com\/wp-content\/uploads\/2025\/02\/1740068366137ERCAN-HAVALIMANI-.jpeg","jetpack_sharing_enabled":true,"_links":{"self":[{"href":"https:\/\/kibrisayna.com\/index.php\/wp-json\/wp\/v2\/posts\/18067","targetHints":{"allow":["GET"]}}],"collection":[{"href":"https:\/\/kibrisayna.com\/index.php\/wp-json\/wp\/v2\/posts"}],"about":[{"href":"https:\/\/kibrisayna.com\/index.php\/wp-json\/wp\/v2\/types\/post"}],"author":[{"embeddable":true,"href":"https:\/\/kibrisayna.com\/index.php\/wp-json\/wp\/v2\/users\/908"}],"replies":[{"embeddable":true,"href":"https:\/\/kibrisayna.com\/index.php\/wp-json\/wp\/v2\/comments?post=18067"}],"version-history":[{"count":0,"href":"https:\/\/kibrisayna.com\/index.php\/wp-json\/wp\/v2\/posts\/18067\/revisions"}],"wp:featuredmedia":[{"embeddable":true,"href":"https:\/\/kibrisayna.com\/index.php\/wp-json\/wp\/v2\/media\/17817"}],"wp:attachment":[{"href":"https:\/\/kibrisayna.com\/index.php\/wp-json\/wp\/v2\/media?parent=18067"}],"wp:term":[{"taxonomy":"category","embeddable":true,"href":"https:\/\/kibrisayna.com\/index.php\/wp-json\/wp\/v2\/categories?post=18067"},{"taxonomy":"post_tag","embeddable":true,"href":"https:\/\/kibrisayna.com\/index.php\/wp-json\/wp\/v2\/tags?post=18067"}],"curies":[{"name":"wp","href":"https:\/\/api.w.org\/{rel}","templated":true}]}}