{"id":18065,"date":"2025-02-23T15:29:18","date_gmt":"2025-02-23T12:29:18","guid":{"rendered":"https:\/\/kibrisayna.com\/index.php\/2025\/02\/23\/cezaevi-yolu-calisma-nedeniyle-15-marta-kadar-trafige-kapali-olacak-brtk\/"},"modified":"2025-02-23T15:29:18","modified_gmt":"2025-02-23T12:29:18","slug":"cezaevi-yolu-calisma-nedeniyle-15-marta-kadar-trafige-kapali-olacak-brtk","status":"publish","type":"post","link":"https:\/\/kibrisayna.com\/index.php\/2025\/02\/23\/cezaevi-yolu-calisma-nedeniyle-15-marta-kadar-trafige-kapali-olacak-brtk\/","title":{"rendered":"Cezaevi yolu, \u00e7al\u0131\u015fma nedeniyle 15 Mart\u2019a kadar trafi\u011fe kapal\u0131 olacak \u2013 BRTK"},"content":{"rendered":"<p> <br \/>\n<\/p>\n<div>\n<div class=\"mariselle-image-container center\">\n                <img loading=\"lazy\" decoding=\"async\" width=\"927\" height=\"467\" class=\"lazy-image\" alt=\"\" sizes=\"auto, (max-width: 927px) 100vw, 927px\" src=\"https:\/\/brtk.net\/wp-content\/uploads\/2025\/02\/23\/1740308738199Ekran-Goruntusu-209.png?ver=e2ff8f12d263fb3db8f0876d801f3313\" srcset=\"https:\/\/brtk.net\/wp-content\/uploads\/2025\/02\/23\/1740308738199Ekran-Goruntusu-209.png?ver=e2ff8f12d263fb3db8f0876d801f3313 927w, https:\/\/brtk.net\/wp-content\/uploads\/2025\/02\/23\/1740308738199Ekran-Goruntusu-209-300x151.png?ver=a1fac2f3a9e54bc95313cd2fc5a519ba 300w, https:\/\/brtk.net\/wp-content\/uploads\/2025\/02\/23\/1740308738199Ekran-Goruntusu-209-768x387.png?ver=df107f3a9da488e16cf244ae87aa3104 768w\"\/>                            <\/div>\n<p>Cezaevi yol g\u00fczergah\u0131, yol bak\u0131m onar\u0131m ve yenileme \u00e7al\u0131\u015fmas\u0131 nedeniyle trafi\u011fe kapat\u0131lacak.<\/p>\n<p>Karayollar\u0131 Dairesi\u2019nden yap\u0131lan a\u00e7\u0131klamaya g\u00f6re, Karayollar\u0131 Master Plan\u0131 kapsam\u0131nda yap\u0131lacak \u00e7al\u0131\u015fmalar\u0131n y\u00fcr\u00fct\u00fclmesi amac\u0131yla trafik bug\u00fcnden itibaren 15 Mart\u2019a kadar alternatif yol g\u00fczergah\u0131ndan sa\u011flanacak.<\/p>\n<p>A\u00e7\u0131klamada, s\u00fcr\u00fcc\u00fclerin can ve mal g\u00fcvenli\u011fi a\u00e7\u0131s\u0131ndan dikkatli ve yava\u015f seyretmeleri, trafik i\u015faret ve i\u015faret\u00e7ilerine uymalar\u0131 \u00e7a\u011fr\u0131s\u0131nda bulunuldu.<\/p>\n<\/p><\/div>\n<p><script async\n                    defer\n                    crossorigin=\"anonymous\"\n                    src=\"https:\/\/connect.facebook.net\/tr_TR\/sdk.js#xfbml=1&#038;version=v3.3\"\n            ><\/script><br \/>\n<br \/><br \/>\n<br \/><a href=\"https:\/\/brtk.net\/cezaevi-yolu-calisma-nedeniyle-15-marta-kadar-trafige-kapali-olacak\/\">Kaynak BRT <\/a><\/p>\n","protected":false},"excerpt":{"rendered":"<p>Cezaevi yol g\u00fczergah\u0131, yol bak\u0131m onar\u0131m ve yenileme \u00e7al\u0131\u015fmas\u0131 nedeniyle trafi\u011fe kapat\u0131lacak. Karayollar\u0131 Dairesi\u2019nden yap\u0131lan a\u00e7\u0131klamaya g\u00f6re, Karayollar\u0131 Master Plan\u0131 kapsam\u0131nda yap\u0131lacak \u00e7al\u0131\u015fmalar\u0131n y\u00fcr\u00fct\u00fclmesi amac\u0131yla trafik bug\u00fcnden itibaren 15 Mart\u2019a kadar alternatif yol g\u00fczergah\u0131ndan sa\u011flanacak. A\u00e7\u0131klamada, s\u00fcr\u00fcc\u00fclerin can ve mal g\u00fcvenli\u011fi a\u00e7\u0131s\u0131ndan dikkatli ve yava\u015f seyretmeleri, trafik i\u015faret ve i\u015faret\u00e7ilerine uymalar\u0131 \u00e7a\u011fr\u0131s\u0131nda bulunuldu. Kaynak BRT<\/p>\n","protected":false},"author":908,"featured_media":18066,"comment_status":"open","ping_status":"open","sticky":false,"template":"","format":"standard","meta":{"_jetpack_memberships_contains_paid_content":false,"footnotes":"","jetpack_publicize_message":"","jetpack_publicize_feature_enabled":true,"jetpack_social_post_already_shared":true,"jetpack_social_options":{"image_generator_settings":{"template":"highway","default_image_id":0,"font":"","enabled":false},"version":2}},"categories":[253],"tags":[],"class_list":["post-18065","post","type-post","status-publish","format-standard","has-post-thumbnail","hentry","category-gundem"],"jetpack_publicize_connections":[],"jetpack_featured_media_url":"https:\/\/kibrisayna.com\/wp-content\/uploads\/2025\/02\/1740308738199Ekran-Goruntusu-209.png","jetpack_sharing_enabled":true,"_links":{"self":[{"href":"https:\/\/kibrisayna.com\/index.php\/wp-json\/wp\/v2\/posts\/18065","targetHints":{"allow":["GET"]}}],"collection":[{"href":"https:\/\/kibrisayna.com\/index.php\/wp-json\/wp\/v2\/posts"}],"about":[{"href":"https:\/\/kibrisayna.com\/index.php\/wp-json\/wp\/v2\/types\/post"}],"author":[{"embeddable":true,"href":"https:\/\/kibrisayna.com\/index.php\/wp-json\/wp\/v2\/users\/908"}],"replies":[{"embeddable":true,"href":"https:\/\/kibrisayna.com\/index.php\/wp-json\/wp\/v2\/comments?post=18065"}],"version-history":[{"count":0,"href":"https:\/\/kibrisayna.com\/index.php\/wp-json\/wp\/v2\/posts\/18065\/revisions"}],"wp:featuredmedia":[{"embeddable":true,"href":"https:\/\/kibrisayna.com\/index.php\/wp-json\/wp\/v2\/media\/18066"}],"wp:attachment":[{"href":"https:\/\/kibrisayna.com\/index.php\/wp-json\/wp\/v2\/media?parent=18065"}],"wp:term":[{"taxonomy":"category","embeddable":true,"href":"https:\/\/kibrisayna.com\/index.php\/wp-json\/wp\/v2\/categories?post=18065"},{"taxonomy":"post_tag","embeddable":true,"href":"https:\/\/kibrisayna.com\/index.php\/wp-json\/wp\/v2\/tags?post=18065"}],"curies":[{"name":"wp","href":"https:\/\/api.w.org\/{rel}","templated":true}]}}