{"id":17932,"date":"2025-02-21T21:08:48","date_gmt":"2025-02-21T18:08:48","guid":{"rendered":"https:\/\/kibrisayna.com\/index.php\/2025\/02\/21\/basbakan-ustel-altinayin-vefati-nedeniyle-mesaj-yayimladi-brtk\/"},"modified":"2025-02-21T21:08:48","modified_gmt":"2025-02-21T18:08:48","slug":"basbakan-ustel-altinayin-vefati-nedeniyle-mesaj-yayimladi-brtk","status":"publish","type":"post","link":"https:\/\/kibrisayna.com\/index.php\/2025\/02\/21\/basbakan-ustel-altinayin-vefati-nedeniyle-mesaj-yayimladi-brtk\/","title":{"rendered":"Ba\u015fbakan \u00dcstel, Alt\u0131nay\u2019\u0131n vefat\u0131 nedeniyle mesaj yay\u0131mlad\u0131 \u2013 BRTK"},"content":{"rendered":"<p> <br \/>\n<\/p>\n<div>\n<div class=\"mariselle-image-container center\">\n                <img loading=\"lazy\" decoding=\"async\" width=\"1849\" height=\"1040\" class=\"lazy-image\" alt=\"\" sizes=\"auto, (max-width: 1849px) 100vw, 1849px\" src=\"https:\/\/brtk.net\/wp-content\/uploads\/2024\/10\/17\/UNAL-USTEL-YAZI-YAZARKEN-1.png?ver=cd2b601aa8679951eeec802f441101a9\" srcset=\"https:\/\/brtk.net\/wp-content\/uploads\/2024\/10\/17\/UNAL-USTEL-YAZI-YAZARKEN-1.png?ver=cd2b601aa8679951eeec802f441101a9 1849w, https:\/\/brtk.net\/wp-content\/uploads\/2024\/10\/17\/UNAL-USTEL-YAZI-YAZARKEN-1-300x169.png?ver=76e41ba21cc2f95ef1d12a75a536d3cd 300w, https:\/\/brtk.net\/wp-content\/uploads\/2024\/10\/17\/UNAL-USTEL-YAZI-YAZARKEN-1-1024x576.png?ver=83fae0cd0420b19f57ad5f496f9c2021 1024w, https:\/\/brtk.net\/wp-content\/uploads\/2024\/10\/17\/UNAL-USTEL-YAZI-YAZARKEN-1-768x432.png?ver=6af39df215bea5b21da7ef00fa7cd0af 768w, https:\/\/brtk.net\/wp-content\/uploads\/2024\/10\/17\/UNAL-USTEL-YAZI-YAZARKEN-1-1536x864.png?ver=7be02f65c65f22984fe416d9feb4a17e 1536w\"\/>                            <\/div>\n<p>\nBa\u015fbakan \u00dcnal \u00dcstel Mehmet Alt\u0131nay\u2019\u0131n hayat\u0131n\u0131 kaybetmesi nedeniyle taziye mesaj\u0131 yay\u0131mlad\u0131.<\/p>\n<p>Ba\u015fbakan \u00dcstel mesaj\u0131nda, \u201cSiyaset hayat\u0131na Ulusal Birlik Partimizde ba\u015flayarak, s\u0131ras\u0131yla milletvekilli\u011fi ve Bakanl\u0131k g\u00f6revlerinde bulunmu\u015f, K\u0131br\u0131s T\u00fcrk Siyasetinde \u00f6nemli bir yere sahip k\u0131ymetli Mehmet Alt\u0131nay\u2019\u0131 kaybetti\u011fimizi \u00fcz\u00fclerek \u00f6\u011frenmi\u015f bulunmaktay\u0131m. Ailesine ve t\u00fcm sevenlerine ba\u015fsa\u011fl\u0131\u011f\u0131 ve sab\u0131rlar dilerim\u201d dedi.<\/p>\n<\/p><\/div>\n<p><script async\n                    defer\n                    crossorigin=\"anonymous\"\n                    src=\"https:\/\/connect.facebook.net\/tr_TR\/sdk.js#xfbml=1&#038;version=v3.3\"\n            ><\/script><br \/>\n<br \/><br \/>\n<br \/><a href=\"https:\/\/brtk.net\/basbakan-ustel-altinayin-vefati-nedeniyle-mesaj-yayimladi\/\">Kaynak BRT <\/a><\/p>\n","protected":false},"excerpt":{"rendered":"<p>Ba\u015fbakan \u00dcnal \u00dcstel Mehmet Alt\u0131nay\u2019\u0131n hayat\u0131n\u0131 kaybetmesi nedeniyle taziye mesaj\u0131 yay\u0131mlad\u0131. Ba\u015fbakan \u00dcstel mesaj\u0131nda, \u201cSiyaset hayat\u0131na Ulusal Birlik Partimizde ba\u015flayarak, s\u0131ras\u0131yla milletvekilli\u011fi ve Bakanl\u0131k g\u00f6revlerinde bulunmu\u015f, K\u0131br\u0131s T\u00fcrk Siyasetinde \u00f6nemli bir yere sahip k\u0131ymetli Mehmet Alt\u0131nay\u2019\u0131 kaybetti\u011fimizi \u00fcz\u00fclerek \u00f6\u011frenmi\u015f bulunmaktay\u0131m. Ailesine ve t\u00fcm sevenlerine ba\u015fsa\u011fl\u0131\u011f\u0131 ve sab\u0131rlar dilerim\u201d dedi. Kaynak BRT<\/p>\n","protected":false},"author":908,"featured_media":17933,"comment_status":"open","ping_status":"open","sticky":false,"template":"","format":"standard","meta":{"advanced_seo_description":"","jetpack_seo_html_title":"","jetpack_seo_noindex":false,"jetpack_seo_schema_type":"","_jetpack_newsletter_access":"","_jetpack_dont_email_post_to_subs":false,"_jetpack_newsletter_tier_id":0,"_jetpack_memberships_contains_paywalled_content":false,"_jetpack_feature_clip_id":0,"_jetpack_memberships_contains_paid_content":false,"footnotes":"","jetpack_publicize_message":"","jetpack_publicize_feature_enabled":true,"jetpack_social_post_already_shared":true,"jetpack_social_options":{"image_generator_settings":{"template":"highway","default_image_id":0,"font":"","enabled":false},"version":2},"jetpack_post_was_ever_published":false},"categories":[253],"tags":[],"class_list":["post-17932","post","type-post","status-publish","format-standard","has-post-thumbnail","hentry","category-gundem"],"jetpack_publicize_connections":[],"jetpack_featured_media_url":"https:\/\/kibrisayna.com\/wp-content\/uploads\/2025\/02\/UNAL-USTEL-YAZI-YAZARKEN-2.png","jetpack_sharing_enabled":true,"_links":{"self":[{"href":"https:\/\/kibrisayna.com\/index.php\/wp-json\/wp\/v2\/posts\/17932","targetHints":{"allow":["GET"]}}],"collection":[{"href":"https:\/\/kibrisayna.com\/index.php\/wp-json\/wp\/v2\/posts"}],"about":[{"href":"https:\/\/kibrisayna.com\/index.php\/wp-json\/wp\/v2\/types\/post"}],"author":[{"embeddable":true,"href":"https:\/\/kibrisayna.com\/index.php\/wp-json\/wp\/v2\/users\/908"}],"replies":[{"embeddable":true,"href":"https:\/\/kibrisayna.com\/index.php\/wp-json\/wp\/v2\/comments?post=17932"}],"version-history":[{"count":0,"href":"https:\/\/kibrisayna.com\/index.php\/wp-json\/wp\/v2\/posts\/17932\/revisions"}],"wp:featuredmedia":[{"embeddable":true,"href":"https:\/\/kibrisayna.com\/index.php\/wp-json\/wp\/v2\/media\/17933"}],"wp:attachment":[{"href":"https:\/\/kibrisayna.com\/index.php\/wp-json\/wp\/v2\/media?parent=17932"}],"wp:term":[{"taxonomy":"category","embeddable":true,"href":"https:\/\/kibrisayna.com\/index.php\/wp-json\/wp\/v2\/categories?post=17932"},{"taxonomy":"post_tag","embeddable":true,"href":"https:\/\/kibrisayna.com\/index.php\/wp-json\/wp\/v2\/tags?post=17932"}],"curies":[{"name":"wp","href":"https:\/\/api.w.org\/{rel}","templated":true}]}}