{"id":17784,"date":"2025-02-20T17:10:28","date_gmt":"2025-02-20T14:10:28","guid":{"rendered":"https:\/\/kibrisayna.com\/index.php\/2025\/02\/20\/3-birkan-uzun-zirve-kosusu-pazar-gunu-brtk\/"},"modified":"2025-02-20T17:10:28","modified_gmt":"2025-02-20T14:10:28","slug":"3-birkan-uzun-zirve-kosusu-pazar-gunu-brtk","status":"publish","type":"post","link":"https:\/\/kibrisayna.com\/index.php\/2025\/02\/20\/3-birkan-uzun-zirve-kosusu-pazar-gunu-brtk\/","title":{"rendered":"3. Birkan Uzun Zirve Ko\u015fusu, Pazar g\u00fcn\u00fc\u2026 \u2013 BRTK"},"content":{"rendered":"<p> <br \/>\n<\/p>\n<div>\n<div class=\"mariselle-image-container center\">\n                <img loading=\"lazy\" decoding=\"async\" width=\"1600\" height=\"800\" class=\"lazy-image\" alt=\"\" sizes=\"auto, (max-width: 1600px) 100vw, 1600px\" src=\"https:\/\/brtk.net\/wp-content\/uploads\/2025\/02\/20\/1740056317119LAC-BELEDIYESI-BIRKAN-UZUN-ZIRVE-KOSUSU.jpg?ver=0b960becfec6cb5d3789bf87729a0939\" srcset=\"https:\/\/brtk.net\/wp-content\/uploads\/2025\/02\/20\/1740056317119LAC-BELEDIYESI-BIRKAN-UZUN-ZIRVE-KOSUSU.jpg?ver=0b960becfec6cb5d3789bf87729a0939 1600w, https:\/\/brtk.net\/wp-content\/uploads\/2025\/02\/20\/1740056317119LAC-BELEDIYESI-BIRKAN-UZUN-ZIRVE-KOSUSU-300x150.jpg?ver=a004a1b28c46ac14969ff0c5fea77b16 300w, https:\/\/brtk.net\/wp-content\/uploads\/2025\/02\/20\/1740056317119LAC-BELEDIYESI-BIRKAN-UZUN-ZIRVE-KOSUSU-1024x512.jpg?ver=a004a1b28c46ac14969ff0c5fea77b16 1024w, https:\/\/brtk.net\/wp-content\/uploads\/2025\/02\/20\/1740056317119LAC-BELEDIYESI-BIRKAN-UZUN-ZIRVE-KOSUSU-768x384.jpg?ver=924f3de6e8ea0ad5c44d059a5554d4ab 768w, https:\/\/brtk.net\/wp-content\/uploads\/2025\/02\/20\/1740056317119LAC-BELEDIYESI-BIRKAN-UZUN-ZIRVE-KOSUSU-1536x768.jpg?ver=924f3de6e8ea0ad5c44d059a5554d4ab 1536w, https:\/\/brtk.net\/wp-content\/uploads\/2025\/02\/20\/1740056317119LAC-BELEDIYESI-BIRKAN-UZUN-ZIRVE-KOSUSU-720x360.jpg?ver=4980f2c2da7df68e8d6e992e7061ba77 720w\"\/>                            <\/div>\n<p>Birkan Uzun\u2019un an\u0131s\u0131n\u0131 ya\u015fatmak amac\u0131yla d\u00fczenlenen \u201cBirkan Uzun Zirve Ko\u015fusu\u201dnun \u00fc\u00e7\u00fcnc\u00fcs\u00fc, 23 \u015eubat Pazar g\u00fcn\u00fc yap\u0131lacak.<\/p>\n<p>Lapta Alsancak \u00c7aml\u0131bel Belediyesi (LA\u00c7) taraf\u0131ndan yap\u0131lan a\u00e7\u0131klamaya g\u00f6re etkinlik, Birkan Uzun\u2019un ad\u0131n\u0131 ta\u015f\u0131yan Selvili Tepe\u2019den ba\u015flayacak. Kat\u0131l\u0131mc\u0131lar, 15 kilometrelik parkuru tamamlayarak yar\u0131\u015f\u0131 Kozan Piknik Alan\u0131\u2019nda bitirecek.<\/p>\n<p>Etkinlik LA\u00c7 Belediyesi ana sponsorlu\u011funda ve KKTC Atletizm Federasyonu organizasyonuyla d\u00fczenlenecek.<\/p>\n<p>A\u00e7\u0131klamada, yar\u0131\u015f\u0131n yaln\u0131zca bir spor etkinli\u011fi de\u011fil, Birkan Uzun\u2019un hat\u0131ras\u0131n\u0131 ya\u015fatmak ve ilham verici hikayesini geni\u015f kitlelere ula\u015ft\u0131rmak amac\u0131yla d\u00fczenlendi\u011fi vurguland\u0131. A\u00e7\u0131klamada, Uzun\u2019\u0131n  d\u00fcnyan\u0131n en y\u00fcksek zirvelerine t\u0131rmanma hedefiyle yola \u00e7\u0131kt\u0131\u011f\u0131 ve son olarak Antarktika\u2019daki Vinson Da\u011f\u0131\u2019na ula\u015ft\u0131\u011f\u0131 da an\u0131msat\u0131ld\u0131.<\/p>\n<\/p><\/div>\n<p><script async\n                    defer\n                    crossorigin=\"anonymous\"\n                    src=\"https:\/\/connect.facebook.net\/tr_TR\/sdk.js#xfbml=1&#038;version=v3.3\"\n            ><\/script><br \/>\n<br \/><br \/>\n<br \/><a href=\"https:\/\/brtk.net\/3-birkan-uzun-zirve-kosusu-pazar-gunu\/\">Kaynak BRT <\/a><\/p>\n","protected":false},"excerpt":{"rendered":"<p>Birkan Uzun\u2019un an\u0131s\u0131n\u0131 ya\u015fatmak amac\u0131yla d\u00fczenlenen \u201cBirkan Uzun Zirve Ko\u015fusu\u201dnun \u00fc\u00e7\u00fcnc\u00fcs\u00fc, 23 \u015eubat Pazar g\u00fcn\u00fc yap\u0131lacak. Lapta Alsancak \u00c7aml\u0131bel Belediyesi (LA\u00c7) taraf\u0131ndan yap\u0131lan a\u00e7\u0131klamaya g\u00f6re etkinlik, Birkan Uzun\u2019un ad\u0131n\u0131 ta\u015f\u0131yan Selvili Tepe\u2019den ba\u015flayacak. Kat\u0131l\u0131mc\u0131lar, 15 kilometrelik parkuru tamamlayarak yar\u0131\u015f\u0131 Kozan Piknik Alan\u0131\u2019nda bitirecek. Etkinlik LA\u00c7 Belediyesi ana sponsorlu\u011funda ve KKTC Atletizm Federasyonu organizasyonuyla d\u00fczenlenecek. A\u00e7\u0131klamada, [&hellip;]<\/p>\n","protected":false},"author":908,"featured_media":17785,"comment_status":"open","ping_status":"open","sticky":false,"template":"","format":"standard","meta":{"_jetpack_memberships_contains_paid_content":false,"footnotes":"","jetpack_publicize_message":"","jetpack_publicize_feature_enabled":true,"jetpack_social_post_already_shared":true,"jetpack_social_options":{"image_generator_settings":{"template":"highway","default_image_id":0,"font":"","enabled":false},"version":2}},"categories":[9],"tags":[],"class_list":["post-17784","post","type-post","status-publish","format-standard","has-post-thumbnail","hentry","category-spor"],"jetpack_publicize_connections":[],"jetpack_featured_media_url":"https:\/\/kibrisayna.com\/wp-content\/uploads\/2025\/02\/1740056317119LAC-BELEDIYESI-BIRKAN-UZUN-ZIRVE-KOSUSU.jpg","jetpack_sharing_enabled":true,"_links":{"self":[{"href":"https:\/\/kibrisayna.com\/index.php\/wp-json\/wp\/v2\/posts\/17784","targetHints":{"allow":["GET"]}}],"collection":[{"href":"https:\/\/kibrisayna.com\/index.php\/wp-json\/wp\/v2\/posts"}],"about":[{"href":"https:\/\/kibrisayna.com\/index.php\/wp-json\/wp\/v2\/types\/post"}],"author":[{"embeddable":true,"href":"https:\/\/kibrisayna.com\/index.php\/wp-json\/wp\/v2\/users\/908"}],"replies":[{"embeddable":true,"href":"https:\/\/kibrisayna.com\/index.php\/wp-json\/wp\/v2\/comments?post=17784"}],"version-history":[{"count":0,"href":"https:\/\/kibrisayna.com\/index.php\/wp-json\/wp\/v2\/posts\/17784\/revisions"}],"wp:featuredmedia":[{"embeddable":true,"href":"https:\/\/kibrisayna.com\/index.php\/wp-json\/wp\/v2\/media\/17785"}],"wp:attachment":[{"href":"https:\/\/kibrisayna.com\/index.php\/wp-json\/wp\/v2\/media?parent=17784"}],"wp:term":[{"taxonomy":"category","embeddable":true,"href":"https:\/\/kibrisayna.com\/index.php\/wp-json\/wp\/v2\/categories?post=17784"},{"taxonomy":"post_tag","embeddable":true,"href":"https:\/\/kibrisayna.com\/index.php\/wp-json\/wp\/v2\/tags?post=17784"}],"curies":[{"name":"wp","href":"https:\/\/api.w.org\/{rel}","templated":true}]}}