{"id":17756,"date":"2025-02-20T15:47:31","date_gmt":"2025-02-20T12:47:31","guid":{"rendered":"https:\/\/kibrisayna.com\/index.php\/2025\/02\/20\/istanbuldaki-kar-yagisi-nedeniyle-thynin-ercan-ucuslari-iptal-oldu-brtk\/"},"modified":"2025-02-20T15:47:31","modified_gmt":"2025-02-20T12:47:31","slug":"istanbuldaki-kar-yagisi-nedeniyle-thynin-ercan-ucuslari-iptal-oldu-brtk","status":"publish","type":"post","link":"https:\/\/kibrisayna.com\/index.php\/2025\/02\/20\/istanbuldaki-kar-yagisi-nedeniyle-thynin-ercan-ucuslari-iptal-oldu-brtk\/","title":{"rendered":"\u0130stanbul\u2019daki kar ya\u011f\u0131\u015f\u0131 nedeniyle THY\u2019nin Ercan u\u00e7u\u015flar\u0131 iptal oldu \u2013 BRTK"},"content":{"rendered":"<p> <br \/>\n<\/p>\n<div>\n<div class=\"mariselle-image-container center\">\n                <img loading=\"lazy\" decoding=\"async\" width=\"1366\" height=\"910\" class=\"lazy-image\" alt=\"\" sizes=\"auto, (max-width: 1366px) 100vw, 1366px\" src=\"https:\/\/brtk.net\/wp-content\/uploads\/2024\/01\/08\/ercan-33.jpg?ver=cc2742cb4aa1d22593b717eb18968815\" srcset=\"https:\/\/brtk.net\/wp-content\/uploads\/2024\/01\/08\/ercan-33.jpg?ver=cc2742cb4aa1d22593b717eb18968815 1366w, https:\/\/brtk.net\/wp-content\/uploads\/2024\/01\/08\/ercan-33-300x200.jpg?ver=33c9f7d73cf36b8b1df27a28c241203e 300w, https:\/\/brtk.net\/wp-content\/uploads\/2024\/01\/08\/ercan-33-1024x682.jpg?ver=33c9f7d73cf36b8b1df27a28c241203e 1024w, https:\/\/brtk.net\/wp-content\/uploads\/2024\/01\/08\/ercan-33-768x512.jpg?ver=33c9f7d73cf36b8b1df27a28c241203e 768w\"\/>                            <\/div>\n<p>T\u00fcrkiye\u2019nin bir\u00e7ok b\u00f6lgesinde kar ya\u011f\u0131\u015f\u0131 ve so\u011fuk hava etkili olurken, hava ula\u015f\u0131m\u0131 da olumsuz etkileniyor.<\/p>\n<p>T\u00fcrk Hava Yollar\u0131\u2019n\u0131n bug\u00fcn yap\u0131lmas\u0131 beklenen \u0130stanbul-Ercan-\u0130stanbul aras\u0131ndaki iki seferi kar y\u00fcz\u00fcnden iptal edildi.<\/p>\n<p>TAK muhabirinin T&amp;T Havaliman\u0131 \u0130\u015fletmecili\u011fi\u2019nden ald\u0131\u011f\u0131 bilgiye g\u00f6re, THY\u2019nin THY966 \u0130stanbul-Ercan ve THY967 Ercan-\u0130stanbul seferleri yap\u0131lmayacak.<\/p>\n<\/p><\/div>\n<p><script async\n                    defer\n                    crossorigin=\"anonymous\"\n                    src=\"https:\/\/connect.facebook.net\/tr_TR\/sdk.js#xfbml=1&#038;version=v3.3\"\n            ><\/script><br \/>\n<br \/><br \/>\n<br \/><a href=\"https:\/\/brtk.net\/istanbuldaki-kar-yagisi-nedeniyle-thynin-ercan-ucuslari-iptal-oldu\/\">Kaynak BRT <\/a><\/p>\n","protected":false},"excerpt":{"rendered":"<p>T\u00fcrkiye\u2019nin bir\u00e7ok b\u00f6lgesinde kar ya\u011f\u0131\u015f\u0131 ve so\u011fuk hava etkili olurken, hava ula\u015f\u0131m\u0131 da olumsuz etkileniyor. T\u00fcrk Hava Yollar\u0131\u2019n\u0131n bug\u00fcn yap\u0131lmas\u0131 beklenen \u0130stanbul-Ercan-\u0130stanbul aras\u0131ndaki iki seferi kar y\u00fcz\u00fcnden iptal edildi. TAK muhabirinin T&amp;T Havaliman\u0131 \u0130\u015fletmecili\u011fi\u2019nden ald\u0131\u011f\u0131 bilgiye g\u00f6re, THY\u2019nin THY966 \u0130stanbul-Ercan ve THY967 Ercan-\u0130stanbul seferleri yap\u0131lmayacak. Kaynak BRT<\/p>\n","protected":false},"author":908,"featured_media":17757,"comment_status":"open","ping_status":"open","sticky":false,"template":"","format":"standard","meta":{"_jetpack_memberships_contains_paid_content":false,"footnotes":"","jetpack_publicize_message":"","jetpack_publicize_feature_enabled":true,"jetpack_social_post_already_shared":true,"jetpack_social_options":{"image_generator_settings":{"template":"highway","default_image_id":0,"font":"","enabled":false},"version":2}},"categories":[253],"tags":[],"class_list":["post-17756","post","type-post","status-publish","format-standard","has-post-thumbnail","hentry","category-gundem"],"jetpack_publicize_connections":[],"jetpack_featured_media_url":"https:\/\/kibrisayna.com\/wp-content\/uploads\/2025\/02\/ercan-havalimani-2-2-1-scaled.jpg","jetpack_sharing_enabled":true,"_links":{"self":[{"href":"https:\/\/kibrisayna.com\/index.php\/wp-json\/wp\/v2\/posts\/17756","targetHints":{"allow":["GET"]}}],"collection":[{"href":"https:\/\/kibrisayna.com\/index.php\/wp-json\/wp\/v2\/posts"}],"about":[{"href":"https:\/\/kibrisayna.com\/index.php\/wp-json\/wp\/v2\/types\/post"}],"author":[{"embeddable":true,"href":"https:\/\/kibrisayna.com\/index.php\/wp-json\/wp\/v2\/users\/908"}],"replies":[{"embeddable":true,"href":"https:\/\/kibrisayna.com\/index.php\/wp-json\/wp\/v2\/comments?post=17756"}],"version-history":[{"count":0,"href":"https:\/\/kibrisayna.com\/index.php\/wp-json\/wp\/v2\/posts\/17756\/revisions"}],"wp:featuredmedia":[{"embeddable":true,"href":"https:\/\/kibrisayna.com\/index.php\/wp-json\/wp\/v2\/media\/17757"}],"wp:attachment":[{"href":"https:\/\/kibrisayna.com\/index.php\/wp-json\/wp\/v2\/media?parent=17756"}],"wp:term":[{"taxonomy":"category","embeddable":true,"href":"https:\/\/kibrisayna.com\/index.php\/wp-json\/wp\/v2\/categories?post=17756"},{"taxonomy":"post_tag","embeddable":true,"href":"https:\/\/kibrisayna.com\/index.php\/wp-json\/wp\/v2\/tags?post=17756"}],"curies":[{"name":"wp","href":"https:\/\/api.w.org\/{rel}","templated":true}]}}