{"id":17615,"date":"2025-02-19T00:01:00","date_gmt":"2025-02-18T21:01:00","guid":{"rendered":"https:\/\/kibrisayna.com\/index.php\/2025\/02\/19\/cumhurbaskani-tatar-kibris-ulasim-tarihi-isimli-eserin-yazarlarindan-izzet-derkani-kabul-etti-brtk\/"},"modified":"2025-02-19T00:01:00","modified_gmt":"2025-02-18T21:01:00","slug":"cumhurbaskani-tatar-kibris-ulasim-tarihi-isimli-eserin-yazarlarindan-izzet-derkani-kabul-etti-brtk","status":"publish","type":"post","link":"https:\/\/kibrisayna.com\/index.php\/2025\/02\/19\/cumhurbaskani-tatar-kibris-ulasim-tarihi-isimli-eserin-yazarlarindan-izzet-derkani-kabul-etti-brtk\/","title":{"rendered":"Cumhurba\u015fkan\u0131 Tatar, \u201cK\u0131br\u0131s Ula\u015f\u0131m Tarihi\u201d isimli eserin yazarlar\u0131ndan \u0130zzet Derkan\u2019\u0131 kabul etti \u2013 BRTK"},"content":{"rendered":"<p> <br \/>\n<\/p>\n<div>\n<div class=\"mariselle-image-container center\">\n                <img loading=\"lazy\" decoding=\"async\" width=\"2140\" height=\"1426\" class=\"lazy-image\" alt=\"\" sizes=\"auto, (max-width: 2140px) 100vw, 2140px\" src=\"https:\/\/brtk.net\/wp-content\/uploads\/2025\/02\/18\/1739909928963IMG_0177.jpeg?ver=a0a346d2bd0864c0cbed3c8e3df9b6f2\" srcset=\"https:\/\/brtk.net\/wp-content\/uploads\/2025\/02\/18\/1739909928963IMG_0177.jpeg?ver=a0a346d2bd0864c0cbed3c8e3df9b6f2 2140w, https:\/\/brtk.net\/wp-content\/uploads\/2025\/02\/18\/1739909928963IMG_0177-300x200.jpeg?ver=12e2128ac248447af1d99889fe9b4ebc 300w, https:\/\/brtk.net\/wp-content\/uploads\/2025\/02\/18\/1739909928963IMG_0177-1024x682.jpeg?ver=ddd83e49e09572ed2ed7aa308dc452c4 1024w, https:\/\/brtk.net\/wp-content\/uploads\/2025\/02\/18\/1739909928963IMG_0177-768x512.jpeg?ver=ddd83e49e09572ed2ed7aa308dc452c4 768w, https:\/\/brtk.net\/wp-content\/uploads\/2025\/02\/18\/1739909928963IMG_0177-1536x1024.jpeg?ver=d4aa083e30d25576667370e06cda6187 1536w, https:\/\/brtk.net\/wp-content\/uploads\/2025\/02\/18\/1739909928963IMG_0177-2048x1365.jpeg?ver=5aaaaf766b83f80750c24c5fbf44cae3 2048w\"\/>                            <\/div>\n<p>Cumhurba\u015fkan\u0131 Ersin Tatar, \u201cK\u0131br\u0131s Ula\u015f\u0131m Tarihi\u201d, isimli eserin yazarlar\u0131ndan \u0130zzet Derkan\u2019\u0131 kabul ederek g\u00f6r\u00fc\u015ft\u00fc.\u00a0<\/p>\n<p>Cumhurba\u015fkanl\u0131\u011f\u0131\u2019ndan verilen bilgiye g\u00f6re, \u0130zzet Derkan, Hatice \u00d6zler \u015eahin ve Mehmet Altuner ile birlikte kaleme ald\u0131klar\u0131 \u201cK\u0131br\u0131s Ula\u015f\u0131m Tarihi\u201d isimli eseri Cumhurba\u015fkan\u0131 Ersin Tatar\u2019a takdim etti.\u00a0<\/p>\n<p>Cumhurba\u015fkan\u0131 Ersin Tatar, \u0130zzet Derkan\u2019\u0131n ziyaretinden duydu\u011fu memnuniyeti dile getirerek, kendisine hediye edilen kitap i\u00e7in te\u015fekk\u00fcr etti.<\/p>\n<p>\u201cK\u0131br\u0131s Ula\u015f\u0131m Tarihi\u201d isimli kitab\u0131n k\u0131ymetli bir \u00e7al\u0131\u015fma oldu\u011funu s\u00f6yleyen Cumhurba\u015fkan\u0131 Tatar, kitab\u0131n K\u0131br\u0131s T\u00fcrk tarihine ge\u00e7en \u00f6nemli bir eser oldu\u011funu vurgulad\u0131.\u00a0<\/p>\n<p>K\u0131br\u0131s\u2019taki ula\u015f\u0131m\u0131n yaz\u0131l\u0131 olarak kayda ge\u00e7ti\u011fi ilk kapsaml\u0131 tarih kitab\u0131 olma \u00f6zelli\u011fini ta\u015f\u0131yan eserin, \u00f6nemli bir kaynak niteli\u011fini ta\u015f\u0131d\u0131\u011f\u0131n\u0131 ifade eden Cumhurba\u015fkan\u0131 Tatar, tarihi olaylar, ula\u015f\u0131m ara\u00e7lar\u0131 ve geli\u015fim s\u00fcre\u00e7leri hakk\u0131nda kapsaml\u0131 bilgiler sunan eserin, K\u0131br\u0131s\u2019\u0131n ula\u015f\u0131m tarihine \u0131\u015f\u0131k tutan nitelikte oldu\u011funu belirtti.\u00a0<\/p>\n<p>Konu\u015fmas\u0131n\u0131n sonunda Cumhurba\u015fkan\u0131 Ersin Tatar, kitab\u0131n haz\u0131rlanmas\u0131nda eme\u011fi ge\u00e7enleri tebrik ederek, ba\u015far\u0131lar\u0131n\u0131n devam\u0131n\u0131 diledi.<\/p>\n<\/p><\/div>\n<p><script async\n                    defer\n                    crossorigin=\"anonymous\"\n                    src=\"https:\/\/connect.facebook.net\/tr_TR\/sdk.js#xfbml=1&#038;version=v3.3\"\n            ><\/script><br \/>\n<br \/><br \/>\n<br \/><a href=\"https:\/\/brtk.net\/cumhurbaskani-tatar-kibris-ulasim-tarihi-isimli-eserin-yazarlarindan-izzet-derkani-kabul-etti\/\">Kaynak BRT <\/a><\/p>\n","protected":false},"excerpt":{"rendered":"<p>Cumhurba\u015fkan\u0131 Ersin Tatar, \u201cK\u0131br\u0131s Ula\u015f\u0131m Tarihi\u201d, isimli eserin yazarlar\u0131ndan \u0130zzet Derkan\u2019\u0131 kabul ederek g\u00f6r\u00fc\u015ft\u00fc.\u00a0 Cumhurba\u015fkanl\u0131\u011f\u0131\u2019ndan verilen bilgiye g\u00f6re, \u0130zzet Derkan, Hatice \u00d6zler \u015eahin ve Mehmet Altuner ile birlikte kaleme ald\u0131klar\u0131 \u201cK\u0131br\u0131s Ula\u015f\u0131m Tarihi\u201d isimli eseri Cumhurba\u015fkan\u0131 Ersin Tatar\u2019a takdim etti.\u00a0 Cumhurba\u015fkan\u0131 Ersin Tatar, \u0130zzet Derkan\u2019\u0131n ziyaretinden duydu\u011fu memnuniyeti dile getirerek, kendisine hediye edilen kitap i\u00e7in [&hellip;]<\/p>\n","protected":false},"author":908,"featured_media":17616,"comment_status":"open","ping_status":"open","sticky":false,"template":"","format":"standard","meta":{"_jetpack_memberships_contains_paid_content":false,"footnotes":"","jetpack_publicize_message":"","jetpack_publicize_feature_enabled":true,"jetpack_social_post_already_shared":true,"jetpack_social_options":{"image_generator_settings":{"template":"highway","default_image_id":0,"font":"","enabled":false},"version":2}},"categories":[253],"tags":[],"class_list":["post-17615","post","type-post","status-publish","format-standard","has-post-thumbnail","hentry","category-gundem"],"jetpack_publicize_connections":[],"jetpack_featured_media_url":"https:\/\/kibrisayna.com\/wp-content\/uploads\/2025\/02\/1739909928963IMG_0177.jpeg","jetpack_sharing_enabled":true,"_links":{"self":[{"href":"https:\/\/kibrisayna.com\/index.php\/wp-json\/wp\/v2\/posts\/17615","targetHints":{"allow":["GET"]}}],"collection":[{"href":"https:\/\/kibrisayna.com\/index.php\/wp-json\/wp\/v2\/posts"}],"about":[{"href":"https:\/\/kibrisayna.com\/index.php\/wp-json\/wp\/v2\/types\/post"}],"author":[{"embeddable":true,"href":"https:\/\/kibrisayna.com\/index.php\/wp-json\/wp\/v2\/users\/908"}],"replies":[{"embeddable":true,"href":"https:\/\/kibrisayna.com\/index.php\/wp-json\/wp\/v2\/comments?post=17615"}],"version-history":[{"count":0,"href":"https:\/\/kibrisayna.com\/index.php\/wp-json\/wp\/v2\/posts\/17615\/revisions"}],"wp:featuredmedia":[{"embeddable":true,"href":"https:\/\/kibrisayna.com\/index.php\/wp-json\/wp\/v2\/media\/17616"}],"wp:attachment":[{"href":"https:\/\/kibrisayna.com\/index.php\/wp-json\/wp\/v2\/media?parent=17615"}],"wp:term":[{"taxonomy":"category","embeddable":true,"href":"https:\/\/kibrisayna.com\/index.php\/wp-json\/wp\/v2\/categories?post=17615"},{"taxonomy":"post_tag","embeddable":true,"href":"https:\/\/kibrisayna.com\/index.php\/wp-json\/wp\/v2\/tags?post=17615"}],"curies":[{"name":"wp","href":"https:\/\/api.w.org\/{rel}","templated":true}]}}