{"id":17613,"date":"2025-02-18T23:53:56","date_gmt":"2025-02-18T20:53:56","guid":{"rendered":"https:\/\/kibrisayna.com\/index.php\/2025\/02\/18\/sampiyon-melekler-aniti-ulusal-mimari-peyzaj-ve-plastik-sanat-eseri-proje-yarismasinin-kitabi-tanitildi-brtk\/"},"modified":"2025-02-18T23:53:56","modified_gmt":"2025-02-18T20:53:56","slug":"sampiyon-melekler-aniti-ulusal-mimari-peyzaj-ve-plastik-sanat-eseri-proje-yarismasinin-kitabi-tanitildi-brtk","status":"publish","type":"post","link":"https:\/\/kibrisayna.com\/index.php\/2025\/02\/18\/sampiyon-melekler-aniti-ulusal-mimari-peyzaj-ve-plastik-sanat-eseri-proje-yarismasinin-kitabi-tanitildi-brtk\/","title":{"rendered":"\u201c\u015eampiyon Melekler An\u0131t\u0131 Ulusal Mimari, Peyzaj ve Plastik Sanat Eseri\u201d proje yar\u0131\u015fmas\u0131n\u0131n kitab\u0131 tan\u0131t\u0131ld\u0131 \u2013 BRTK"},"content":{"rendered":"<p> <br \/>\n<\/p>\n<div>\n<div class=\"mariselle-image-container center\">\n                <img loading=\"lazy\" decoding=\"async\" width=\"1600\" height=\"720\" class=\"lazy-image\" alt=\"\" sizes=\"auto, (max-width: 1600px) 100vw, 1600px\" src=\"https:\/\/brtk.net\/wp-content\/uploads\/2025\/02\/18\/1739906513988KTMMOB-KITAP-TANITIM-5.jpg?ver=c0571a8bfc77dce755c09553743573e3\" srcset=\"https:\/\/brtk.net\/wp-content\/uploads\/2025\/02\/18\/1739906513988KTMMOB-KITAP-TANITIM-5.jpg?ver=c0571a8bfc77dce755c09553743573e3 1600w, https:\/\/brtk.net\/wp-content\/uploads\/2025\/02\/18\/1739906513988KTMMOB-KITAP-TANITIM-5-300x135.jpg?ver=c8451f3cc89385d075f6eaf5fddba61a 300w, https:\/\/brtk.net\/wp-content\/uploads\/2025\/02\/18\/1739906513988KTMMOB-KITAP-TANITIM-5-1024x461.jpg?ver=c8451f3cc89385d075f6eaf5fddba61a 1024w, https:\/\/brtk.net\/wp-content\/uploads\/2025\/02\/18\/1739906513988KTMMOB-KITAP-TANITIM-5-768x346.jpg?ver=c8451f3cc89385d075f6eaf5fddba61a 768w, https:\/\/brtk.net\/wp-content\/uploads\/2025\/02\/18\/1739906513988KTMMOB-KITAP-TANITIM-5-1536x691.jpg?ver=2e574761a966634d3e93a79e6bf677ec 1536w\"\/>                            <\/div>\n<p>K\u0131br\u0131s T\u00fcrk M\u00fchendis ve Mimar Odalar\u0131 Birli\u011fi (KTMMOB) taraf\u0131ndan haz\u0131rlanan \u201c\u015eampiyon Melekler An\u0131t\u0131 Ulusal Mimari, Peyzaj ve Plastik Sanat Eseri\u201d proje yar\u0131\u015fmas\u0131n\u0131n kitab\u0131, bug\u00fcn d\u00fczenlenen etkinlikte tan\u0131t\u0131ld\u0131.<\/p>\n<p>KTMMOB, \u015eampiyon Melekleri Ya\u015fatma Derne\u011fi ve Gazima\u011fusa Belediyesi i\u015f birli\u011fiyle haz\u0131rlanan yar\u0131\u015fma kitab\u0131n\u0131n tan\u0131t\u0131m\u0131, K\u0131br\u0131s T\u00fcrk \u00d6\u011fretmenler Sendikas\u0131 Konferans Salonu\u2019nda ger\u00e7ekle\u015ftirildi.<\/p>\n<p>Etkinli\u011fe, Cumhuriyet\u00e7i T\u00fcrk Partisi (CTP) Genel Ba\u015fkan\u0131 Tufan Erh\u00fcrman, Gazima\u011fusa Belediye Ba\u015fkan\u0131 S\u00fcleyman Ulu\u00e7ay, Ba\u015fbakanl\u0131k Devlet Planlama \u00d6rg\u00fct\u00fc (DP\u00d6)\u00a0M\u00fcste\u015far\u0131 Durali G\u00fc\u00e7l\u00fcsoy, Toplumcu Demokrasi Partisi (TDP) Genel Ba\u015fkan\u0131 Zeki \u00c7eler, K\u0131br\u0131s T\u00fcrk M\u00fchendis ve Mimar Odalar\u0131 Birli\u011fi Ba\u015fkan\u0131 Seran Aysal, \u015eampiyon Melekleri Ya\u015fatma Derne\u011fi Ba\u015fkan\u0131 Ru\u015fen Y\u00fccesoylu Karakaya, dernek \u00fcyeleri, baz\u0131 milletvekilleri, sendika ve oda temsilcileri ile aileler kat\u0131ld\u0131.<\/p>\n<p>Etkinlik, depremde hayat\u0131n\u0131 kaybedenler ve \u015eampiyon Melekler an\u0131s\u0131na sayg\u0131 duru\u015fuyla ba\u015flad\u0131, ard\u0131ndan ailelerle yap\u0131lan r\u00f6portajlar\u0131n yer ald\u0131\u011f\u0131 video g\u00f6sterildi.<\/p>\n<p>-C\u00f6mert<\/p>\n<p>Etkinlikte daha sonra KTMMOB Genel Sayman\u0131 Navter Zafer C\u00f6mert a\u00e7\u0131l\u0131\u015f konu\u015fmas\u0131 yapt\u0131.\u00a0<\/p>\n<p>C\u00f6mert, konu\u015fmas\u0131nda 6 \u015eubat depremlerinde kaybedilen canlar\u0131 ve \u015eampiyon Melekler\u2019i unutman\u0131n m\u00fcmk\u00fcn olmad\u0131\u011f\u0131n\u0131 vurgulad\u0131.<\/p>\n<p>Depremin yaln\u0131zca binalar\u0131 de\u011fil, hayatlar\u0131 da y\u0131kt\u0131\u011f\u0131n\u0131 belirten C\u00f6mert, KTMMOB olarak kendi camialar\u0131ndan k\u0131ymetli yol arkada\u015flar\u0131 Evren \u00c7avd\u0131r\u2019\u0131 kaybettiklerini ifade etti.<\/p>\n<p>Bu ac\u0131y\u0131 unutturmamak i\u00e7in \u015eampiyon Melekleri Ya\u015fatma Derne\u011fi ve Gazima\u011fusa Belediyesi ile birlikte bir an\u0131t yar\u0131\u015fmas\u0131 d\u00fczenlediklerini s\u00f6yleyen C\u00f6mert, bu s\u00fcrece katk\u0131 koyan t\u00fcm meslekta\u015flar\u0131na te\u015fekk\u00fcr etti.<\/p>\n<p>\u201cKe\u015fke bug\u00fcn burada onlar\u0131 anmak i\u00e7in de\u011fil, hayallerini konu\u015fmak i\u00e7in bir araya gelmi\u015f olsayd\u0131k\u201d diyen C\u00f6mert, \u015eampiyon Melekler\u2019in hat\u0131ras\u0131n\u0131 ya\u015fatmaya devam edeceklerini belirtti.<\/p>\n<p>C\u00f6mert\u2019in konu\u015fmas\u0131n\u0131n ard\u0131ndan, M\u00fcnevver \u00d6zg\u00fcr \u00d6zersay, proje yar\u0131\u015fmas\u0131 kapsam\u0131nda haz\u0131rlanan ve yay\u0131mlanan kitab\u0131n haz\u0131rlan\u0131\u015f s\u00fcreci ile ilgili bilgiler verdi.<\/p>\n<p>-Karakaya<\/p>\n<p>Etkinlikte konu\u015fan \u015eampiyon Melekler Ya\u015fatma Derne\u011fi Ba\u015fkan\u0131 Ru\u015fen Y\u00fccesoylu \u00a0Karakaya, \u015eampiyon Melekler\u2019in ad\u0131n\u0131 ya\u015fatmak ve onlar\u0131n hat\u0131ras\u0131n\u0131 sonsuza kadar koruyacak an\u0131t\u0131n temellerini atan k\u0131ymetli bir \u00e7al\u0131\u015fmay\u0131 payla\u015fman\u0131n onurunu ya\u015fad\u0131klar\u0131n\u0131 ifade etti.<\/p>\n<p>Konu\u015fmas\u0131nda \u201cBu proje, kaybetti\u011fimiz evlatlar\u0131m\u0131z, \u00f6\u011fretmenlerimiz ve velilerimizin an\u0131s\u0131n\u0131 \u00f6l\u00fcms\u00fczle\u015ftirmek i\u00e7in at\u0131lm\u0131\u015f \u00e7ok \u00f6nemli bir ad\u0131md\u0131r.\u201d ifadelerine yer veren Karakaya, \u201cBu proje ayn\u0131 zamanda adalet m\u00fccadelemizin ve dayan\u0131\u015fmam\u0131z\u0131n bir ifadesidir\u201d dedi.<\/p>\n<p>-An\u0131t, toplumumuzun haf\u0131zas\u0131nda derin iz b\u0131rakacak bir adalet sembol\u00fc olacak<\/p>\n<p>Karakaya, yar\u0131\u015fmaya katk\u0131 sa\u011flayan sanat\u00e7\u0131lara, j\u00fcri \u00fcyelerine ve projeye destek veren t\u00fcm kurumlara te\u015fekk\u00fcr ederek, \u201cBu an\u0131t, sadece bir eser de\u011fil, toplumumuzun haf\u0131zas\u0131nda derin iz b\u0131rakacak bir adalet sembol\u00fc olacakt\u0131r\u201d diye konu\u015ftu.<\/p>\n<p>\u015eampiyon Melekler\u2019in hat\u0131ras\u0131n\u0131 ya\u015fatmaya kararl\u0131 olduklar\u0131n\u0131 vurgulayan Karakaya, \u201cOnlar\u0131 unutmayaca\u011f\u0131z, unutturmayaca\u011f\u0131z\u201d diyerek s\u00f6zlerini sonland\u0131rd\u0131.<\/p>\n<p>-Ulu\u00e7ay<\/p>\n<p>Gazima\u011fusa Belediye Ba\u015fkan\u0131 S\u00fcleyman Ulu\u00e7ay ise konu\u015fmas\u0131nda, Ad\u0131yaman\u2019da ya\u015fanan zorlu s\u00fcreci anlatt\u0131.<\/p>\n<p>Depremin ard\u0131ndan birlikte hareket ettiklerini ve Ad\u0131yaman\u2019a ula\u015farak, kurtarma \u00e7al\u0131\u015fmalar\u0131na kat\u0131ld\u0131klar\u0131n\u0131 belirten Ulu\u00e7ay, zorlu ko\u015fullarda halk\u0131n birlik i\u00e7inde oldu\u011funu ve her kesimin dayan\u0131\u015fma g\u00f6sterdi\u011fini ifade etti.<\/p>\n<p>Projede eme\u011fi ge\u00e7en herkese te\u015fekk\u00fcr ederek, se\u00e7ilen projenin bir an \u00f6nce hayata ge\u00e7irilmesi i\u00e7in h\u00fck\u00fcmetin ve Ba\u015fbakan \u00dcnal \u00dcstel\u2019in de destek verdi\u011fini vurgulayan Ulu\u00e7ay, Kuzey K\u0131br\u0131s\u2019\u0131n deprem ku\u015fa\u011f\u0131nda oldu\u011funu belirterek, bu konuda daha fazla \u00f6nlem al\u0131nmas\u0131 gerekti\u011fini s\u00f6yledi.<\/p>\n<p>-\u00c7eler<\/p>\n<p>Toplumcu Demokrasi Partisi Genel Ba\u015fkan\u0131 Zeki \u00c7eler de, depremin ard\u0131ndan g\u00f6sterilen cesaretin ve m\u00fccadelenin \u00f6nemine vurgu yapt\u0131.<\/p>\n<p>\u00d6zellikle \u015eampiyon Melekler\u2019in ailelerinin, ya\u015fad\u0131klar\u0131 ac\u0131lara ra\u011fmen dimdik durarak m\u00fccadele etmelerinin herkese ilham verdi\u011fini belirten \u00c7eler, ailelerin g\u00f6sterdi\u011fi bu direncin, sadece kendi kay\u0131plar\u0131 i\u00e7in de\u011fil, t\u00fcm toplum i\u00e7in b\u00fcy\u00fck bir anlam ta\u015f\u0131d\u0131\u011f\u0131n\u0131 ifade etti.<\/p>\n<p>Deprem riski ta\u015f\u0131yan adada, siyasilerin, meslek odalar\u0131n\u0131n ve yerel y\u00f6netimlerin daha fazla cesaret g\u00f6stererek, g\u00fcvenli yap\u0131lar\u0131n in\u015fas\u0131na odaklanmas\u0131 gerekti\u011fini s\u00f6yleyen \u00c7eler, bu m\u00fccadelenin sadece hukuki bir s\u00fcre\u00e7 de\u011fil, ayn\u0131 zamanda hayat\u0131 savunma m\u00fccadelesi oldu\u011funun alt\u0131n\u0131 \u00e7izdi. \u00c7eler, \u00a0projeye katk\u0131 sa\u011flayan herkese te\u015fekk\u00fcr etti.<\/p>\n<p>-G\u00fc\u00e7l\u00fcsoy<\/p>\n<p>Ba\u015fbakanl\u0131k Devlet Planlama \u00d6rg\u00fct\u00fc (DP\u00d6) M\u00fcste\u015far\u0131 Durali G\u00fc\u00e7l\u00fcsoy ise, 6 \u015eubat\u2019tan bu yana K\u0131br\u0131s T\u00fcrk halk\u0131ndan ald\u0131klar\u0131 cesaretle ailelerle birlikte sonuna kadar m\u00fccadeleye devam edeceklerini belirtti.<\/p>\n<p>Devletin s\u00fcrece katk\u0131 sa\u011flamak i\u00e7in elinden geleni yapt\u0131\u011f\u0131n\u0131 ve bu \u00e7abay\u0131 s\u00fcrd\u00fcrece\u011fini belirten G\u00fc\u00e7l\u00fcsoy, \u015eampiyon Melekler An\u0131t\u0131 i\u00e7in s\u00fcrecin h\u0131zl\u0131 bir \u015fekilde ba\u015flat\u0131laca\u011f\u0131n\u0131 ve Mart ay\u0131nda ihale s\u00fcrecine ba\u015flanaca\u011f\u0131n\u0131 dile getirdi. G\u00fc\u00e7l\u00fcsoy, \u00a02026 \u015eubat\u2019\u0131nda an\u0131ta \u00e7elenk koymay\u0131 planlad\u0131klar\u0131n\u0131 s\u00f6yledi.<\/p>\n<p>G\u00fc\u00e7l\u00fcsoy ayr\u0131ca, 6 \u015eubat\u2019ta ya\u015fananlar ve g\u00f6r\u00fclen eksikliklere de i\u015faret ederek, \u00fclkenin eksiklikleri ve zorluklar\u0131 a\u015fabilmek i\u00e7in odalar, ilgili kurumlarla birlikte \u00e7al\u0131\u015ft\u0131klar\u0131n\u0131 kaydetti.<\/p>\n<p>G\u00fc\u00e7l\u00fcsoy, herkesin ayn\u0131 hedefe odaklanarak, g\u00fc\u00e7l\u00fc bir dayan\u0131\u015fma i\u00e7inde kar\u015f\u0131la\u015f\u0131lan zorluklar\u0131 a\u015fmak i\u00e7in birlikte \u00e7al\u0131\u015fmaya devam edeceklerini ifade etti.<\/p>\n<p>-Erh\u00fcrman<\/p>\n<p>Cumhuriyet\u00e7i T\u00fcrk Partisi (CTP) Genel Ba\u015fkan\u0131 Tufan Erh\u00fcrman da konu\u015fmas\u0131nda, projenin haz\u0131rlanmas\u0131nda eme\u011fi ge\u00e7en t\u00fcm kurumlara ve kat\u0131l\u0131mc\u0131lara te\u015fekk\u00fcr etti.<\/p>\n<p>Bu konuda s\u00f6zlerinin s\u0131n\u0131rl\u0131 oldu\u011funu ve daha fazla konu\u015fmak yerine, bu ac\u0131 s\u00fcre\u00e7te g\u00f6sterilen cesaretin \u00f6nemine de\u011finen Erh\u00fcrman, ailelerin m\u00fccadelesinin sonuna kadar destek\u00e7isi olacaklar\u0131n\u0131 vurgulad\u0131.<\/p>\n<p>\u201cAilelerimizin ad\u0131mlar\u0131 nereye basarsa, biz de orada olaca\u011f\u0131z\u201d diyen Erh\u00fcrman, m\u00fccadelenin amac\u0131na ula\u015fana kadar devam edece\u011fini belirtti. Erh\u00fcrman, ailelerin her zaman yanlar\u0131nda olacaklar\u0131n\u0131 ifade etti.<\/p>\n<p>-Aysal<\/p>\n<p>Etkinlikte son s\u00f6z\u00fc ise KTMMOB Ba\u015fkan\u0131 Seran Aysal ald\u0131. Aysal, 6 \u015eubat\u2019taki trajik olaylar\u0131n ard\u0131ndan ya\u015fanan kay\u0131plar\u0131n, kendilerine hem b\u00fcy\u00fck bir sorumluluk hem de bir g\u00f6rev y\u00fckledi\u011fini belirtti.<\/p>\n<p>\u015eampiyon Melekleri Ya\u015fatma Derne\u011fi ile birlikte bu s\u00fcreci unutmamak ve unutturmamak i\u00e7in yo\u011fun \u00e7aba sarf ettiklerini ifade eden Aysal, \u201cEylem ve s\u00f6ylemi \u00f6rt\u00fc\u015ft\u00fcrecek bir duruma gelmemiz gerekir\u201d dedi.<\/p>\n<p>-\u201cBilimsel\u00a0temelden uzak bir yap\u0131n\u0131n getirdi\u011fi sonu\u00e7lar\u0131 \u015fu anda ya\u015f\u0131yoruz\u201d<\/p>\n<p>Aysal, ya\u015fananlar\u0131n sonu\u00e7lar\u0131n\u0131n \u00e7ok farkl\u0131 sebepleri oldu\u011funu ve bunlar\u0131n aras\u0131nda imar bar\u0131\u015f\u0131 ve imar aflar\u0131n\u0131n da bulundu\u011funu vurgulayarak, bilimsel temelden uzak bir yap\u0131n\u0131n getirdi\u011fi sonu\u00e7lar\u0131 \u015fu anda ya\u015fad\u0131klar\u0131n\u0131 s\u00f6yledi.<\/p>\n<p>KTMMOB olarak, kay\u0131plar\u0131n an\u0131s\u0131n\u0131 ya\u015fatmak i\u00e7in gerekli ad\u0131mlar\u0131n at\u0131laca\u011f\u0131n\u0131 belirten Aysal, an\u0131t yar\u0131\u015fmas\u0131n\u0131n tamamland\u0131\u011f\u0131n\u0131 ve kitab\u0131n haz\u0131rlanarak, elde edilen gelirle Dernek\u2019e katk\u0131 sa\u011flayacaklar\u0131n\u0131 aktard\u0131. Aysal ayr\u0131ca, 35 can\u0131n an\u0131s\u0131n\u0131 ya\u015fatmak i\u00e7in fiziksel an\u0131t\u0131n in\u015fa edilmesi ad\u0131na kararlar\u0131n al\u0131nd\u0131\u011f\u0131n\u0131 ve s\u00fcrecin h\u0131zla ba\u015flat\u0131laca\u011f\u0131n\u0131 kaydetti.\u00a0<\/p>\n<p>Aysal, \u015eampiyon Melekleri Ya\u015fatma Derne\u011fi\u2019nin okul kompleksi projesine de de\u011finerek, projenin en do\u011fru ve bilimsel \u015fekilde hayata ge\u00e7irilmesi i\u00e7in m\u00fccadele edeceklerini belirtti.<\/p>\n<p>Aysal, bu s\u00fcrecin sadece s\u00f6zde kalmamas\u0131 gerekti\u011fini, ayn\u0131 zamanda somut ad\u0131mlarla ilerlemeleri gerekti\u011fini ifade ederek, kat\u0131l\u0131mc\u0131lara ve s\u00fcrece katk\u0131 sa\u011flayanlara te\u015fekk\u00fcr etti.<\/p>\n<p>Etkinlikte ayr\u0131ca, KTMMOB\u2019ye ba\u011fl\u0131 oda ba\u015fkanlar\u0131, sendika ve sivil toplum \u00f6rg\u00fct\u00fc temsilcileri de s\u00f6z alarak g\u00f6r\u00fc\u015flerini payla\u015ft\u0131.<\/p>\n<p>Konu\u015fmalar\u0131n ard\u0131ndan, projenin haz\u0131rlanmas\u0131na ve program\u0131n ger\u00e7ekle\u015ftirilmesine \u00a0katk\u0131 koyanlara te\u015fekk\u00fcr belgeleri takdim edildi.<\/p>\n<\/p><\/div>\n<p><script async\n                    defer\n                    crossorigin=\"anonymous\"\n                    src=\"https:\/\/connect.facebook.net\/tr_TR\/sdk.js#xfbml=1&#038;version=v3.3\"\n            ><\/script><br \/>\n<br \/><br \/>\n<br \/><a href=\"https:\/\/brtk.net\/sampiyon-melekler-aniti-ulusal-mimari-peyzaj-ve-plastik-sanat-eseri-proje-yarismasinin-kitabi-tanitildi\/\">Kaynak BRT <\/a><\/p>\n","protected":false},"excerpt":{"rendered":"<p>K\u0131br\u0131s T\u00fcrk M\u00fchendis ve Mimar Odalar\u0131 Birli\u011fi (KTMMOB) taraf\u0131ndan haz\u0131rlanan \u201c\u015eampiyon Melekler An\u0131t\u0131 Ulusal Mimari, Peyzaj ve Plastik Sanat Eseri\u201d proje yar\u0131\u015fmas\u0131n\u0131n kitab\u0131, bug\u00fcn d\u00fczenlenen etkinlikte tan\u0131t\u0131ld\u0131. KTMMOB, \u015eampiyon Melekleri Ya\u015fatma Derne\u011fi ve Gazima\u011fusa Belediyesi i\u015f birli\u011fiyle haz\u0131rlanan yar\u0131\u015fma kitab\u0131n\u0131n tan\u0131t\u0131m\u0131, K\u0131br\u0131s T\u00fcrk \u00d6\u011fretmenler Sendikas\u0131 Konferans Salonu\u2019nda ger\u00e7ekle\u015ftirildi. Etkinli\u011fe, Cumhuriyet\u00e7i T\u00fcrk Partisi (CTP) Genel Ba\u015fkan\u0131 [&hellip;]<\/p>\n","protected":false},"author":908,"featured_media":17614,"comment_status":"open","ping_status":"open","sticky":false,"template":"","format":"standard","meta":{"_jetpack_memberships_contains_paid_content":false,"footnotes":"","jetpack_publicize_message":"","jetpack_publicize_feature_enabled":true,"jetpack_social_post_already_shared":true,"jetpack_social_options":{"image_generator_settings":{"template":"highway","default_image_id":0,"font":"","enabled":false},"version":2}},"categories":[253],"tags":[],"class_list":["post-17613","post","type-post","status-publish","format-standard","has-post-thumbnail","hentry","category-gundem"],"jetpack_publicize_connections":[],"jetpack_featured_media_url":"https:\/\/kibrisayna.com\/wp-content\/uploads\/2025\/02\/1739906513988KTMMOB-KITAP-TANITIM-5.jpg","jetpack_sharing_enabled":true,"_links":{"self":[{"href":"https:\/\/kibrisayna.com\/index.php\/wp-json\/wp\/v2\/posts\/17613","targetHints":{"allow":["GET"]}}],"collection":[{"href":"https:\/\/kibrisayna.com\/index.php\/wp-json\/wp\/v2\/posts"}],"about":[{"href":"https:\/\/kibrisayna.com\/index.php\/wp-json\/wp\/v2\/types\/post"}],"author":[{"embeddable":true,"href":"https:\/\/kibrisayna.com\/index.php\/wp-json\/wp\/v2\/users\/908"}],"replies":[{"embeddable":true,"href":"https:\/\/kibrisayna.com\/index.php\/wp-json\/wp\/v2\/comments?post=17613"}],"version-history":[{"count":0,"href":"https:\/\/kibrisayna.com\/index.php\/wp-json\/wp\/v2\/posts\/17613\/revisions"}],"wp:featuredmedia":[{"embeddable":true,"href":"https:\/\/kibrisayna.com\/index.php\/wp-json\/wp\/v2\/media\/17614"}],"wp:attachment":[{"href":"https:\/\/kibrisayna.com\/index.php\/wp-json\/wp\/v2\/media?parent=17613"}],"wp:term":[{"taxonomy":"category","embeddable":true,"href":"https:\/\/kibrisayna.com\/index.php\/wp-json\/wp\/v2\/categories?post=17613"},{"taxonomy":"post_tag","embeddable":true,"href":"https:\/\/kibrisayna.com\/index.php\/wp-json\/wp\/v2\/tags?post=17613"}],"curies":[{"name":"wp","href":"https:\/\/api.w.org\/{rel}","templated":true}]}}