{"id":17611,"date":"2025-02-18T21:38:46","date_gmt":"2025-02-18T18:38:46","guid":{"rendered":"https:\/\/kibrisayna.com\/index.php\/2025\/02\/18\/baris-gorusmeleri-icin-turkiye-ideal-bir-ev-sahibi-olacaktir-brtk\/"},"modified":"2025-02-18T21:38:46","modified_gmt":"2025-02-18T18:38:46","slug":"baris-gorusmeleri-icin-turkiye-ideal-bir-ev-sahibi-olacaktir-brtk","status":"publish","type":"post","link":"https:\/\/kibrisayna.com\/index.php\/2025\/02\/18\/baris-gorusmeleri-icin-turkiye-ideal-bir-ev-sahibi-olacaktir-brtk\/","title":{"rendered":"Bar\u0131\u015f g\u00f6r\u00fc\u015fmeleri i\u00e7in T\u00fcrkiye ideal bir ev sahibi olacakt\u0131r \u2013 BRTK"},"content":{"rendered":"<p> <br \/>\n<\/p>\n<div>\n<div class=\"mariselle-image-container center\">\n                <img loading=\"lazy\" decoding=\"async\" width=\"1280\" height=\"720\" class=\"lazy-image\" alt=\"\" sizes=\"auto, (max-width: 1280px) 100vw, 1280px\" src=\"https:\/\/brtk.net\/wp-content\/uploads\/2025\/02\/18\/erdogan-zelenskiy-aa-2333821.jpg?ver=5645173b04c97095fa328c0da1b30ab2\" srcset=\"https:\/\/brtk.net\/wp-content\/uploads\/2025\/02\/18\/erdogan-zelenskiy-aa-2333821.jpg?ver=5645173b04c97095fa328c0da1b30ab2 1280w, https:\/\/brtk.net\/wp-content\/uploads\/2025\/02\/18\/erdogan-zelenskiy-aa-2333821-300x169.jpg?ver=4000c77c8cbb1f8dfe879bed3fbf40e5 300w, https:\/\/brtk.net\/wp-content\/uploads\/2025\/02\/18\/erdogan-zelenskiy-aa-2333821-1024x576.jpg?ver=4000c77c8cbb1f8dfe879bed3fbf40e5 1024w, https:\/\/brtk.net\/wp-content\/uploads\/2025\/02\/18\/erdogan-zelenskiy-aa-2333821-768x432.jpg?ver=c78a09dfbc2e505114b643df0d349783 768w\"\/>                            <\/div>\n<p>TC Cumhurba\u015fkan\u0131 Recep Tayyip Erdo\u011fan, Ukrayna Devlet Ba\u015fkan\u0131 Volodimir Zelenskiy ile ortak bas\u0131n toplant\u0131s\u0131nda \u201cRusya ile Ukrayna ve Amerika aras\u0131nda \u00f6n\u00fcm\u00fczdeki d\u00f6nemde ger\u00e7ekle\u015ftirilmesi muhtemel g\u00f6r\u00fc\u015fmeler i\u00e7in \u00fclkemiz ideal bir ev sahibi olacakt\u0131r\u201d dedi.<\/p>\n<p>Erdo\u011fan, Cumhurba\u015fkanl\u0131\u011f\u0131 K\u00fclliyesi\u2019nde, Ukrayna Devlet Ba\u015fkan\u0131 Volodimir Zelenskiy ile ba\u015f ba\u015fa ve heyetler aras\u0131 g\u00f6r\u00fc\u015fmeleri ile \u00e7al\u0131\u015fma yeme\u011finin ard\u0131ndan anla\u015fmalar\u0131n imza t\u00f6renine ba\u015fkanl\u0131k etti ve ortak bas\u0131n toplant\u0131s\u0131 d\u00fczenledi.<\/p>\n<p>\ufeffKonu\u015fmas\u0131na 4\u2019\u00fcnc\u00fc y\u0131l\u0131na girecek Rusya-Ukrayna Sava\u015f\u0131\u2019nda hayat\u0131n\u0131 kaybedenler i\u00e7in Ukrayna halk\u0131na taziyelerini ileten Cumhurba\u015fkan\u0131 Erdo\u011fan, Zelenskiy\u2019nin ziyaretinin, Ukrayna\u2019daki sava\u015f\u0131n temel dinamiklerinde \u00f6nemli de\u011fi\u015fimlere aday olunan bir d\u00f6nemde ger\u00e7ekle\u015fti\u011fini s\u00f6yledi.<\/p>\n<p>T\u00fcrkiye\u2019nin, \u201cSava\u015f\u0131n kazanan\u0131, bar\u0131\u015f\u0131n kaybedeni olmayaca\u011f\u0131\u201d anlay\u0131\u015f\u0131yla sava\u015f\u0131n ilk g\u00fcn\u00fcnden bu yana taraftar aras\u0131nda m\u00fczakere edilmi\u015f bir bar\u0131\u015f\u0131n tesisi i\u00e7in yo\u011fun \u00e7aba sarf etti\u011fini belirten Erdo\u011fan, \u201cBu do\u011frultuda Mart 2022\u2019de \u0130stanbul\u2019da iki \u00fclke aras\u0131nda do\u011frudan m\u00fczakerelere ev sahipli\u011fi yapt\u0131k. Taraflarla y\u00fcr\u00fctt\u00fc\u011f\u00fcm\u00fcz temaslar neticesinde Karadeniz Tah\u0131l Giri\u015fimini hayata ge\u00e7irdik. Son 3 y\u0131lda Rusya ve Ukrayna ile her seviyede do\u011frudan giri\u015fimlerde bulunduk. T\u00fcm bu \u00e7abalar\u0131m\u0131zda her iki taraf i\u00e7inde g\u00fcvenilir bir arabulucu olmaya, samimi olarak gayret g\u00f6sterdik, somut neticeleri ald\u0131k.\u201d ifadelerini kulland\u0131.<\/p>\n<p><em>\u201cBar\u0131\u015f g\u00f6r\u00fc\u015fmeleri i\u00e7in T\u00fcrkiye ideal bir ev sahibi olacakt\u0131r\u201d<\/em><br \/>Gelinen a\u015famada ABD Ba\u015fkan\u0131 Donald Trump\u2019\u0131n, sava\u015f\u0131n m\u00fczakereler yoluyla ve s\u00fcratle sonland\u0131r\u0131lmas\u0131 i\u00e7in ba\u015flatt\u0131\u011f\u0131 diplomatik giri\u015fimin, T\u00fcrkiye\u2019nin son 3 y\u0131ld\u0131r izledi\u011fi politikayla da \u00f6rt\u00fc\u015ft\u00fc\u011f\u00fcn\u00fc vurgulayan Erdo\u011fan, \u015f\u00f6yle devam etti:<\/p>\n<p>\u201cHaddizat\u0131nda, \u0130stanbul M\u00fczakereleri taraftar aras\u0131nda mutabakata en fazla yakla\u015f\u0131lan platform olmas\u0131 ile \u00f6nemli bir referans noktas\u0131 te\u015fkil ediyor. Son 3 y\u0131lda izledi\u011fimiz aktif diplomasi dikkate al\u0131nd\u0131\u011f\u0131nda Rusya ile Ukrayna ve Amerika aras\u0131nda \u00f6n\u00fcm\u00fczdeki d\u00f6nemde ger\u00e7ekle\u015ftirilmesi muhtemel g\u00f6r\u00fc\u015fmeler i\u00e7in \u00fclkemiz ideal bir ev sahibi olacakt\u0131r.<\/p>\n<p>Say\u0131n Zelenskiy ile g\u00f6r\u00fc\u015fmemde T\u00fcrkiye\u2019nin, Ukrayna\u2019n\u0131n toprak b\u00fct\u00fcnl\u00fc\u011f\u00fcne, egemenli\u011fine ve ba\u011f\u0131ms\u0131zl\u0131\u011f\u0131n\u0131 olan kuvvetli deste\u011fini ifade ettim. Ayn\u0131 zamanda m\u00fczakere s\u00fcrecinin kal\u0131c\u0131 bir bar\u0131\u015fla sonu\u00e7land\u0131r\u0131lmas\u0131 i\u00e7in her t\u00fcrl\u00fc deste\u011fi verece\u011fimizin alt\u0131n\u0131 \u00e7izdim. \u00c7ok say\u0131da masumun \u00f6l\u00fcm\u00fcne ve muazzam bir y\u0131kama neden olan bu sava\u015f, art\u0131k sona ermelidir.<\/p>\n<p>Karadeniz\u2019de ticari seyr\u00fcsefer emniyetini hedefleyen bir d\u00fczenlemenin hayata ge\u00e7irilmesi i\u00e7in \u00fclkemizin \u00e7al\u0131\u015fmay\u0131 s\u00fcrd\u00fcrece\u011fini de belirttim. Karadeniz\u2019de hayata ge\u00e7irilebilecek b\u00f6yle bir d\u00fczenlemenin m\u00fczakerelere giden s\u00fcre\u00e7te \u00f6nemli bir g\u00fcven art\u0131r\u0131c\u0131 tedbir i\u015flevi g\u00f6rece\u011fine inan\u0131yoruz.<\/p>\n<p>Say\u0131n Zelenskiy ile g\u00fcndemimizde, Ukrayna ile stratejik ortakl\u0131k ili\u015fkilerimiz kapsam\u0131ndaki konu ba\u015fl\u0131klar\u0131 \u00f6nemli yer tuttu. Ticari ili\u015fkilerimizin daha da g\u00fc\u00e7lendirilmesi i\u00e7in \u00f6n\u00fcm\u00fczdeki d\u00f6nemde atabilece\u011fimiz ad\u0131mlar\u0131 masaya yat\u0131rd\u0131k. Sava\u015f\u0131n getirdi\u011fi t\u00fcm zorluklara ra\u011fmen ikili ticaretimizde tespit etti\u011fimiz 10 milyar dolar hedefine emin ad\u0131mlarla y\u00fcr\u00fcmek istiyoruz.\u201d<\/p>\n<p><strong>\u201c\u0130li\u015fkilerimizin daha da \u00fcst seviyelere \u00e7\u0131kaca\u011f\u0131na inan\u0131yorum\u201d<\/strong><br \/>Zelenskiy\u2019e, T\u00fcrk \u015firketlerinin sava\u015f\u0131n yol a\u00e7t\u0131\u011f\u0131 tahribat\u0131n giderilmesi ve yeniden imar konusunda Ukrayna\u2019ya destek vermeye istekli olduklar\u0131n\u0131 aktard\u0131\u011f\u0131n\u0131 s\u00f6yleyen Cumhurba\u015fkan\u0131 Erdo\u011fan, \u201cUkrayna\u2019da bar\u0131\u015f\u0131n tesisi ile birlikte \u00f6n\u00fcm\u00fczdeki d\u00f6nemde ili\u015fkilerimizin stratejik ortakl\u0131\u011f\u0131m\u0131za yara\u015f\u0131r d\u00fczeyde daha da \u00fcst seviyelere \u00e7\u0131kaca\u011f\u0131na t\u00fcm samimiyetimle inan\u0131yorum. S\u00f6zlerime son verirken Ukrayna\u2019n\u0131n toprak b\u00fct\u00fcnl\u00fc\u011f\u00fc i\u00e7in \u00f6zellikle m\u00fccadele veren K\u0131r\u0131m Tatar\u0131 soyda\u015flar\u0131m\u0131z\u0131n haklar\u0131 konusunda de\u011ferli dostum Zelenskiy\u2019nin att\u0131\u011f\u0131 cesur ad\u0131mlar\u0131 takdirle kar\u015f\u0131lad\u0131\u011f\u0131m belirtmek istiyor, ilave ad\u0131mlar\u0131n gelece\u011fini de temenni ediyorum.\u201d de\u011ferlendirmesinde bulundu.<\/p>\n<p><strong>\u201cTemennimiz odur ki bar\u0131\u015f\u0131n kaybedeni olmaz\u201d<\/strong><br \/>Konu\u015fmalar\u0131n ard\u0131ndan Cumhurba\u015fkan\u0131 Erdo\u011fan ile Ukrayna Devlet Ba\u015fkan\u0131 Zelenskiy bas\u0131n mensuplar\u0131n\u0131n sorular\u0131n\u0131 yan\u0131tlad\u0131.<\/p>\n<p>Ukraynal\u0131 bir gazetecinin bar\u0131\u015f g\u00f6r\u00fc\u015fmelerine vurgu yaparak, Ukrayna\u2019n\u0131n egemenli\u011fi ve toprak b\u00fct\u00fcnl\u00fc\u011f\u00fcne ili\u015fkin sorusu \u00fczerine Erdo\u011fan, \u015fu yan\u0131t\u0131 verdi:<\/p>\n<p>\u201cUkrayna\u2019n\u0131n toprak b\u00fct\u00fcnl\u00fc\u011f\u00fc, egemenli\u011fi bizler i\u00e7in \u00e7ok \u00e7ok \u00f6nemli ve toprak b\u00fct\u00fcnl\u00fc\u011f\u00fcne, egemenli\u011fine T\u00fcrkiye\u2019nin sayg\u0131s\u0131n\u0131 her yerde anlatt\u0131k. B\u00fct\u00fcn uluslararas\u0131 toplant\u0131larda bu konuyu daima i\u015fledik, i\u015flemeye devam ediyoruz. Bundan sonraki s\u00fcre\u00e7te de \u00f6zellikle Ukrayna\u2019n\u0131n toprak b\u00fct\u00fcnl\u00fc\u011f\u00fc bizim olmazsa olmaz\u0131m\u0131zd\u0131r. Egemenli\u011fi ayn\u0131 \u015fekilde bizim olmazsa olmaz\u0131m\u0131zd\u0131r. Temennimiz odur ki bar\u0131\u015f\u0131n kaybedeni olmaz.<\/p>\n<p>Dolay\u0131s\u0131yla bar\u0131\u015f\u0131n bir an \u00f6nce sa\u011flanmas\u0131n\u0131 temin etmektir. Bu konuda de\u011ferli dostum, o da zaten bar\u0131\u015ftan yana oldu\u011funu a\u00e7\u0131k net olarak bizlere ifade ediyor. Temennim odur ki gerek D\u0131\u015fi\u015fleri Bakan\u0131m\u0131n muhatab\u0131yla yapt\u0131\u011f\u0131 g\u00f6r\u00fc\u015fmelerde gerek \u015fahs\u0131m\u0131n Say\u0131n Putin ile yapt\u0131\u011f\u0131 g\u00f6r\u00fc\u015fmelerde bu bar\u0131\u015fla ilgili yolculu\u011fu, yolu katederiz, temin ederiz ve bunun i\u00e7in ad\u0131mlar\u0131 da atar\u0131z.\u201d<\/p>\n<p>T\u00fcrkiye\u2019nin gelecek s\u00fcre\u00e7te Rusya-Ukrayna bar\u0131\u015f\u0131na katk\u0131 i\u00e7in ad\u0131m at\u0131p atmayaca\u011f\u0131na ili\u015fkin bir soru \u00fczerine Erdo\u011fan, \u015f\u00f6yle konu\u015ftu:<\/p>\n<p>\u201cAdil bir bar\u0131\u015f\u0131n m\u00fcmk\u00fcn olmas\u0131 i\u00e7in \u015f\u00fcphesiz ki g\u00fc\u00e7l\u00fc oldu\u011funu bildi\u011fimiz \u00fclkelerin bar\u0131\u015ftan yana tavr\u0131n\u0131 ortaya koymas\u0131 laz\u0131m. Az \u00f6nce de ifade etti\u011fim gibi bar\u0131\u015f\u0131n kaybedeni olmaz. \u015eu anda t\u00fcm d\u00fcnya Rusya-Ukrayna aras\u0131ndaki bu sava\u015fta art\u0131k bar\u0131\u015f\u0131 bekliyor. Bir an \u00f6nce bar\u0131\u015f temin edilsin. \u00c7\u00fcnk\u00fc bunca esir var, bunun yan\u0131nda bunca insan, y\u00fcz binlerce insan burada \u00f6ld\u00fc, \u00f6ld\u00fcr\u00fcld\u00fc. \u2018<\/p>\n<p>Art\u0131k bu \u00f6l\u00fcme de son verilsin\u2019 deniyor. \u015eimdi bizler en yak\u0131n kom\u015fular\u0131 olarak T\u00fcrkiye biz, bir an \u00f6nce bar\u0131\u015f\u0131n teminiyle alakal\u0131 gerek \u015fahs\u0131m gerek D\u0131\u015fi\u015fleri Bakan\u0131m bizler muhataplar\u0131m\u0131zla bir an \u00f6nce bar\u0131\u015f\u0131n temini i\u00e7in ad\u0131m atal\u0131m istiyoruz.<\/p>\n<p>Tah\u0131l Koridoru\u2019nun kurulmas\u0131n\u0131 isteyi\u015fimizin sebebi bu olmu\u015ftur ve tah\u0131l koridorunda da iyi bir netice ald\u0131k ama maalesef devam\u0131n\u0131 sa\u011flayamad\u0131k. 30 bin ton tah\u0131l malum g\u00f6nderildi biz arac\u0131 olduk. Bundan sonraki s\u00fcre\u00e7te de bunun devam\u0131n\u0131 istiyoruz. Bu arada tabii ben huzurlar\u0131n\u0131zda Say\u0131n Zelenskiy\u2019e bir te\u015fekk\u00fcr\u00fc ifade etmek istiyorum.<\/p>\n<p>O da Suriye\u2019ye tah\u0131l g\u00f6nderme noktas\u0131nda, bize g\u00f6nderdikleri tah\u0131l, biz de bu tah\u0131l\u0131 malum de\u011firmenlerimizde una \u00e7evirmek suretiyle Suriye\u2019ye ula\u015ft\u0131rd\u0131k, ula\u015ft\u0131r\u0131yoruz. Bu da tabii Suriye\u2019deki y\u00f6netimi ciddi manada mutlu etti, memnun etti. Ben de huzurlar\u0131n\u0131zda Suriye halk\u0131 ad\u0131na kendilerine te\u015fekk\u00fcr ediyorum. \u00c7\u00fcnk\u00fc b\u00f6yle zor bir zamanda Suriye\u2019nin b\u00f6yle bir imkan\u0131 arac\u0131l\u0131\u011f\u0131m\u0131zla \u00f6zellikle de Ukrayna\u2019dan elde etmi\u015f olmas\u0131 bu da insani ve vicdani bir g\u00f6revdir.\u201d<\/p>\n<\/p><\/div>\n<p><script async\n                    defer\n                    crossorigin=\"anonymous\"\n                    src=\"https:\/\/connect.facebook.net\/tr_TR\/sdk.js#xfbml=1&#038;version=v3.3\"\n            ><\/script><br \/>\n<br \/><br \/>\n<br \/><a href=\"https:\/\/brtk.net\/erdogan-baris-gorusmeleri-icin-turkiye-ideal-bir-ev-sahibi-olacaktir\/\"><\/a><\/p>\n","protected":false},"excerpt":{"rendered":"<p>TC Cumhurba\u015fkan\u0131 Recep Tayyip Erdo\u011fan, Ukrayna Devlet Ba\u015fkan\u0131 Volodimir Zelenskiy ile ortak bas\u0131n toplant\u0131s\u0131nda \u201cRusya ile Ukrayna ve Amerika aras\u0131nda \u00f6n\u00fcm\u00fczdeki d\u00f6nemde ger\u00e7ekle\u015ftirilmesi muhtemel g\u00f6r\u00fc\u015fmeler i\u00e7in \u00fclkemiz ideal bir ev sahibi olacakt\u0131r\u201d dedi. Erdo\u011fan, Cumhurba\u015fkanl\u0131\u011f\u0131 K\u00fclliyesi\u2019nde, Ukrayna Devlet Ba\u015fkan\u0131 Volodimir Zelenskiy ile ba\u015f ba\u015fa ve heyetler aras\u0131 g\u00f6r\u00fc\u015fmeleri ile \u00e7al\u0131\u015fma yeme\u011finin ard\u0131ndan anla\u015fmalar\u0131n imza t\u00f6renine [&hellip;]<\/p>\n","protected":false},"author":908,"featured_media":17612,"comment_status":"open","ping_status":"open","sticky":false,"template":"","format":"standard","meta":{"_jetpack_memberships_contains_paid_content":false,"footnotes":"","jetpack_publicize_message":"","jetpack_publicize_feature_enabled":true,"jetpack_social_post_already_shared":true,"jetpack_social_options":{"image_generator_settings":{"template":"highway","default_image_id":0,"font":"","enabled":false},"version":2}},"categories":[587],"tags":[],"class_list":["post-17611","post","type-post","status-publish","format-standard","has-post-thumbnail","hentry","category-dunya"],"jetpack_publicize_connections":[],"jetpack_featured_media_url":"https:\/\/kibrisayna.com\/wp-content\/uploads\/2025\/02\/erdogan-zelenskiy-aa-2333821.jpg","jetpack_sharing_enabled":true,"_links":{"self":[{"href":"https:\/\/kibrisayna.com\/index.php\/wp-json\/wp\/v2\/posts\/17611","targetHints":{"allow":["GET"]}}],"collection":[{"href":"https:\/\/kibrisayna.com\/index.php\/wp-json\/wp\/v2\/posts"}],"about":[{"href":"https:\/\/kibrisayna.com\/index.php\/wp-json\/wp\/v2\/types\/post"}],"author":[{"embeddable":true,"href":"https:\/\/kibrisayna.com\/index.php\/wp-json\/wp\/v2\/users\/908"}],"replies":[{"embeddable":true,"href":"https:\/\/kibrisayna.com\/index.php\/wp-json\/wp\/v2\/comments?post=17611"}],"version-history":[{"count":0,"href":"https:\/\/kibrisayna.com\/index.php\/wp-json\/wp\/v2\/posts\/17611\/revisions"}],"wp:featuredmedia":[{"embeddable":true,"href":"https:\/\/kibrisayna.com\/index.php\/wp-json\/wp\/v2\/media\/17612"}],"wp:attachment":[{"href":"https:\/\/kibrisayna.com\/index.php\/wp-json\/wp\/v2\/media?parent=17611"}],"wp:term":[{"taxonomy":"category","embeddable":true,"href":"https:\/\/kibrisayna.com\/index.php\/wp-json\/wp\/v2\/categories?post=17611"},{"taxonomy":"post_tag","embeddable":true,"href":"https:\/\/kibrisayna.com\/index.php\/wp-json\/wp\/v2\/tags?post=17611"}],"curies":[{"name":"wp","href":"https:\/\/api.w.org\/{rel}","templated":true}]}}