{"id":17610,"date":"2025-02-18T21:28:05","date_gmt":"2025-02-18T18:28:05","guid":{"rendered":"https:\/\/kibrisayna.com\/index.php\/2025\/02\/18\/meclis-genel-kurulu-tamamlandi-bir-sonraki-toplanti-24-subat-pazartesi-gunu-yapilacak-brtk\/"},"modified":"2025-02-18T21:28:05","modified_gmt":"2025-02-18T18:28:05","slug":"meclis-genel-kurulu-tamamlandi-bir-sonraki-toplanti-24-subat-pazartesi-gunu-yapilacak-brtk","status":"publish","type":"post","link":"https:\/\/kibrisayna.com\/index.php\/2025\/02\/18\/meclis-genel-kurulu-tamamlandi-bir-sonraki-toplanti-24-subat-pazartesi-gunu-yapilacak-brtk\/","title":{"rendered":"Meclis Genel Kurulu tamamland\u0131\u2026 Bir sonraki toplant\u0131 24 \u015eubat Pazartesi g\u00fcn\u00fc yap\u0131lacak \u2013 BRTK"},"content":{"rendered":"<p> <br \/>\n<\/p>\n<div>\n<div class=\"mariselle-image-container center\">\n                <img loading=\"lazy\" decoding=\"async\" width=\"1504\" height=\"1004\" class=\"lazy-image\" alt=\"\" sizes=\"auto, (max-width: 1504px) 100vw, 1504px\" src=\"https:\/\/brtk.net\/wp-content\/uploads\/2024\/12\/19\/meclis-bina-22.jpg?ver=45b8024083b98540bbad4bfe25b3a0ff\" srcset=\"https:\/\/brtk.net\/wp-content\/uploads\/2024\/12\/19\/meclis-bina-22.jpg?ver=45b8024083b98540bbad4bfe25b3a0ff 1504w, https:\/\/brtk.net\/wp-content\/uploads\/2024\/12\/19\/meclis-bina-22-300x200.jpg?ver=f8b2615d533c5d1238b707a4d8d33628 300w, https:\/\/brtk.net\/wp-content\/uploads\/2024\/12\/19\/meclis-bina-22-1024x684.jpg?ver=f8b2615d533c5d1238b707a4d8d33628 1024w, https:\/\/brtk.net\/wp-content\/uploads\/2024\/12\/19\/meclis-bina-22-768x513.jpg?ver=cbcc57ed492489b34a8200d761603d63 768w\"\/>                            <\/div>\n<p> Cumhuriyet Meclisi Genel Kurulu, g\u00fcncel konu\u015fmalar\u0131n ard\u0131ndan tamamland\u0131. Karpaz\u2019da ya\u015fanan e\u015fek katliam\u0131 vekillerin g\u00fcndemindeydi. Bir sonraki toplant\u0131 24 \u015eubat Pazartesi g\u00fcn\u00fc yap\u0131lacak.<\/p>\n<p>\u2013 Hamzao\u011fullar\u0131<\/p>\n<p>Cumhuriyet\u00e7i T\u00fcrk Partisi Milletvekili Biray Hamzao\u011fullar\u0131, \u201cKarpaz B\u00f6lgesinde Ya\u015fayan E\u015fekler ve Son Be\u015f Y\u0131lda Bu Konuyla Alakal\u0131 Hi\u00e7bir \u0130craat\u0131 Bulunmayan H\u00fck\u00fcmet Y\u00f6netti\u011fini Zannedenler\u201d konulu g\u00fcncel konu\u015fmas\u0131nda, ilk olarak taksicilerle yapt\u0131\u011f\u0131 konu\u015fmadan bahsetti.<\/p>\n<p>Taksicilerin, ka\u00e7ak ta\u015f\u0131mac\u0131l\u0131kla ilgili yasan\u0131n, Bay\u0131nd\u0131rl\u0131k ve Ula\u015ft\u0131rma Bakanl\u0131\u011f\u0131 taraf\u0131ndan geri \u00e7ekilece\u011fine dair duyum ald\u0131\u011f\u0131n\u0131 ifade eden Hamzao\u011fullar\u0131, bunun yap\u0131lmamas\u0131 \u00e7a\u011fr\u0131s\u0131nda bulundu. Ula\u015ft\u0131rma Bakan\u0131 Erhan Ar\u0131kl\u0131\u2019ya seslenen Hamzao\u011fullar\u0131, ka\u00e7ak ta\u015f\u0131mac\u0131l\u0131\u011f\u0131n bir an \u00f6nce son bulmas\u0131 gerekti\u011fini s\u00f6yledi.<\/p>\n<p>E\u015feklerin vurulmas\u0131n\u0131 k\u0131nayan ve bunu yapanlar\u0131n cezaland\u0131r\u0131lmalar\u0131n\u0131 isteyen Hamzao\u011fullar\u0131, son be\u015f y\u0131lda e\u015fekler i\u00e7in hi\u00e7bir \u015fey yap\u0131lmad\u0131\u011f\u0131n\u0131 belirterek, \u201cVurulma olay\u0131 \u00fcst\u00fcm\u00fcze \u00fcst\u00fcm\u00fcze geldi\u201d dedi.<\/p>\n<p>E\u015feklerle ilgili ge\u00e7mi\u015fte d\u00f6rt tane \u00f6l\u00fcml\u00fc kaza oldu\u011funu ifade eden Hamzao\u011fullar\u0131, \u201cBu s\u0131k\u0131nt\u0131lar b\u00f6lge halk\u0131 i\u00e7in hep vard\u0131r\u201d dedi. Hamzao\u011fullar\u0131, b\u00f6lgede ekim yapan insanlara kurakl\u0131kta verilen katk\u0131 gibi fon ayr\u0131l\u0131p, ayr\u0131lmad\u0131\u011f\u0131n\u0131 da sordu.<\/p>\n<p>\u201cBu e\u015fekler kesinlikle \u00f6lmeyi, \u00f6ld\u00fcr\u00fclmeyi hak etmez ama bu insanlara da bir \u00e7\u00f6z\u00fcm \u00fcretmeniz gerekirdi\u201d diyen Hamzao\u011fullar\u0131, Dipkarpaz\u2019daki b\u00f6lge halk\u0131n\u0131n korunma i\u00e7in ucuz yollu telleme y\u00f6ntemleri yapt\u0131\u011f\u0131n\u0131 belirtti.<\/p>\n<p>Yenierenk\u00f6y\u2019e gelen e\u015feklerin bir ki\u015fiye zarar verdi\u011fini anlatan Hamzao\u011fullar\u0131, e\u015feklerle m\u00fccadele etme projesinde ge\u00e7 kal\u0131nd\u0131\u011f\u0131n\u0131 dile getirdi. Biray Hamzao\u011fullar\u0131, \u201cYanl\u0131\u015fl\u0131kla bir ad\u0131m atarsan\u0131z, Karpaz halk\u0131na ila\u00e7 gibi gelebilir\u201d dedi.<\/p>\n<p>-K\u00fcr\u015fat<\/p>\n<p>Cumhuriyet\u00e7i T\u00fcrk Partisi Milletvekili Fide K\u00fcr\u015fat, \u201cTar\u0131m Bakanl\u0131\u011f\u0131 Vazifeleri ve Vaziyetleri\u201d konulu g\u00fcncel konu\u015fmas\u0131nda, Tar\u0131m ve Do\u011fal Kaynaklar Bakan\u0131 H\u00fcseyin \u00c7avu\u015f\u2019a, Genel Kurul salonunda oldu\u011fu i\u00e7in te\u015fekk\u00fcr ederken, denetim g\u00fcn\u00fcnde konu\u015fma ba\u015fl\u0131klar\u0131yla en az alakal\u0131 bakan\u0131n n\u00f6bet\u00e7i bakan oldu\u011fu ele\u015ftirisinde bulundu.<\/p>\n<p>S\u00fcr kurumu ve s\u00fct borsas\u0131nda ya\u015fananlara de\u011finen K\u00fcr\u015fat, son iki borsada da saat ikide de\u011ferlendirilmesi gereken s\u00fct borsas\u0131 sonu\u00e7lar\u0131n\u0131n, d\u00f6rtte, be\u015fte a\u00e7\u0131kland\u0131\u011f\u0131n\u0131 kaydetti. K\u00fcr\u015fat, normalde bu i\u015flemin 15 dakika s\u00fcrd\u00fc\u011f\u00fcn\u00fc anlatt\u0131.<\/p>\n<p>Bakan \u00c7avu\u015f\u2019un, s\u00fct borsas\u0131ndaki fiyatlar\u0131 be\u011fenmemesi nedeniyle s\u00fcrenin uzad\u0131\u011f\u0131n\u0131 dile getiren K\u00fcr\u015fat, s\u00fct fiyat\u0131n\u0131n Bakan\u0131n m\u00fcdahalesine g\u00f6re de\u011fi\u015fti\u011fini savundu. K\u00fcr\u015fat, Say\u0131\u015ftayl\u0131\u011f\u0131n, bu konuda g\u00f6rev almas\u0131 ve denetleme yapmas\u0131 gerekti\u011fini s\u00f6yledi.<\/p>\n<p>S\u00fct borsas\u0131 sonu\u00e7lar\u0131n\u0131n Bakan \u00c7avu\u015f\u2019un onay\u0131ndan ge\u00e7meden a\u00e7\u0131klanmad\u0131\u011f\u0131n\u0131 belirten K\u00fcr\u015fat, \u201cBu s\u00fct borsas\u0131 tarihinde bir ilk\u201d dedi. Bunun hukuka ayk\u0131r\u0131 bir uygulama oldu\u011funu ifade eden K\u00fcr\u015fat, \u201cMevzuatlara uymak zorunday\u0131z\u201d diye konu\u015ftu.<\/p>\n<p>Do\u011frudan Gelir Destekleri ile ilgili a\u00e7\u0131klaman\u0131n ne zaman yap\u0131laca\u011f\u0131n\u0131 soran Fide K\u00fcr\u015fat, tar\u0131msal \u00fcretime ayr\u0131lan desteklerin \u00fcreticilerin bilgisine sunulmas\u0131n\u0131 beklediklerini s\u00f6yledi. Toprak \u00dcr\u00fcnleri Kurumu\u2019nda (T\u00dcK) arpan\u0131n \u201cg\u0131d\u0131m ile\u201d \u00fcreticilere verildi\u011fini kaydeden K\u00fcr\u015fat, \u201cT\u00dcK arpa ihtiyac\u0131n\u0131 planlamaktan yoksun durumdad\u0131r\u201d dedi.<\/p>\n<p>Karpaz\u2019da ya\u015fanan vah\u015fetin \u00f6zr\u00fc olamayaca\u011f\u0131n\u0131 dile getiren K\u00fcr\u015fat, bu konunun Karpaz\u2019\u0131n kanayan yaras\u0131 oldu\u011funu kaydetti. \u201cE\u015feklerin ya\u015fad\u0131\u011f\u0131 vah\u015fetin tek sorumlusunun bug\u00fcn Genel Kurul\u2019da koltuklarda oturmayan y\u00f6neticiler\u201d oldu\u011funu ileri s\u00fcren K\u00fcr\u015fat, bu konuya bir \u00e7\u00f6z\u00fcm bulunmas\u0131n\u0131n \u015fart oldu\u011funu belirtti. Hayvanlar\u0131n, hayvan refah\u0131 \u00e7er\u00e7evesinde ya\u015fat\u0131lmalar\u0131 gerekti\u011fini ifade eden K\u00fcr\u015fat, Ceza Yasas\u0131\u2019ndaki de\u011fi\u015fiklikle ilgili bilgilendirme talep etti.<\/p>\n<p>Harup \u00fcreticilerinin eme\u011finin kar\u015f\u0131l\u0131\u011f\u0131n\u0131 alamad\u0131\u011f\u0131n\u0131 da s\u00f6yleyen K\u00fcr\u015fat, \u201c\u00dcreticiler g\u00f6rmezden geliniyor\u201d dedi. Narenciye konusunda da sorular y\u00f6nelten Fide K\u00fcr\u015fat, su fiyatlar\u0131n\u0131n \u00f6nemli bir girdi maliyeti oldu\u011funa dikkat \u00e7ekerek, \u00fcreticilerin farkl\u0131 fiyatlardan su ald\u0131\u011f\u0131n\u0131 kaydetti. K\u00fcr\u015fat, Do\u011fanc\u0131\u2019da \u00fcst ge\u00e7idin oldu\u011fu yerdeki borularda s\u0131z\u0131nt\u0131 oldu\u011funu da dile getirdi.<\/p>\n<p>Ta\u015fkent\u2019teki bir orman arazisinin \u201cyanda\u015f bir ki\u015fi\u201d taraf\u0131ndan tellendi\u011fi y\u00f6n\u00fcndeki konuya da de\u011finen K\u00fcr\u015fat, Ye\u015filk\u00f6y\u2019deki mezarl\u0131kta g\u00f6m\u00fclecek yer kalmad\u0131\u011f\u0131n\u0131 s\u00f6yledi. Ak\u00e7ay\u2019da bir k\u0131rsal kesim arazisine mand\u0131ra yap\u0131ld\u0131\u011f\u0131n\u0131 anlatan K\u00fcr\u015fat, bu konuda da sorular sordu.<\/p>\n<p>-\u00c7avu\u015f: \u201cBenim herhangi bir \u015fekilde talimat\u0131m olmad\u0131, olmayacak\u201d<\/p>\n<p>Tar\u0131m ve Do\u011fal Kaynaklar Bakan\u0131 H\u00fcseyin \u00c7avu\u015f ise s\u00f6z al\u0131p k\u00fcrs\u00fcye \u00e7\u0131karak, ilk olarak Hamzao\u011fullar\u0131\u2019na yan\u0131t verdi. \u00c7avu\u015f, \u00fcreticilere, \u00f6demelerin, Genel Tar\u0131m Sigortas\u0131 Fonu T\u00fcz\u00fc\u011f\u00fc \u00e7er\u00e7evesinde yap\u0131ld\u0131\u011f\u0131n\u0131 dile getirdi.<\/p>\n<p>K\u00fcr\u015fat\u2019\u0131 da yan\u0131tlayan H\u00fcseyin \u00c7avu\u015f, s\u00fct borsas\u0131 konusunda borsa t\u00fcz\u00fc\u011f\u00fcne g\u00f6re hareket etti\u011fini, 2024 y\u0131l\u0131n\u0131 23 Milyon TL\u2019lik art\u0131yla kapatt\u0131klar\u0131n\u0131 ve bunu hayvan \u00fcreticilerine yans\u0131tt\u0131klar\u0131n\u0131 s\u00f6yledi. \u201cBahsetti\u011finiz d\u00f6nemle ilgili benim herhangi bir \u015fekilde talimat\u0131m olmad\u0131, olmayacak\u201d diyen \u00c7avu\u015f, yasalar ve t\u00fcz\u00fckler \u00e7er\u00e7evesinde hareket ettiklerini yineledi. Bakan \u00c7avu\u015f, \u201cBorsa noktas\u0131nda hi\u00e7bir zaman t\u00fcz\u00fckten d\u0131\u015far\u0131 \u00e7\u0131kmad\u0131k, \u00e7\u0131kmayaca\u011f\u0131z\u201d vurgusu yapt\u0131.<\/p>\n<p>Do\u011frudan Gelir Desteklerinin tamam\u0131n\u0131 g\u00fcncelleyerek, Bakanlar Kurulu\u2019na g\u00f6nderdiklerini, bug\u00fcn ge\u00e7ece\u011fini ve \u00f6demelerin ba\u015flayaca\u011f\u0131n\u0131 s\u00f6yleyen \u00c7avu\u015f, Do\u011frudan Gelir Destekleri yay\u0131nland\u0131ktan sonra harup \u00fcreticilerinin \u00f6demelerinin de ba\u015flayaca\u011f\u0131n\u0131 kaydetti.<\/p>\n<p>Kalkanl\u0131\u2019dan G\u00fcne\u015fk\u00f6y\u2019e kadar olan b\u00f6lgeye su vermeye ba\u015flad\u0131klar\u0131n\u0131 ifade eden \u00c7avu\u015f, su fiyatlar\u0131n\u0131n \u00e7e\u015fitli oldu\u011funun do\u011fru oldu\u011funu, \u00e7al\u0131\u015fmalar yapt\u0131klar\u0131n\u0131 ve baz\u0131 yerlerde fiyatlar\u0131 a\u015fa\u011f\u0131ya \u00e7ektiklerini belirtti. Bakan \u00c7avu\u015f, en \u00f6nemlisinin kay\u0131p-ka\u00e7aktan sonraki planlama oldu\u011funu vurgulad\u0131.<\/p>\n<p>Do\u011fanc\u0131\u2019ya tar\u0131msal su vermediklerini ifade eden Bakan \u00c7avu\u015f, bu konuda notunu ald\u0131\u011f\u0131n\u0131, ilgilenece\u011fini kaydetti. Ak\u00e7ay\u2019daki mand\u0131ralar konusunda ise \u00c7avu\u015f, organize hayvanc\u0131l\u0131k b\u00f6lgelerinin \u0130\u00e7i\u015fleri Bakanl\u0131\u011f\u0131\u2019na ba\u011fl\u0131 oldu\u011funu ifade ederek, \u0130\u00e7i\u015fleri Bakan\u0131 ile konuyu g\u00f6r\u00fc\u015fece\u011fini belirtti. Ye\u015filk\u00f6y\u2019deki mezarl\u0131k konusunda ise Bakan \u00c7avu\u015f, \u0130\u00e7i\u015fleri Bakan\u0131\u2019n\u0131n konu \u00fczerinde \u00e7al\u0131\u015ft\u0131\u011f\u0131n\u0131, ad\u0131mlar\u0131 payla\u015faca\u011f\u0131n\u0131 s\u00f6yledi.<\/p>\n<p>-\u00d6zuslu<\/p>\n<p>Cumhuriyet\u00e7i T\u00fcrk Partisi Milletvekili Sami \u00d6zuslu, \u201cSon Siyasi Geli\u015fmeler\u201d konulu g\u00fcncel konu\u015fmas\u0131nda, trafik konusuna de\u011findi. Trafi\u011fin \u00f6z\u00fc itibar\u0131 ile bir halk sa\u011fl\u0131\u011f\u0131 sorunu olarak nitelendirildi\u011fini s\u00f6yleyen \u00d6zuslu, trafi\u011fe sadece teknik makamlar\u0131n de\u011fil D\u00fcnya Sa\u011fl\u0131k \u00d6rg\u00fct\u00fc\u2019n\u00fcn de kafa yordu\u011funu dile getirdi.<\/p>\n<p>H\u00fck\u00fcmet program\u0131nda trafik ve karayollar\u0131 ile ilgili neler yazd\u0131\u011f\u0131n\u0131 aktaran \u00d6zuslu, \u201cTek bir ad\u0131m dahi at\u0131lmad\u0131\u201d dedi. \u00d6zuslu, 1975\u2019ten bu yana 50 y\u0131lda Kuzey K\u0131br\u0131s\u2019ta 108 binin \u00fczerinde kaza oldu\u011funu, 50 bin civar\u0131nda ki\u015finin yaraland\u0131\u011f\u0131n\u0131, 2 bin 20 ki\u015finin ise hayat\u0131n\u0131 kaybetti\u011fini belirtti. \u201cBu rakamlar korkun\u00e7tur\u201d diyen \u00d6zuslu, trafik kazalar\u0131n\u0131n \u00f6nlenebilece\u011fini vurgulad\u0131.<\/p>\n<p>Trafik kazalar\u0131n\u0131n d\u00fcnyadaki \u00f6l\u00fcm nedenleri aras\u0131nda 11\u2019nci s\u0131rada geldi\u011fine dikkat \u00e7eken \u00d6zuslu, geli\u015fmi\u015f say\u0131lan \u00fclkelerde insan odakl\u0131 i\u015fler yap\u0131ld\u0131\u011f\u0131n\u0131 ifade ederek, \u00fclkede ise yol ayd\u0131nlatmas\u0131 konusunda yetki karma\u015fas\u0131 ya\u015fanmas\u0131n\u0131 ele\u015ftirdi.<\/p>\n<p>\u201cEvet, trafik bir halk sa\u011fl\u0131\u011f\u0131 sorunudur\u201d diyen \u00d6zuslu, hastal\u0131k ba\u015flad\u0131ktan sonra de\u011fil \u00f6ncesinde tedbir al\u0131nmas\u0131 gerekti\u011fini s\u00f6yledi. Sami \u00d6zuslu, h\u00fck\u00fcmete, insan hayat\u0131yla ilgili konularda konsantrasyon \u00e7a\u011fr\u0131s\u0131nda bulundu.<\/p>\n<p>Trafikte bir bu\u00e7uk ayda 10 ki\u015finin hayat\u0131n\u0131 kaybetti\u011fi dile getiren \u00d6zuslu, \u201cVizyonsuz, hedefsiz, kaptans\u0131z gemiyle gidece\u011fimiz yer, iyi bir yer de\u011fil\u201d dedi.<\/p>\n<p>-Ulu\u00e7ay<\/p>\n<p>Cumhuriyet\u00e7i T\u00fcrk Partisi Milletvekili Teberr\u00fcken Ulu\u00e7ay, \u201c\u00c7ar\u015f\u0131, Ekonomi ve Siyaset\u201d konulu g\u00fcncel konu\u015fmas\u0131nda, siyasette belirsizli\u011fin artan bir seyir halinde devam etti\u011fini s\u00f6yledi.<\/p>\n<p>Uluslararas\u0131 ili\u015fkilerde b\u00f6lgesel atraksiyonlar\u0131n \u00f6n plana \u00e7\u0131kabilece\u011fi \u00f6ng\u00f6r\u00fcs\u00fcnde bulunan Ulu\u00e7ay, G\u00fcney K\u0131br\u0131s ile ekonomik ili\u015fkilerin geli\u015ftirilmesine y\u00f6nelik orta vadeli bir yol haritas\u0131 \u00e7\u0131kar\u0131lmas\u0131 gerekti\u011fini kaydetti.<\/p>\n<p>T\u00fcrkiye\u2019de yakla\u015f\u0131k iki y\u0131ld\u0131r uygulanan ekonomi politikalara de\u011finen Teberr\u00fcken Ulu\u00e7ay, enflasyon konusunda verilen m\u00fccadelenin \u00f6ng\u00f6r\u00fclen sonucu vermedi\u011fini, enflasyonu d\u00fc\u015f\u00fcrme hedefinin 2026\u2019ya sarkt\u0131\u011f\u0131n\u0131 kaydetti. Ulu\u00e7ay, enflasyonla m\u00fccadelenin yava\u015f gitti\u011fini dile getirdi.<\/p>\n<p>Uluslararas\u0131 siyasetin ve ekonomik \u00e7\u0131kmaz\u0131n KKTC\u2019yi de etkileyece\u011fini ifade eden Ulu\u00e7ay, KKTC\u2019de k\u0131sa vadede gelirlerin art\u0131r\u0131lmas\u0131 gerekti\u011fini vurgulad\u0131. Ulu\u00e7ay, turizm gelirlerinin art\u0131r\u0131lmas\u0131n\u0131n \u00f6nemli bir \u00e7\u0131k\u0131\u015f noktas\u0131 olabilece\u011fini s\u00f6yledi.<\/p>\n<p>Karpaz\u2019da e\u015feklerin \u00f6ld\u00fcr\u00fclmesi olay\u0131na da de\u011finen Ulu\u00e7ay, \u201cE\u015fekler, K\u0131br\u0131s adas\u0131n\u0131n sembol\u00fcd\u00fcr\u201d diyerek, do\u011fan\u0131n sundu\u011fu miras\u0131n gelecek nesillere ta\u015f\u0131nmas\u0131 gerekti\u011finin alt\u0131n\u0131 \u00e7izdi. Ulu\u00e7ay, Karpaz b\u00f6lgesinde do\u011fal alan\u0131n korunmas\u0131na odaklan\u0131lmas\u0131n\u0131n \u015fart oldu\u011funu kaydetti.<\/p>\n<p>-\u00d6zdenefe<\/p>\n<p>Meclis Ba\u015fkan Yard\u0131mc\u0131s\u0131 Milletvekili Fazilet \u00d6zdenefe de, \u201cSon Siyasi Geli\u015fmeler\u201d konulu g\u00fcncel konu\u015fmas\u0131nda, Karpaz b\u00f6lgesindeki e\u015feklerin katledilmesine de\u011findi ve son be\u015f y\u0131ld\u0131r konuyla ilgili \u201cta\u015f ta\u015f \u00fcst\u00fcne\u201d konulmad\u0131\u011f\u0131n\u0131 belirtti.<\/p>\n<p>\u201c\u015eiddet k\u00fclt\u00fcr\u00fcn\u00fcn bask\u0131s\u0131n\u0131 toplumumuzda hissediyoruz\u201d diyen \u00d6zdenefe, her bir bireyin vicdan\u0131n\u0131n Karpaz\u2019daki olayla ilgili rahats\u0131z oldu\u011funu s\u00f6yledi.<\/p>\n<p>\u015eiddet t\u00fcrleri aras\u0131nda ciddi bir ba\u011flant\u0131 oldu\u011funu ifade eden \u00d6zdenefe, \u0130ngiltere\u2019deki bir ara\u015ft\u0131rmaya g\u00f6re, seri katillerinin \u00f6nemli bir k\u0131sm\u0131n\u0131n ge\u00e7mi\u015finde hayvan istismar\u0131 oldu\u011funu belirtti. \u00d6zdenefe, Amerika\u2019daki bir ara\u015ft\u0131rmaya dair de veriler payla\u015ft\u0131.<\/p>\n<p>\u00dclkede bu tip ara\u015ft\u0131rmalar olmad\u0131\u011f\u0131n\u0131 kaydeden \u00d6zdenefe, \u201cVeri fukaras\u0131 bir devletiz maalesef\u201d diye konu\u015ftu. E\u015fek katliam\u0131yla ilgili h\u00fck\u00fcmet yetkililerinin a\u00e7\u0131klamalar\u0131n\u0131 ele\u015ftiren \u00d6zdenefe, \u201cSan\u0131rs\u0131n\u0131z muhalefet\u201d dedi.<\/p>\n<p>Hayvan Refah\u0131 Yasas\u0131\u2019na i\u015faret eden Fazilet \u00d6zdenefe, Veteriner Dairesi\u2019nin Tar\u0131m ve Do\u011fal Kaynaklar Bakanl\u0131\u011f\u0131\u2019na ba\u011fl\u0131 oldu\u011funu s\u00f6yledi. \u00d6zdenefe,  \u201cKonuyla ilgili bug\u00fcn Bakan \u00c7avu\u015f\u2019tan daha detayl\u0131 bir a\u00e7\u0131klama beklerdim\u201d diye konu\u015ftu.<\/p>\n<p>\u015eiddet k\u00fclt\u00fcr\u00fcn\u00fcn normalle\u015fmemesi a\u00e7\u0131s\u0131ndan cezaland\u0131r\u0131lmas\u0131 gerekti\u011fini belirten \u00d6zdenefe, sadece ceza de\u011fil e\u011fitimin de \u00f6nemine vurgu yapt\u0131. \u015eiddetin toplumsal bir sorun oldu\u011funu ve bunu elimine etmenin ba\u015fta h\u00fck\u00fcmet olmak \u00fczere herkesin sorumlulu\u011fu oldu\u011funa i\u015faret eden \u00d6zdenefe, h\u00fck\u00fcmetin bu konudaki notunun ise s\u0131f\u0131r oldu\u011funu kaydetti.<\/p>\n<p>-\u00c7avu\u015f<\/p>\n<p>Tar\u0131m ve Do\u011fal Kaynaklar Bakan\u0131 H\u00fcseyin \u00c7avu\u015f ise \u00d6zdenefe\u2019ye yan\u0131t verdi. \u00dcretici kimli\u011fiyle, bahsedilen hususlar\u0131 bilen bir ki\u015fi olarak gere\u011fini yapt\u0131\u011f\u0131n\u0131 dile getiren \u00c7avu\u015f, polislerle b\u00f6lgeye gidildi\u011fini, yasa gere\u011fince soru\u015fturma ba\u015flat\u0131ld\u0131\u011f\u0131n\u0131 ve cezan\u0131n kesilece\u011fini kaydetti.<\/p>\n<p>Tar\u0131m Bakanl\u0131\u011f\u0131\u2019n\u0131n bu s\u00fcrecin takip\u00e7isi olaca\u011f\u0131n\u0131 vurgulayan Bakan \u00c7avu\u015f, insana, hayvana ve do\u011faya sayg\u0131l\u0131 olunmas\u0131 gerekti\u011fini belirtti. E\u015feklerin b\u00f6lgeden ka\u00e7mas\u0131n\u0131n insan eliyle oldu\u011funu belirten Bakan \u00c7avu\u015f, bariyerlerin orta yerden kald\u0131r\u0131ld\u0131\u011f\u0131n\u0131 ifade etti.<\/p>\n<p>E\u015feklerin sa\u011fl\u0131kl\u0131 bir \u015fekilde toplat\u0131lmas\u0131 i\u00e7in de \u00e7al\u0131\u015fma ba\u015flatt\u0131klar\u0131n\u0131 kaydeden Bakan \u00c7avu\u015f, g\u0131da ve su noktas\u0131nda ilgili daireleri de y\u00f6nlendirdi\u011fini belirtti. Bakan \u00c7avu\u015f, \u201cKabullenebilecek bir olay de\u011fil, takip\u00e7isi olaca\u011f\u0131z\u201d diyerek, konu\u015fmas\u0131n\u0131 tamamlad\u0131.<\/p>\n<p>Konu\u015fmalar\u0131n sonras\u0131nda s\u00f6zl\u00fc ve yaz\u0131l\u0131 sorular b\u00f6l\u00fcm\u00fcne ge\u00e7ildi. Meclis Ba\u015fkan\u0131 Ziya \u00d6zt\u00fcrkler, Ba\u015fbakan \u00dcnal \u00dcstel\u2019in, cevaplanmayan yaz\u0131l\u0131 sorularla ilgilenece\u011fini bizzat kendisine iletti\u011fini kaydetti.<\/p>\n<p>Ard\u0131ndan Genel Kurul tamamland\u0131. Gelecek birle\u015fim 24 \u015eubat Pazartesi saat 10.00\u2019da yap\u0131lacak.<\/p>\n<\/p><\/div>\n<p><script async\n                    defer\n                    crossorigin=\"anonymous\"\n                    src=\"https:\/\/connect.facebook.net\/tr_TR\/sdk.js#xfbml=1&#038;version=v3.3\"\n            ><\/script><br \/>\n<br \/><br \/>\n<br \/><a href=\"https:\/\/brtk.net\/meclis-genel-kurulu-tamamlandi-bir-sonraki-toplanti-24-subat-pazartesi-gunu-yapilacak\/\">Kaynak BRT <\/a><\/p>\n","protected":false},"excerpt":{"rendered":"<p>Cumhuriyet Meclisi Genel Kurulu, g\u00fcncel konu\u015fmalar\u0131n ard\u0131ndan tamamland\u0131. Karpaz\u2019da ya\u015fanan e\u015fek katliam\u0131 vekillerin g\u00fcndemindeydi. Bir sonraki toplant\u0131 24 \u015eubat Pazartesi g\u00fcn\u00fc yap\u0131lacak. \u2013 Hamzao\u011fullar\u0131 Cumhuriyet\u00e7i T\u00fcrk Partisi Milletvekili Biray Hamzao\u011fullar\u0131, \u201cKarpaz B\u00f6lgesinde Ya\u015fayan E\u015fekler ve Son Be\u015f Y\u0131lda Bu Konuyla Alakal\u0131 Hi\u00e7bir \u0130craat\u0131 Bulunmayan H\u00fck\u00fcmet Y\u00f6netti\u011fini Zannedenler\u201d konulu g\u00fcncel konu\u015fmas\u0131nda, ilk olarak taksicilerle yapt\u0131\u011f\u0131 konu\u015fmadan [&hellip;]<\/p>\n","protected":false},"author":908,"featured_media":14427,"comment_status":"open","ping_status":"open","sticky":false,"template":"","format":"standard","meta":{"_jetpack_memberships_contains_paid_content":false,"footnotes":"","jetpack_publicize_message":"","jetpack_publicize_feature_enabled":true,"jetpack_social_post_already_shared":true,"jetpack_social_options":{"image_generator_settings":{"template":"highway","default_image_id":0,"font":"","enabled":false},"version":2}},"categories":[253],"tags":[],"class_list":["post-17610","post","type-post","status-publish","format-standard","has-post-thumbnail","hentry","category-gundem"],"jetpack_publicize_connections":[],"jetpack_featured_media_url":"https:\/\/kibrisayna.com\/wp-content\/uploads\/2024\/12\/meclis-bina-22.jpg","jetpack_sharing_enabled":true,"_links":{"self":[{"href":"https:\/\/kibrisayna.com\/index.php\/wp-json\/wp\/v2\/posts\/17610","targetHints":{"allow":["GET"]}}],"collection":[{"href":"https:\/\/kibrisayna.com\/index.php\/wp-json\/wp\/v2\/posts"}],"about":[{"href":"https:\/\/kibrisayna.com\/index.php\/wp-json\/wp\/v2\/types\/post"}],"author":[{"embeddable":true,"href":"https:\/\/kibrisayna.com\/index.php\/wp-json\/wp\/v2\/users\/908"}],"replies":[{"embeddable":true,"href":"https:\/\/kibrisayna.com\/index.php\/wp-json\/wp\/v2\/comments?post=17610"}],"version-history":[{"count":0,"href":"https:\/\/kibrisayna.com\/index.php\/wp-json\/wp\/v2\/posts\/17610\/revisions"}],"wp:featuredmedia":[{"embeddable":true,"href":"https:\/\/kibrisayna.com\/index.php\/wp-json\/wp\/v2\/media\/14427"}],"wp:attachment":[{"href":"https:\/\/kibrisayna.com\/index.php\/wp-json\/wp\/v2\/media?parent=17610"}],"wp:term":[{"taxonomy":"category","embeddable":true,"href":"https:\/\/kibrisayna.com\/index.php\/wp-json\/wp\/v2\/categories?post=17610"},{"taxonomy":"post_tag","embeddable":true,"href":"https:\/\/kibrisayna.com\/index.php\/wp-json\/wp\/v2\/tags?post=17610"}],"curies":[{"name":"wp","href":"https:\/\/api.w.org\/{rel}","templated":true}]}}