{"id":17608,"date":"2025-02-18T21:26:31","date_gmt":"2025-02-18T18:26:31","guid":{"rendered":"https:\/\/kibrisayna.com\/index.php\/2025\/02\/18\/baris-masasinda-turkiye-de-olmali-brtk\/"},"modified":"2025-02-18T21:26:31","modified_gmt":"2025-02-18T18:26:31","slug":"baris-masasinda-turkiye-de-olmali-brtk","status":"publish","type":"post","link":"https:\/\/kibrisayna.com\/index.php\/2025\/02\/18\/baris-masasinda-turkiye-de-olmali-brtk\/","title":{"rendered":"Bar\u0131\u015f masas\u0131nda T\u00fcrkiye de olmal\u0131 \u2013 BRTK"},"content":{"rendered":"<p> <br \/>\n<\/p>\n<div>\n<div class=\"mariselle-image-container center\">\n                <img loading=\"lazy\" decoding=\"async\" width=\"2560\" height=\"1673\" class=\"lazy-image\" alt=\"\" sizes=\"auto, (max-width: 2560px) 100vw, 2560px\" src=\"https:\/\/brtk.net\/wp-content\/uploads\/2025\/02\/18\/erdogan-zelenskiy-aa-2333821a-scaled.jpg?ver=f08ef4b620bffd32391d961b449feb25\" srcset=\"https:\/\/brtk.net\/wp-content\/uploads\/2025\/02\/18\/erdogan-zelenskiy-aa-2333821a-scaled.jpg?ver=f08ef4b620bffd32391d961b449feb25 2560w, https:\/\/brtk.net\/wp-content\/uploads\/2025\/02\/18\/erdogan-zelenskiy-aa-2333821a-300x196.jpg?ver=f08ef4b620bffd32391d961b449feb25 300w, https:\/\/brtk.net\/wp-content\/uploads\/2025\/02\/18\/erdogan-zelenskiy-aa-2333821a-1024x669.jpg?ver=7b1e28c4a0d15d0a019037b89be8491d 1024w, https:\/\/brtk.net\/wp-content\/uploads\/2025\/02\/18\/erdogan-zelenskiy-aa-2333821a-768x502.jpg?ver=7b1e28c4a0d15d0a019037b89be8491d 768w, https:\/\/brtk.net\/wp-content\/uploads\/2025\/02\/18\/erdogan-zelenskiy-aa-2333821a-1536x1004.jpg?ver=e14495d72760954cea737258574307d1 1536w, https:\/\/brtk.net\/wp-content\/uploads\/2025\/02\/18\/erdogan-zelenskiy-aa-2333821a-2048x1339.jpg?ver=bf4bdb1d8c43d5ebf0eb393f3547965b 2048w\"\/>                            <\/div>\n<p>Ukrayna Devlet Ba\u015fkan\u0131 Volodimir Zelenskiy, \u201c\u0130li\u015fkilerimiz her zamanki gibi y\u00fcksek seviyede, bunun i\u00e7in Say\u0131n Cumhurba\u015fkan\u0131 (Recep Tayyip) Erdo\u011fan ve t\u00fcm T\u00fcrk halk\u0131na te\u015fekk\u00fcr ediyorum.\u201d dedi.<\/p>\n<p>Zelenskiy,TC  Cumhurba\u015fkan\u0131 Recep Tayyip Erdo\u011fan ile Cumhurba\u015fkanl\u0131\u011f\u0131 K\u00fclliyesi\u2019nde yapt\u0131klar\u0131 g\u00f6r\u00fc\u015fmenin ard\u0131ndan d\u00fczenlenen ortak bas\u0131n toplant\u0131s\u0131nda konu\u015ftu.<\/p>\n<p>T\u00fcrkiye\u2019de kar\u015f\u0131la\u015ft\u0131klar\u0131 misafirperverlik ve iki \u00fclke aras\u0131ndaki m\u00fczakerelerdeki tam kapsaml\u0131 ve yap\u0131c\u0131 yakla\u015f\u0131mdan memnun oldu\u011funu dile getiren Zelenskiy, \u201c\u0130li\u015fkilerimiz her zamanki gibi y\u00fcksek seviyede, bunun i\u00e7in Say\u0131n Cumhurba\u015fkan\u0131 Erdo\u011fan ve t\u00fcm T\u00fcrk halk\u0131na te\u015fekk\u00fcr ediyorum.\u201d ifadesini kulland\u0131.<\/p>\n<p>Zelenskiy, Rusya-Ukrayna sava\u015f\u0131n\u0131n zor zamanlar\u0131nda destek g\u00f6rd\u00fckleri i\u00e7in te\u015fekk\u00fcr ederek \u201cT\u00fcrkiye, Ukrayna\u2019n\u0131n toprak b\u00fct\u00fcnl\u00fc\u011f\u00fc ve egemenli\u011fi konular\u0131nda \u00e7ok ilkeli bir tutum sergiledi. Bu, bize g\u00f6re k\u00fcresel \u00f6nem ta\u015f\u0131yor.\u201d diye konu\u015ftu.<\/p>\n<p>Ukrayna Devlet Ba\u015fkan\u0131 Zelenskiy, g\u00f6r\u00fc\u015fmelerde Ukraynal\u0131 esirlerin durumunun da g\u00f6r\u00fc\u015f\u00fcld\u00fc\u011f\u00fcne i\u015faret ederek \u201cT\u00fcrkiye gerek askerlerimizin gerek sivillerimizin serbest b\u0131rak\u0131lmas\u0131 i\u00e7in kolayl\u0131klar sa\u011flad\u0131.\u201d dedi.<\/p>\n<p>Ukrayna\u2019n\u0131n yeni atanan Ankara B\u00fcy\u00fckel\u00e7isi Neriman Celal\u2019in de 3 sene esir tutuldu\u011funu s\u00f6yleyen Zelenskiy, \u201cT\u00fcm Ukraynal\u0131 esirler evlerine d\u00f6ns\u00fcn. Aileleriyle birlikte Ukrayna\u2019ya geri vermemiz gereken bar\u0131\u015f ve g\u00fcvenlik i\u00e7inde ya\u015fas\u0131nlar.\u201d diye konu\u015ftu.<\/p>\n<p>Zelenskiy, Ukrayna olmadan Ukrayna\u2019daki sava\u015f\u0131 bitirme konular\u0131n\u0131n tart\u0131\u015f\u0131lamayaca\u011f\u0131n\u0131 dile getirerek \u201c(Riyad\u2019daki) Rusya-ABD g\u00f6r\u00fc\u015fmesi bizim i\u00e7in s\u00fcrpriz oldu. Medyadan \u00f6\u011frendik.\u201d ifadelerini kulland\u0131.<\/p>\n<p>Zelenskiy, Rusya-Ukrayna sava\u015f\u0131n\u0131n g\u00fcvenilir ve kal\u0131c\u0131 bar\u0131\u015fla sonu\u00e7land\u0131r\u0131lmas\u0131 konusunda hata yap\u0131lmamas\u0131 gerekti\u011fini vurgulayarak, \u201cE\u011fer bu m\u00fczakereler adil olursa ve bu masada Ukrayna, Amerika, Avrupa var olursa, bu garantiler t\u00fcm bu \u00fclkelerin kat\u0131l\u0131m\u0131yla geli\u015ftirilecek. Tabi ki T\u00fcrkiye bu \u00fclkeler aras\u0131nda. Ben Say\u0131n Erdo\u011fan\u2019a bu anlay\u0131\u015f i\u00e7in minnettar\u0131m.\u201d dedi.<\/p>\n<p>Ukrayna-T\u00fcrkiye ili\u015fkilerinin de g\u00f6r\u00fc\u015f\u00fcld\u00fc\u011f\u00fcne de\u011finen Zelenskiy, \u015f\u00f6yle devam etti:<\/p>\n<p>\u201cYeni ikili anla\u015fmalar\u0131m\u0131z var. Ukraynal\u0131 yetim \u00e7ocuklar\u0131m\u0131z\u0131 ilgilendiren bir konu da var. Maalesef bu sava\u015f bu \u00e7ocuklar\u0131n ebeveynlerini onlardan ald\u0131 ve bu \u00e7ocuklar \u015fimdi T\u00fcrkiye\u2019nin himayesinde bulunuyorlar. Bu Olena Zelenska (Zelenskiy\u2019in e\u015fi) han\u0131mefendinin ilgilendi\u011fi projelerinden biri. Bu projeyi Olena han\u0131mefendi, Emine han\u0131mefendi (Recep Tayyip Erdo\u011fan\u2019\u0131n e\u015fi Emine Erdo\u011fan) ile birlikte y\u00fcr\u00fct\u00fcyor. Hem size hem de Emine han\u0131mefendiye \u015f\u00fckranlar\u0131m\u0131 sunmak istiyorum.\u201d<\/p>\n<p>\u0130ki \u00fclkenin s\u00fcrekli birlikte \u00e7al\u0131\u015ft\u0131\u011f\u0131na i\u015faret eden Zelenskiy, \u201cHem T\u00fcrkiye\u2019yle hem de di\u011fer ortaklar\u0131m\u0131zla Orta Do\u011fu\u2019da ve Afrika\u2019da milyonlarca insana kar\u015f\u0131 kullan\u0131lan a\u00e7l\u0131k silah\u0131na kar\u015f\u0131 birlikte \u00e7al\u0131\u015f\u0131yoruz. Bu konuda Suriye\u2019yi \u00f6rnek olarak g\u00f6sterebiliriz. \u00c7\u00fcnk\u00fc orada istikrar ve bar\u0131\u015f i\u00e7in ciddi bir \u015fans var. Fakat Suriye halk\u0131n\u0131 desteklememiz laz\u0131m.\u201d dedi.<\/p>\n<p>Zelenskiy, Emine Erdo\u011fan\u2019a da geli\u015ftirdi\u011fi \u00e7e\u015fitli projeler i\u00e7in te\u015fekk\u00fcr etti.<\/p>\n<p>Ukrayna\u2019n\u0131n yeni atanan Ankara B\u00fcy\u00fckel\u00e7isi Neriman Celal\u2019le birlikte Ukrayna\u2019n\u0131n Ankara B\u00fcy\u00fckel\u00e7ili\u011fi\u2019nin resmi a\u00e7\u0131l\u0131\u015f\u0131n\u0131 yapt\u0131klar\u0131n\u0131 s\u00f6yleyen Zelenskiy, \u201cBu a\u00e7\u0131l\u0131\u015f\u0131n iyi bir i\u015faret olmas\u0131n\u0131 umuyorum.\u201d diye konu\u015ftu.<\/p>\n<p><strong>Suudi Arabistan\u2019daki ABD-Rusya g\u00f6r\u00fc\u015fmesi<\/strong><br \/>Zelenskiy, konu\u015fmas\u0131n\u0131n ard\u0131ndan bas\u0131n mensuplar\u0131n\u0131n sorular\u0131n\u0131 yan\u0131tlad\u0131.<\/p>\n<p>Rusya-Ukrayna sava\u015f\u0131n\u0131n bitmesinin herkesten \u00e7ok istediklerini vurgulayan Zelenskiy, bunun adil \u015fartlarda ger\u00e7ekle\u015fmesini istediklerini, Ukrayna olmadan bir \u015feylerin kararla\u015ft\u0131r\u0131lmas\u0131n\u0131n do\u011fru olmad\u0131\u011f\u0131n\u0131 s\u00f6yledi.<\/p>\n<p>Zelenskiy, ABD ve Rusyal\u0131 yetkililer aras\u0131nda ger\u00e7ekle\u015ftirilen g\u00f6r\u00fc\u015fmeye i\u015faret ederek, \u201cOrada kimin kalaca\u011f\u0131n\u0131 ya da kimlerin gidece\u011fini bilmiyorum. A\u00e7\u0131k\u00e7as\u0131 pek ilgilenmiyorum.\u201d ifadelerini kulland\u0131. Zelenskiy, Suudi Arabistan\u2019a hemen gitmeme karar\u0131 ald\u0131\u011f\u0131n\u0131 ve yanl\u0131\u015f bir imaj vermek istemedi\u011fini kaydetti.<\/p>\n<p>Suudi Arabistan\u2019\u0131 ziyaretinin 10 Mart olarak belirlendi\u011fini payla\u015fan Zelenskiy, \u201cAmerika\u2019ya gelince de onlar\u0131 Kiev\u2019e bekliyoruz.\u201d dedi.<\/p>\n<p><strong>\u201cSilahla cephede bu sava\u015fta hi\u00e7bir taraf kazanamaz\u201d<\/strong><br \/>Zelenskiy, \u201cBana g\u00f6re bug\u00fcn itibar\u0131yla gayet a\u00e7\u0131k ki silahla cephede bu sava\u015fta hi\u00e7bir taraf kazanamaz.\u201d diyerek, Rusya\u2019n\u0131n kazanmak istedi\u011fini ama bunu yapamad\u0131\u011f\u0131n\u0131 s\u00f6yledi.<\/p>\n<p>Ukrayna Devlet Ba\u015fkan\u0131 Zelenskiy, \u00fclkesinin ba\u011f\u0131ms\u0131zl\u0131\u011f\u0131n\u0131 korumak i\u00e7in y\u00fcksek bedeller \u00f6dedi\u011fine dikkati \u00e7ekerek, diplomasiye ge\u00e7i\u015f olmas\u0131 gerekti\u011fini ama bu ge\u00e7i\u015fin adil bir bar\u0131\u015fa yol a\u00e7mas\u0131 gerekti\u011fini aktard\u0131.<\/p>\n<p>Sava\u015flarda s\u0131radan insanlar\u0131n evlerine d\u00f6nebilmesi gerekti\u011fini belirten Zelenskiy, \u015funlar\u0131 kaydetti:<\/p>\n<p>\u201cE\u011fer Putin ger\u00e7ekten bu sava\u015f\u0131 bitirmek istiyorsa her \u015feyden \u00f6nce bir esir de\u011fi\u015fimi yap\u0131lmal\u0131. Ukrayna ger\u00e7ekten kimden g\u00fcvenlik garantilerini alabilir diyebilmeli. Bu g\u00fcvenlik garantilerini kim verebilmeli ve kimden bunlar\u0131 almal\u0131 bu sadece g\u00fczel istek de\u011fil bu garantiler neden \u00f6nemli \u00e7\u00fcnk\u00fc bu korkun\u00e7 sava\u015f\u0131n tekrarlanmamas\u0131 i\u00e7in.<\/p>\n<p>O y\u00fczden bug\u00fcn Avrupa \u00fclkeleri ve ABD bu umudu Ukrayna\u2019ya verebilirdi en az\u0131ndan g\u00fc\u00e7l\u00fc g\u00fcvenlik garantileri i\u00e7in umudu Ukrayna\u2019n\u0131n NATO \u00fcyesi olaca\u011f\u0131 umudunu verebilirdi ama maalesef bug\u00fcn ABD\u2019den bu deste\u011fi duymuyoruz. Biliyoruz ki onlar ve birka\u00e7 Avrupa orta\u011f\u0131 bizim NATO \u00fcyeli\u011fimizi desteklemiyor bence Rusya\u2019n\u0131n bu b\u00fcy\u00fck iste\u011fi bu sonu\u00e7la ayn\u0131 anlama geliyor.<\/p>\n<p>Burada 2 husus \u00e7ok \u00f6nemli; g\u00fc\u00e7l\u00fc Ukrayna\u2019n\u0131n ordusu ve Avrupa-ABD gibi ordular\u0131n Ukrayna\u2019da konu\u015fland\u0131r\u0131lmas\u0131. Ben asl\u0131nda t\u00fcm Avrupa\u2019y\u0131 kastediyorum, biz asker konu\u015fland\u0131rma konusundan bahsedebiliriz bug\u00fcn Say\u0131n Erdo\u011fan\u2019la da zaten bunu konu\u015ftuk. Hen\u00fcz bu g\u00fcvenlik garantilerini sonu\u00e7lar\u0131n\u0131 g\u00f6r\u00fc\u015fmek daha erken.\u201d<\/p>\n<\/p><\/div>\n<p><script async\n                    defer\n                    crossorigin=\"anonymous\"\n                    src=\"https:\/\/connect.facebook.net\/tr_TR\/sdk.js#xfbml=1&#038;version=v3.3\"\n            ><\/script><br \/>\n<br \/><br \/>\n<br \/><a href=\"https:\/\/brtk.net\/ukrayna-devlet-baskani-zelenskiy-baris-masasinda-turkiye-de-olmali\/\"><\/a><\/p>\n","protected":false},"excerpt":{"rendered":"<p>Ukrayna Devlet Ba\u015fkan\u0131 Volodimir Zelenskiy, \u201c\u0130li\u015fkilerimiz her zamanki gibi y\u00fcksek seviyede, bunun i\u00e7in Say\u0131n Cumhurba\u015fkan\u0131 (Recep Tayyip) Erdo\u011fan ve t\u00fcm T\u00fcrk halk\u0131na te\u015fekk\u00fcr ediyorum.\u201d dedi. Zelenskiy,TC Cumhurba\u015fkan\u0131 Recep Tayyip Erdo\u011fan ile Cumhurba\u015fkanl\u0131\u011f\u0131 K\u00fclliyesi\u2019nde yapt\u0131klar\u0131 g\u00f6r\u00fc\u015fmenin ard\u0131ndan d\u00fczenlenen ortak bas\u0131n toplant\u0131s\u0131nda konu\u015ftu. T\u00fcrkiye\u2019de kar\u015f\u0131la\u015ft\u0131klar\u0131 misafirperverlik ve iki \u00fclke aras\u0131ndaki m\u00fczakerelerdeki tam kapsaml\u0131 ve yap\u0131c\u0131 yakla\u015f\u0131mdan memnun [&hellip;]<\/p>\n","protected":false},"author":908,"featured_media":17609,"comment_status":"open","ping_status":"open","sticky":false,"template":"","format":"standard","meta":{"_jetpack_memberships_contains_paid_content":false,"footnotes":"","jetpack_publicize_message":"","jetpack_publicize_feature_enabled":true,"jetpack_social_post_already_shared":true,"jetpack_social_options":{"image_generator_settings":{"template":"highway","default_image_id":0,"font":"","enabled":false},"version":2}},"categories":[587],"tags":[],"class_list":["post-17608","post","type-post","status-publish","format-standard","has-post-thumbnail","hentry","category-dunya"],"jetpack_publicize_connections":[],"jetpack_featured_media_url":"https:\/\/kibrisayna.com\/wp-content\/uploads\/2025\/02\/erdogan-zelenskiy-aa-2333821a-scaled.jpg","jetpack_sharing_enabled":true,"_links":{"self":[{"href":"https:\/\/kibrisayna.com\/index.php\/wp-json\/wp\/v2\/posts\/17608","targetHints":{"allow":["GET"]}}],"collection":[{"href":"https:\/\/kibrisayna.com\/index.php\/wp-json\/wp\/v2\/posts"}],"about":[{"href":"https:\/\/kibrisayna.com\/index.php\/wp-json\/wp\/v2\/types\/post"}],"author":[{"embeddable":true,"href":"https:\/\/kibrisayna.com\/index.php\/wp-json\/wp\/v2\/users\/908"}],"replies":[{"embeddable":true,"href":"https:\/\/kibrisayna.com\/index.php\/wp-json\/wp\/v2\/comments?post=17608"}],"version-history":[{"count":0,"href":"https:\/\/kibrisayna.com\/index.php\/wp-json\/wp\/v2\/posts\/17608\/revisions"}],"wp:featuredmedia":[{"embeddable":true,"href":"https:\/\/kibrisayna.com\/index.php\/wp-json\/wp\/v2\/media\/17609"}],"wp:attachment":[{"href":"https:\/\/kibrisayna.com\/index.php\/wp-json\/wp\/v2\/media?parent=17608"}],"wp:term":[{"taxonomy":"category","embeddable":true,"href":"https:\/\/kibrisayna.com\/index.php\/wp-json\/wp\/v2\/categories?post=17608"},{"taxonomy":"post_tag","embeddable":true,"href":"https:\/\/kibrisayna.com\/index.php\/wp-json\/wp\/v2\/tags?post=17608"}],"curies":[{"name":"wp","href":"https:\/\/api.w.org\/{rel}","templated":true}]}}