{"id":17606,"date":"2025-02-18T20:06:55","date_gmt":"2025-02-18T17:06:55","guid":{"rendered":"https:\/\/kibrisayna.com\/index.php\/2025\/02\/18\/cumhurbaskani-tatar-pakistan-birlik-ve-kultur-dernegi-baskani-ve-yonetim-kurulunu-kabul-etti-brtk\/"},"modified":"2025-02-18T20:06:55","modified_gmt":"2025-02-18T17:06:55","slug":"cumhurbaskani-tatar-pakistan-birlik-ve-kultur-dernegi-baskani-ve-yonetim-kurulunu-kabul-etti-brtk","status":"publish","type":"post","link":"https:\/\/kibrisayna.com\/index.php\/2025\/02\/18\/cumhurbaskani-tatar-pakistan-birlik-ve-kultur-dernegi-baskani-ve-yonetim-kurulunu-kabul-etti-brtk\/","title":{"rendered":"Cumhurba\u015fkan\u0131 Tatar, Pakistan Birlik ve K\u00fclt\u00fcr Derne\u011fi Ba\u015fkan\u0131 ve Y\u00f6netim Kurulu\u2019nu kabul etti \u2013 BRTK"},"content":{"rendered":"<p> <br \/>\n<\/p>\n<div>\n<div class=\"mariselle-image-container center\">\n                <img loading=\"lazy\" decoding=\"async\" width=\"2560\" height=\"1033\" class=\"lazy-image\" alt=\"\" sizes=\"auto, (max-width: 2560px) 100vw, 2560px\" src=\"https:\/\/brtk.net\/wp-content\/uploads\/2025\/02\/18\/IMG-20250218-WA0055.jpg?ver=e926cb51fd32858fe73fe7d08dcd64d0\" srcset=\"https:\/\/brtk.net\/wp-content\/uploads\/2025\/02\/18\/IMG-20250218-WA0055.jpg?ver=e926cb51fd32858fe73fe7d08dcd64d0 2560w, https:\/\/brtk.net\/wp-content\/uploads\/2025\/02\/18\/IMG-20250218-WA0055-300x121.jpg?ver=11a0cc5895d4823ec8f53e4d00636aa0 300w, https:\/\/brtk.net\/wp-content\/uploads\/2025\/02\/18\/IMG-20250218-WA0055-1024x413.jpg?ver=11a0cc5895d4823ec8f53e4d00636aa0 1024w, https:\/\/brtk.net\/wp-content\/uploads\/2025\/02\/18\/IMG-20250218-WA0055-768x310.jpg?ver=f92cb46241b295cba777e00e3abb3b63 768w, https:\/\/brtk.net\/wp-content\/uploads\/2025\/02\/18\/IMG-20250218-WA0055-1536x620.jpg?ver=f92cb46241b295cba777e00e3abb3b63 1536w, https:\/\/brtk.net\/wp-content\/uploads\/2025\/02\/18\/IMG-20250218-WA0055-2048x826.jpg?ver=a081276ffa1b4fcd5766d507364a0ec7 2048w\"\/>                            <\/div>\n<p>Cumhurba\u015fkan\u0131 Ersin Tatar, Pakistan Birlik ve K\u00fclt\u00fcr Derne\u011fi Ba\u015fkan\u0131 Nawaz Muhammad ve Y\u00f6netim Kurulunu kabul ederek, g\u00f6r\u00fc\u015ft\u00fc.<br \/>Cumhurba\u015fkan\u0131 Tatar kabulde yapt\u0131\u011f\u0131 konu\u015fmas\u0131nda, Pakistan\u2019\u0131n hem Anavatan T\u00fcrkiye hem de KKTC i\u00e7in \u00f6nemli bir dost ve karde\u015f \u00fclke oldu\u011funu dile getirerek, dostluk, karde\u015flik, inan\u00e7 ve k\u00fclt\u00fcr b\u00fct\u00fcnl\u00fc\u011f\u00fcn\u00fcn aram\u0131zdaki ba\u011flar\u0131 g\u00fc\u00e7lendirdi\u011fini belirtti. KKTC\u2019ye gelip yerle\u015fen Pakistan vatanda\u015flar\u0131n\u0131n say\u0131s\u0131n\u0131n artt\u0131\u011f\u0131na i\u015faret eden Cumhurba\u015fkan\u0131 Tatar, \u201cSizlere KKTC ekonomisine yapmakta oldu\u011funuz katk\u0131lardan dolay\u0131 te\u015fekk\u00fcr etmek istiyorum\u201d dedi.<\/p>\n<p>Ziyaretten duydu\u011fu memnuniyet ifade eden Cumhurba\u015fkan\u0131 Ersin Tatar, Pakistan halk\u0131 ile kurulan g\u00fczel ili\u015fkilere de dikkat \u00e7ekti ve kurulan ileti\u015fimin b\u00fcy\u00fck bir de\u011fer oldu\u011funu vurgulad\u0131. Cumhurba\u015fkan\u0131 Ersin Tatar, ekonomik yap\u0131ya bak\u0131ld\u0131\u011f\u0131nda, Pakistan\u2019dan gelen \u00e7al\u0131\u015fanlar\u0131n, KKTC\u2019nin her alan\u0131nda emek vererek b\u00fcy\u00fck hizmetler sundu\u011funu ifade etti ve manevi de\u011ferlerle iki \u00fclke aras\u0131ndaki milli de\u011fer niteli\u011findeki ba\u011flar\u0131n g\u00fc\u00e7lenmesinin en b\u00fcy\u00fck temennisi oldu\u011funu belirtti.<\/p>\n<p>Pakistan\u2019\u0131n KKTC\u2019ye sahip \u00e7\u0131kan bir \u00fclke oldu\u011funu da vurgulayan Cumhurba\u015fkan\u0131 Tatar, Pakistan Ba\u015fbakan\u0131 Say\u0131n \u015eahbaz \u015eerif\u2019in T\u00fcrkiye Cumhurba\u015fkan\u0131 Say\u0131n Recep Tayyip Erdo\u011fan ile g\u00f6r\u00fc\u015fmelerinin ard\u0131ndan d\u00fczenledikleri ortak bas\u0131n toplant\u0131s\u0131nda yapm\u0131\u015f oldu\u011fu, \u201cPakistan, Kuzey K\u0131br\u0131s davas\u0131na tam destek vermekte ve bu davada teredd\u00fcts\u00fcz bir \u015fekilde T\u00fcrkiye\u2019nin yan\u0131nda yer almaktad\u0131r\u201d \u015feklindeki a\u00e7\u0131klamas\u0131n\u0131n K\u0131br\u0131s T\u00fcrk Halk\u0131\u2019n\u0131n hakl\u0131 davas\u0131na g\u00fc\u00e7 verdi\u011fini belirtti.<\/p>\n<p>Cumhurba\u015fkan\u0131 Ersin Tatar, Pakistan Ba\u015fbakan\u0131\u2019n\u0131n, K\u0131br\u0131s T\u00fcrk Halk\u0131n\u0131n hakl\u0131 davas\u0131na verdi\u011fi destekten dolay\u0131 duydu\u011fu memnuniyeti ifade ederek, t\u00fcm d\u00fcnyaya bir mesaj verdiklerini ve K\u0131br\u0131s T\u00fcrk halk\u0131n\u0131n sesini duyurmak ad\u0131na \u00f6nemli bir ad\u0131m att\u0131klar\u0131n\u0131 belirtti. KKTC\u2019de bulunan Pakistanl\u0131lar\u0131n, ili\u015fkilerin geli\u015ftirilmesi ad\u0131na kurulan k\u00f6pr\u00fcn\u00fcn mimarlar\u0131 oldu\u011funu kaydeden Cumhurba\u015fkan\u0131 Tatar, bu kapsamda y\u00fcr\u00fct\u00fclen dernek \u00e7al\u0131\u015fmalar\u0131n\u0131 da \u00f6nemsedi\u011fini ve takip\u00e7isi oldu\u011funu belirterek desteklerini sundu. Pakistan ile KKTC aras\u0131ndaki dostluk ve karde\u015flik ili\u015fkilerinin \u00fclkemize yeni yerle\u015fen Pakistan vatanda\u015flar\u0131n\u0131n uyum sa\u011flamas\u0131 gibi konularda derne\u011fin yapaca\u011f\u0131 \u00e7al\u0131\u015fmalar\u0131n anlaml\u0131 ve \u00f6nemli oldu\u011funu kaydeden Cumhurba\u015fkan\u0131 Tatar, dernek yetkililerine \u00e7al\u0131\u015fmalar\u0131nda ba\u015far\u0131lar diledi.<\/p>\n<p>Pakistan Birlik ve K\u00fclt\u00fcr Derne\u011fi Ba\u015fkan\u0131 Nawaz Muhammad ise 2020 de kurulan dernek ve derne\u011fin \u00e7al\u0131\u015fmalar\u0131 hakk\u0131nda Cumhurba\u015fkan\u0131 Ersin Tatar\u2019a bilgi aktar\u0131m\u0131nda bulundu ve Pakistanl\u0131lar\u0131 bir araya getirmek, sorunlar\u0131n\u0131 \u00e7\u00f6zmek ve kendi k\u00fclt\u00fcr\u00fcn\u00fc KKTC de temsil etmek ad\u0131na y\u00fcr\u00fctt\u00fckleri \u00e7al\u0131\u015fmalar\u0131 anlatt\u0131. T\u00fcrkiye Cumhurba\u015fkan\u0131 Recep Tayyip Erdo\u011fan\u2019\u0131n Pakistan ziyaretinden duyduklar\u0131 memnuniyeti ifade eden Muhammad, K\u0131br\u0131s\u2019a duyduklar\u0131 sevgi ve hayranl\u0131\u011f\u0131 belirterek Cumhurba\u015fkan\u0131 Ersin Tatar\u2019 Pakistan\u2019da a\u011f\u0131rlamak istediklerini ifade etti ve Pakistan\u2019a davet etti.<\/p>\n<\/p><\/div>\n<p><script async\n                    defer\n                    crossorigin=\"anonymous\"\n                    src=\"https:\/\/connect.facebook.net\/tr_TR\/sdk.js#xfbml=1&#038;version=v3.3\"\n            ><\/script><br \/>\n<br \/><br \/>\n<br \/><a href=\"https:\/\/brtk.net\/cumhurbaskani-tatar-pakistan-birlik-ve-kultur-dernegi-baskani-ve-yonetim-kurulunu-kabul-etti\/\">Kaynak BRT <\/a><\/p>\n","protected":false},"excerpt":{"rendered":"<p>Cumhurba\u015fkan\u0131 Ersin Tatar, Pakistan Birlik ve K\u00fclt\u00fcr Derne\u011fi Ba\u015fkan\u0131 Nawaz Muhammad ve Y\u00f6netim Kurulunu kabul ederek, g\u00f6r\u00fc\u015ft\u00fc.Cumhurba\u015fkan\u0131 Tatar kabulde yapt\u0131\u011f\u0131 konu\u015fmas\u0131nda, Pakistan\u2019\u0131n hem Anavatan T\u00fcrkiye hem de KKTC i\u00e7in \u00f6nemli bir dost ve karde\u015f \u00fclke oldu\u011funu dile getirerek, dostluk, karde\u015flik, inan\u00e7 ve k\u00fclt\u00fcr b\u00fct\u00fcnl\u00fc\u011f\u00fcn\u00fcn aram\u0131zdaki ba\u011flar\u0131 g\u00fc\u00e7lendirdi\u011fini belirtti. KKTC\u2019ye gelip yerle\u015fen Pakistan vatanda\u015flar\u0131n\u0131n say\u0131s\u0131n\u0131n artt\u0131\u011f\u0131na [&hellip;]<\/p>\n","protected":false},"author":908,"featured_media":17607,"comment_status":"open","ping_status":"open","sticky":false,"template":"","format":"standard","meta":{"_jetpack_memberships_contains_paid_content":false,"footnotes":"","jetpack_publicize_message":"","jetpack_publicize_feature_enabled":true,"jetpack_social_post_already_shared":true,"jetpack_social_options":{"image_generator_settings":{"template":"highway","default_image_id":0,"font":"","enabled":false},"version":2}},"categories":[253],"tags":[],"class_list":["post-17606","post","type-post","status-publish","format-standard","has-post-thumbnail","hentry","category-gundem"],"jetpack_publicize_connections":[],"jetpack_featured_media_url":"https:\/\/kibrisayna.com\/wp-content\/uploads\/2025\/02\/IMG-20250218-WA0055.jpg","jetpack_sharing_enabled":true,"_links":{"self":[{"href":"https:\/\/kibrisayna.com\/index.php\/wp-json\/wp\/v2\/posts\/17606","targetHints":{"allow":["GET"]}}],"collection":[{"href":"https:\/\/kibrisayna.com\/index.php\/wp-json\/wp\/v2\/posts"}],"about":[{"href":"https:\/\/kibrisayna.com\/index.php\/wp-json\/wp\/v2\/types\/post"}],"author":[{"embeddable":true,"href":"https:\/\/kibrisayna.com\/index.php\/wp-json\/wp\/v2\/users\/908"}],"replies":[{"embeddable":true,"href":"https:\/\/kibrisayna.com\/index.php\/wp-json\/wp\/v2\/comments?post=17606"}],"version-history":[{"count":0,"href":"https:\/\/kibrisayna.com\/index.php\/wp-json\/wp\/v2\/posts\/17606\/revisions"}],"wp:featuredmedia":[{"embeddable":true,"href":"https:\/\/kibrisayna.com\/index.php\/wp-json\/wp\/v2\/media\/17607"}],"wp:attachment":[{"href":"https:\/\/kibrisayna.com\/index.php\/wp-json\/wp\/v2\/media?parent=17606"}],"wp:term":[{"taxonomy":"category","embeddable":true,"href":"https:\/\/kibrisayna.com\/index.php\/wp-json\/wp\/v2\/categories?post=17606"},{"taxonomy":"post_tag","embeddable":true,"href":"https:\/\/kibrisayna.com\/index.php\/wp-json\/wp\/v2\/tags?post=17606"}],"curies":[{"name":"wp","href":"https:\/\/api.w.org\/{rel}","templated":true}]}}