{"id":17604,"date":"2025-02-18T20:01:08","date_gmt":"2025-02-18T17:01:08","guid":{"rendered":"https:\/\/kibrisayna.com\/index.php\/2025\/02\/18\/cenevrede-sihirli-kelime-isbirligi-olacak-brtk\/"},"modified":"2025-02-18T20:01:08","modified_gmt":"2025-02-18T17:01:08","slug":"cenevrede-sihirli-kelime-isbirligi-olacak-brtk","status":"publish","type":"post","link":"https:\/\/kibrisayna.com\/index.php\/2025\/02\/18\/cenevrede-sihirli-kelime-isbirligi-olacak-brtk\/","title":{"rendered":"Cenevre\u2019de sihirli kelime \u2018i\u015fbirli\u011fi\u2019 olacak \u2013 BRTK"},"content":{"rendered":"<p> <br \/>\n<\/p>\n<div>\n<div class=\"mariselle-image-container center\">\n                <img loading=\"lazy\" decoding=\"async\" width=\"1050\" height=\"399\" class=\"lazy-image\" alt=\"\" sizes=\"auto, (max-width: 1050px) 100vw, 1050px\" src=\"https:\/\/brtk.net\/wp-content\/uploads\/2025\/02\/18\/0980980.jpg?ver=bd4565cb37bcc890e335f3b6c4f1ce66\" srcset=\"https:\/\/brtk.net\/wp-content\/uploads\/2025\/02\/18\/0980980.jpg?ver=bd4565cb37bcc890e335f3b6c4f1ce66 1050w, https:\/\/brtk.net\/wp-content\/uploads\/2025\/02\/18\/0980980-300x114.jpg?ver=1186a0a0d8ec80d438ea8c5d376fe031 300w, https:\/\/brtk.net\/wp-content\/uploads\/2025\/02\/18\/0980980-1024x389.jpg?ver=1186a0a0d8ec80d438ea8c5d376fe031 1024w, https:\/\/brtk.net\/wp-content\/uploads\/2025\/02\/18\/0980980-768x292.jpg?ver=1186a0a0d8ec80d438ea8c5d376fe031 768w\"\/>                            <\/div>\n<p>Ulusal Birlik Partisi (UBP) Genel Sekreteri O\u011fuzhan Hasipo\u011flu, Cenevre\u2019de ger\u00e7ekle\u015ftirilecek g\u00f6r\u00fc\u015fmede sihirli kelimenin i\u015fbirli\u011fi olaca\u011f\u0131n\u0131 s\u00f6yledi. <\/p>\n<p>BRT\u2019ye konuk olan Hasipo\u011flu, her iki halk\u0131n daha m\u00fcreffeh bir ya\u015fam\u0131 olmas\u0131 i\u00e7in ortak projelerin hayata ge\u00e7irilmesi gerekti\u011fini vurgulad\u0131, K\u0131br\u0131s T\u00fcrk taraf\u0131n\u0131n buna a\u00e7\u0131k oldu\u011funu kaydetti. <\/p>\n<p>Hasipo\u011flu, Rum taraf\u0131n\u0131n Cenevre\u2019de \u2018kald\u0131\u011f\u0131m\u0131z\u0131 yerden devam edelim pozisyonunu\u2019 s\u00fcrd\u00fcrece\u011fini, K\u0131br\u0131s T\u00fcrk taraf\u0131n\u0131 federasyon g\u00f6r\u00fc\u015fme s\u00fcrecine \u00e7ekmeye \u00e7al\u0131\u015faca\u011f\u0131n\u0131 da s\u00f6yledi. <\/p>\n<p><iframe loading=\"lazy\" src=\"https:\/\/www.facebook.com\/plugins\/video.php?height=314&amp;href=https%3A%2F%2Fwww.facebook.com%2Fbrtk.haber%2Fvideos%2F1839068943534858%2F&amp;show_text=false&amp;width=560&amp;t=0\" width=\"560\" height=\"314\" style=\"border:none;overflow:hidden\" scrolling=\"no\" frameborder=\"0\" allowfullscreen=\"true\" allow=\"autoplay; clipboard-write; encrypted-media; picture-in-picture; web-share\"><\/iframe><\/p>\n<\/p><\/div>\n<p><script async\n                    defer\n                    crossorigin=\"anonymous\"\n                    src=\"https:\/\/connect.facebook.net\/tr_TR\/sdk.js#xfbml=1&#038;version=v3.3\"\n            ><\/script><br \/>\n<br \/><br \/>\n<br \/><a href=\"https:\/\/brtk.net\/ubp-genel-sekreteri-hasipoglu-cenevrede-sihirli-kelime-isbirligi-olacak\/\">Kaynak BRT <\/a><\/p>\n","protected":false},"excerpt":{"rendered":"<p>Ulusal Birlik Partisi (UBP) Genel Sekreteri O\u011fuzhan Hasipo\u011flu, Cenevre\u2019de ger\u00e7ekle\u015ftirilecek g\u00f6r\u00fc\u015fmede sihirli kelimenin i\u015fbirli\u011fi olaca\u011f\u0131n\u0131 s\u00f6yledi. BRT\u2019ye konuk olan Hasipo\u011flu, her iki halk\u0131n daha m\u00fcreffeh bir ya\u015fam\u0131 olmas\u0131 i\u00e7in ortak projelerin hayata ge\u00e7irilmesi gerekti\u011fini vurgulad\u0131, K\u0131br\u0131s T\u00fcrk taraf\u0131n\u0131n buna a\u00e7\u0131k oldu\u011funu kaydetti. Hasipo\u011flu, Rum taraf\u0131n\u0131n Cenevre\u2019de \u2018kald\u0131\u011f\u0131m\u0131z\u0131 yerden devam edelim pozisyonunu\u2019 s\u00fcrd\u00fcrece\u011fini, K\u0131br\u0131s T\u00fcrk taraf\u0131n\u0131 [&hellip;]<\/p>\n","protected":false},"author":908,"featured_media":17605,"comment_status":"open","ping_status":"open","sticky":false,"template":"","format":"standard","meta":{"_jetpack_memberships_contains_paid_content":false,"footnotes":"","jetpack_publicize_message":"","jetpack_publicize_feature_enabled":true,"jetpack_social_post_already_shared":true,"jetpack_social_options":{"image_generator_settings":{"template":"highway","default_image_id":0,"font":"","enabled":false},"version":2}},"categories":[253],"tags":[],"class_list":["post-17604","post","type-post","status-publish","format-standard","has-post-thumbnail","hentry","category-gundem"],"jetpack_publicize_connections":[],"jetpack_featured_media_url":"https:\/\/kibrisayna.com\/wp-content\/uploads\/2025\/02\/0980980.jpg","jetpack_sharing_enabled":true,"_links":{"self":[{"href":"https:\/\/kibrisayna.com\/index.php\/wp-json\/wp\/v2\/posts\/17604","targetHints":{"allow":["GET"]}}],"collection":[{"href":"https:\/\/kibrisayna.com\/index.php\/wp-json\/wp\/v2\/posts"}],"about":[{"href":"https:\/\/kibrisayna.com\/index.php\/wp-json\/wp\/v2\/types\/post"}],"author":[{"embeddable":true,"href":"https:\/\/kibrisayna.com\/index.php\/wp-json\/wp\/v2\/users\/908"}],"replies":[{"embeddable":true,"href":"https:\/\/kibrisayna.com\/index.php\/wp-json\/wp\/v2\/comments?post=17604"}],"version-history":[{"count":0,"href":"https:\/\/kibrisayna.com\/index.php\/wp-json\/wp\/v2\/posts\/17604\/revisions"}],"wp:featuredmedia":[{"embeddable":true,"href":"https:\/\/kibrisayna.com\/index.php\/wp-json\/wp\/v2\/media\/17605"}],"wp:attachment":[{"href":"https:\/\/kibrisayna.com\/index.php\/wp-json\/wp\/v2\/media?parent=17604"}],"wp:term":[{"taxonomy":"category","embeddable":true,"href":"https:\/\/kibrisayna.com\/index.php\/wp-json\/wp\/v2\/categories?post=17604"},{"taxonomy":"post_tag","embeddable":true,"href":"https:\/\/kibrisayna.com\/index.php\/wp-json\/wp\/v2\/tags?post=17604"}],"curies":[{"name":"wp","href":"https:\/\/api.w.org\/{rel}","templated":true}]}}