{"id":17600,"date":"2025-02-18T19:44:38","date_gmt":"2025-02-18T16:44:38","guid":{"rendered":"https:\/\/kibrisayna.com\/index.php\/2025\/02\/18\/dipkarpazdaki-esek-katliami-sadikoglu-kabul-edilemez-brtk\/"},"modified":"2025-02-18T19:44:38","modified_gmt":"2025-02-18T16:44:38","slug":"dipkarpazdaki-esek-katliami-sadikoglu-kabul-edilemez-brtk","status":"publish","type":"post","link":"https:\/\/kibrisayna.com\/index.php\/2025\/02\/18\/dipkarpazdaki-esek-katliami-sadikoglu-kabul-edilemez-brtk\/","title":{"rendered":"Dipkarpaz\u2019daki e\u015fek katliam\u0131\u2026 Sad\u0131ko\u011flu: \u201cKabul edilemez\u201d \u2013 BRTK"},"content":{"rendered":"<p> <br \/>\n<\/p>\n<div>\n<div class=\"mariselle-image-container center\">\n                <img loading=\"lazy\" decoding=\"async\" width=\"1620\" height=\"1080\" class=\"lazy-image\" alt=\"\" sizes=\"auto, (max-width: 1620px) 100vw, 1620px\" src=\"https:\/\/brtk.net\/wp-content\/uploads\/2025\/02\/18\/98797.jpg?ver=9bf77f002adc32806aee09418784353a\" srcset=\"https:\/\/brtk.net\/wp-content\/uploads\/2025\/02\/18\/98797.jpg?ver=9bf77f002adc32806aee09418784353a 1620w, https:\/\/brtk.net\/wp-content\/uploads\/2025\/02\/18\/98797-300x200.jpg?ver=25ac6a4beb3e58d5fc76d3e530e64b86 300w, https:\/\/brtk.net\/wp-content\/uploads\/2025\/02\/18\/98797-1024x683.jpg?ver=7dd3005160ca07f85637bdd84f55fe3e 1024w, https:\/\/brtk.net\/wp-content\/uploads\/2025\/02\/18\/98797-768x512.jpg?ver=7dd3005160ca07f85637bdd84f55fe3e 768w, https:\/\/brtk.net\/wp-content\/uploads\/2025\/02\/18\/98797-1536x1024.jpg?ver=8259638d5f570de2899cdb343b123e82 1536w\"\/>                            <\/div>\n<p>\u0130skele Belediye Ba\u015fkan\u0131 Hasan Sad\u0131ko\u011flu, Dipkarpaz\u2019da ya\u015fanan e\u015fek katliam\u0131n\u0131n \u201ckabul edilemez\u201d oldu\u011funu vurgulad\u0131. Sad\u0131ko\u011flu, sorumlular\u0131n en k\u0131sa s\u00fcrede tespit dilerek, olayla alakas\u0131 olan ki\u015fi ya da ki\u015filerin en a\u011f\u0131r cezay\u0131 almas\u0131n\u0131 temenni ettiklerini belirtti.<\/p>\n<p>Belediyeden yap\u0131lan a\u00e7\u0131klamaya g\u00f6re Sad\u0131ko\u011flu, Eray G\u00f6ksan ba\u015fkanl\u0131\u011f\u0131ndaki \u0130skele Avc\u0131l\u0131k At\u0131c\u0131l\u0131k Kul\u00fcb\u00fc yeni y\u00f6netimini kabul etti. Kabulde G\u00f6ksan\u2019a, Asba\u015fkan Turgay \u015eah ile y\u00f6netim kurulu \u00fcyeleri H\u00fcseyin Osum, Cankay Cancuri, H\u00fcseyin Bayramo\u011flu ve Mehmet K\u0131z\u0131ltan e\u015flik etti.<\/p>\n<p><em>-Sad\u0131ko\u011flu: \u201cY\u00fcre\u011finde do\u011fa sevgisi ta\u015f\u0131mayan avc\u0131l\u0131k yapamaz\u201d<\/em><\/p>\n<p>\u0130skele Belediye Ba\u015fkan\u0131 Sad\u0131ko\u011flu kabuldeki konu\u015fmas\u0131na, yeni y\u00f6netimi tebrik ederek, ba\u015flad\u0131.<\/p>\n<p>\u0130skele\u2019de avc\u0131l\u0131k ve at\u0131c\u0131l\u0131\u011f\u0131n sa\u011fl\u0131kl\u0131 bir \u015fekilde, do\u011fan\u0131n da korunarak geli\u015fmesine katk\u0131 koymaya devam edeceklerini dile getiren Sad\u0131ko\u011flu, kul\u00fcb\u00fcn yapmak istedikleri ve yapacaklar\u0131 konusunda birlikte hareket etmeye haz\u0131r olduklar\u0131n\u0131 belirtti.<\/p>\n<p>Kabulde Dipkarpaz\u2019da ya\u015fanan e\u015fek katliam\u0131na da de\u011finen Sad\u0131ko\u011flu, toplumda b\u00fcy\u00fck bir infiale ve huzursuzlu\u011fa neden olan olay\u0131n sorumlular\u0131n\u0131n en k\u0131sa s\u00fcrede tespit edilerek, olayla alakas\u0131 olan ki\u015fi ya da ki\u015filerin en a\u011f\u0131r cezay\u0131 almas\u0131n\u0131 beklediklerini s\u00f6yledi.<\/p>\n<p>Belirli bir kesim taraf\u0131ndan e\u015feklerin canice katledilmesinin avc\u0131lara y\u00fcklenilmeye \u00e7al\u0131\u015f\u0131ld\u0131\u011f\u0131n\u0131 kaydeden Hasan Sad\u0131ko\u011flu, y\u00fcre\u011finde do\u011fa sevgisi ta\u015f\u0131mayanlar\u0131n avc\u0131l\u0131k yapamayaca\u011f\u0131n\u0131 vurgulad\u0131.<\/p>\n<p>Avc\u0131l\u0131\u011fa merak\u0131 olan insanlar\u0131n do\u011fay\u0131 herkesten \u00e7ok korudu\u011funu ifade eden Sad\u0131ko\u011flu, \u0130skele Avc\u0131l\u0131k At\u0131c\u0131l\u0131k Kul\u00fcb\u00fc\u2019n\u00fcn do\u011faya yapt\u0131\u011f\u0131 katk\u0131lar\u0131n yads\u0131namayaca\u011f\u0131n\u0131 da belirtti.<\/p>\n<p><em>-G\u00f6ksan: \u201cDo\u011fa bir b\u00fct\u00fcnd\u00fcr, canl\u0131-cans\u0131z her \u015fey do\u011fan\u0131n bir par\u00e7as\u0131d\u0131r\u201d<\/em><\/p>\n<p>Verilen bilgiye g\u00f6re, \u0130skele Avc\u0131l\u0131k At\u0131c\u0131l\u0131k Kul\u00fcb\u00fc Ba\u015fkan\u0131 Eray G\u00f6ksan da, \u0130skele Belediyesi ile var olan i\u015f birli\u011finin bundan sonraki s\u00fcre\u00e7te de devam edece\u011fine inan\u00e7 belirterek, sorunlar ve \u00e7\u00f6z\u00fcm \u00f6nerileri konusunda birlikte hareket edeceklerini ifade etti. G\u00f6ksan, Hasan Sad\u0131ko\u011flu\u2019na maddi ve manevi katk\u0131lar\u0131ndan dolay\u0131 te\u015fekk\u00fcr etti.<\/p>\n<p>\u0130skele Avc\u0131l\u0131k At\u0131c\u0131l\u0131k Kul\u00fcb\u00fc olarak bu y\u0131l hem do\u011fa y\u00fcr\u00fcy\u00fc\u015f\u00fc hem de fidan dikme etkinli\u011fi organize etmeyi planlad\u0131klar\u0131n\u0131 dile getiren G\u00f6ksan, avc\u0131l\u0131k at\u0131c\u0131l\u0131\u011f\u0131n yaln\u0131zca avc\u0131l\u0131kla, av yapmakla \u00f6zde\u015fle\u015fmemesi gerekti\u011fini kaydetti.<\/p>\n<p>Dipkarpaz\u2019da ya\u015fanan e\u015fek katliam\u0131na da de\u011finen G\u00f6ksan, do\u011fan\u0131n bir b\u00fct\u00fcn oldu\u011funu, canl\u0131-cans\u0131z her \u015feyin do\u011fan\u0131n bir par\u00e7as\u0131 oldu\u011funu vurgulad\u0131.<\/p>\n<\/p><\/div>\n<p><script async\n                    defer\n                    crossorigin=\"anonymous\"\n                    src=\"https:\/\/connect.facebook.net\/tr_TR\/sdk.js#xfbml=1&#038;version=v3.3\"\n            ><\/script><br \/>\n<br \/><br \/>\n<br \/><a href=\"https:\/\/brtk.net\/dipkarpazdaki-esek-katliami-sadikoglu-kabul-edilemez\/\">Kaynak BRT <\/a><\/p>\n","protected":false},"excerpt":{"rendered":"<p>\u0130skele Belediye Ba\u015fkan\u0131 Hasan Sad\u0131ko\u011flu, Dipkarpaz\u2019da ya\u015fanan e\u015fek katliam\u0131n\u0131n \u201ckabul edilemez\u201d oldu\u011funu vurgulad\u0131. Sad\u0131ko\u011flu, sorumlular\u0131n en k\u0131sa s\u00fcrede tespit dilerek, olayla alakas\u0131 olan ki\u015fi ya da ki\u015filerin en a\u011f\u0131r cezay\u0131 almas\u0131n\u0131 temenni ettiklerini belirtti. Belediyeden yap\u0131lan a\u00e7\u0131klamaya g\u00f6re Sad\u0131ko\u011flu, Eray G\u00f6ksan ba\u015fkanl\u0131\u011f\u0131ndaki \u0130skele Avc\u0131l\u0131k At\u0131c\u0131l\u0131k Kul\u00fcb\u00fc yeni y\u00f6netimini kabul etti. Kabulde G\u00f6ksan\u2019a, Asba\u015fkan Turgay \u015eah [&hellip;]<\/p>\n","protected":false},"author":908,"featured_media":17601,"comment_status":"open","ping_status":"open","sticky":false,"template":"","format":"standard","meta":{"_jetpack_memberships_contains_paid_content":false,"footnotes":"","jetpack_publicize_message":"","jetpack_publicize_feature_enabled":true,"jetpack_social_post_already_shared":true,"jetpack_social_options":{"image_generator_settings":{"template":"highway","default_image_id":0,"font":"","enabled":false},"version":2}},"categories":[253],"tags":[],"class_list":["post-17600","post","type-post","status-publish","format-standard","has-post-thumbnail","hentry","category-gundem"],"jetpack_publicize_connections":[],"jetpack_featured_media_url":"https:\/\/kibrisayna.com\/wp-content\/uploads\/2025\/02\/98797.jpg","jetpack_sharing_enabled":true,"_links":{"self":[{"href":"https:\/\/kibrisayna.com\/index.php\/wp-json\/wp\/v2\/posts\/17600","targetHints":{"allow":["GET"]}}],"collection":[{"href":"https:\/\/kibrisayna.com\/index.php\/wp-json\/wp\/v2\/posts"}],"about":[{"href":"https:\/\/kibrisayna.com\/index.php\/wp-json\/wp\/v2\/types\/post"}],"author":[{"embeddable":true,"href":"https:\/\/kibrisayna.com\/index.php\/wp-json\/wp\/v2\/users\/908"}],"replies":[{"embeddable":true,"href":"https:\/\/kibrisayna.com\/index.php\/wp-json\/wp\/v2\/comments?post=17600"}],"version-history":[{"count":0,"href":"https:\/\/kibrisayna.com\/index.php\/wp-json\/wp\/v2\/posts\/17600\/revisions"}],"wp:featuredmedia":[{"embeddable":true,"href":"https:\/\/kibrisayna.com\/index.php\/wp-json\/wp\/v2\/media\/17601"}],"wp:attachment":[{"href":"https:\/\/kibrisayna.com\/index.php\/wp-json\/wp\/v2\/media?parent=17600"}],"wp:term":[{"taxonomy":"category","embeddable":true,"href":"https:\/\/kibrisayna.com\/index.php\/wp-json\/wp\/v2\/categories?post=17600"},{"taxonomy":"post_tag","embeddable":true,"href":"https:\/\/kibrisayna.com\/index.php\/wp-json\/wp\/v2\/tags?post=17600"}],"curies":[{"name":"wp","href":"https:\/\/api.w.org\/{rel}","templated":true}]}}