{"id":17596,"date":"2025-02-18T19:32:57","date_gmt":"2025-02-18T16:32:57","guid":{"rendered":"https:\/\/kibrisayna.com\/index.php\/2025\/02\/18\/cumhurbaskani-tatar-kibris-turk-eczacilar-birligi-heyetini-kabul-etti-brtk\/"},"modified":"2025-02-18T19:32:57","modified_gmt":"2025-02-18T16:32:57","slug":"cumhurbaskani-tatar-kibris-turk-eczacilar-birligi-heyetini-kabul-etti-brtk","status":"publish","type":"post","link":"https:\/\/kibrisayna.com\/index.php\/2025\/02\/18\/cumhurbaskani-tatar-kibris-turk-eczacilar-birligi-heyetini-kabul-etti-brtk\/","title":{"rendered":"Cumhurba\u015fkan\u0131 Tatar K\u0131br\u0131s T\u00fcrk Eczac\u0131lar Birli\u011fi heyetini kabul etti \u2013 BRTK"},"content":{"rendered":"<p> <br \/>\n<\/p>\n<div>\n<div class=\"mariselle-image-container center\">\n                <img loading=\"lazy\" decoding=\"async\" width=\"2560\" height=\"1079\" class=\"lazy-image\" alt=\"\" sizes=\"auto, (max-width: 2560px) 100vw, 2560px\" src=\"https:\/\/brtk.net\/wp-content\/uploads\/2025\/02\/18\/97979.jpg?ver=9486120e7b7edda6474916bbfdf749ae\" srcset=\"https:\/\/brtk.net\/wp-content\/uploads\/2025\/02\/18\/97979.jpg?ver=9486120e7b7edda6474916bbfdf749ae 2560w, https:\/\/brtk.net\/wp-content\/uploads\/2025\/02\/18\/97979-300x126.jpg?ver=8016bc1bf52d71645fdd5617239f0b59 300w, https:\/\/brtk.net\/wp-content\/uploads\/2025\/02\/18\/97979-1024x432.jpg?ver=8016bc1bf52d71645fdd5617239f0b59 1024w, https:\/\/brtk.net\/wp-content\/uploads\/2025\/02\/18\/97979-768x324.jpg?ver=8016bc1bf52d71645fdd5617239f0b59 768w, https:\/\/brtk.net\/wp-content\/uploads\/2025\/02\/18\/97979-1536x647.jpg?ver=03419427f1f3cd88ff6473a96be96ecf 1536w, https:\/\/brtk.net\/wp-content\/uploads\/2025\/02\/18\/97979-2048x863.jpg?ver=f729bdda036b89c841510c1c9b43355f 2048w\"\/>                            <\/div>\n<p> Cumhurba\u015fkan\u0131 Ersin Tatar, K\u0131br\u0131s T\u00fcrk Eczac\u0131lar Birli\u011fi Ba\u015fkan\u0131 Duygu Adahan Kuran ve y\u00f6netim kurulunu kabul ederek g\u00f6r\u00fc\u015ft\u00fc.<\/p>\n<p>Cumhurba\u015fkanl\u0131\u011f\u0131\u2019ndan yap\u0131lan a\u00e7\u0131klamaya g\u00f6re, Cumhurba\u015fkan\u0131 Ersin Tatar kabulde yapt\u0131\u011f\u0131 konu\u015fmada, K\u0131br\u0131s T\u00fcrk Eczac\u0131lar Birli\u011fi (KTEB) Ba\u015fkanl\u0131\u011f\u0131na se\u00e7ilen Duygu Adahan Kuran\u2019\u0131 tebrik etti ve ba\u015far\u0131lar diledi. <\/p>\n<p>Eczac\u0131lar\u0131n ya\u015fad\u0131\u011f\u0131 sorunlara de\u011finen Cumhurba\u015fkan\u0131 Ersin Tatar, bir \u00e7ok eczac\u0131n\u0131n haks\u0131zl\u0131\u011fa u\u011frad\u0131\u011f\u0131n\u0131 belirtti ve en erken zamanda bu konunun \u00e7\u00f6z\u00fcme ula\u015ft\u0131r\u0131lmad\u0131 temennisinde bulundu. <\/p>\n<p>K\u0131br\u0131s T\u00fcrk Eczac\u0131lar Birli\u011fi\u2019nin her t\u00fcrl\u00fc sorunun a\u015f\u0131lmas\u0131 i\u00e7in gereken ad\u0131mlar\u0131 att\u0131\u011f\u0131n\u0131 kaydeden Cumhurba\u015fkan\u0131 Tatar, bu konuda y\u00fcr\u00fct\u00fclen \u00e7al\u0131\u015fmalara destek belirtti. <\/p>\n<p>Cumhurba\u015fkan\u0131 Ersin Tatar, eczac\u0131 ve eczane say\u0131s\u0131n\u0131n giderek artt\u0131\u011f\u0131na i\u015faret ederek sekt\u00f6r\u00fcn b\u00fcy\u00fck oldu\u011funu ve K\u0131br\u0131s T\u00fcrk Eczac\u0131lar Birli\u011fi\u2019nin \u00e7al\u0131\u015fmalar\u0131n\u0131 yak\u0131ndan takip ettiklerini s\u00f6yledi. Bilim \u00e7a\u011f\u0131nda geli\u015fmeleri takip edip, vatanda\u015fa sunman\u0131n \u00f6nemine de\u011finen Cumhurba\u015fkan\u0131 Tatar, bu ba\u011flamda \u00fclkenin farkl\u0131 yerlerindeki eczac\u0131lar\u0131n en iyi \u015fekilde halka hizmet vermeye devam etti\u011fini ifade etti. <\/p>\n<p>Cumhurba\u015fkan\u0131 Ersin Tatar, sa\u011fl\u0131k sekt\u00f6r\u00fcnde emek veren, halka hizmet sunan t\u00fcm eczac\u0131lara ba\u015far\u0131lar diledi. <\/p>\n<p>K\u0131br\u0131s T\u00fcrk Eczac\u0131lar Birli\u011fi Ba\u015fkan\u0131 Duygu Adahan Kuran ise, eczac\u0131lar\u0131n \u00e7ok zor bir s\u00fcre\u00e7 ya\u015fay\u0131p, haks\u0131zl\u0131\u011fa u\u011frad\u0131\u011f\u0131n\u0131 ifade etti ve bu s\u00fcrecin sonlanmas\u0131 temennisinde bulundu.<\/p>\n<\/p><\/div>\n<p><script async\n                    defer\n                    crossorigin=\"anonymous\"\n                    src=\"https:\/\/connect.facebook.net\/tr_TR\/sdk.js#xfbml=1&#038;version=v3.3\"\n            ><\/script><br \/>\n<br \/><br \/>\n<br \/><a href=\"https:\/\/brtk.net\/cumhurbaskani-tatar-kibris-turk-eczacilar-birligi-heyetini-kabul-etti\/\">Kaynak BRT <\/a><\/p>\n","protected":false},"excerpt":{"rendered":"<p>Cumhurba\u015fkan\u0131 Ersin Tatar, K\u0131br\u0131s T\u00fcrk Eczac\u0131lar Birli\u011fi Ba\u015fkan\u0131 Duygu Adahan Kuran ve y\u00f6netim kurulunu kabul ederek g\u00f6r\u00fc\u015ft\u00fc. Cumhurba\u015fkanl\u0131\u011f\u0131\u2019ndan yap\u0131lan a\u00e7\u0131klamaya g\u00f6re, Cumhurba\u015fkan\u0131 Ersin Tatar kabulde yapt\u0131\u011f\u0131 konu\u015fmada, K\u0131br\u0131s T\u00fcrk Eczac\u0131lar Birli\u011fi (KTEB) Ba\u015fkanl\u0131\u011f\u0131na se\u00e7ilen Duygu Adahan Kuran\u2019\u0131 tebrik etti ve ba\u015far\u0131lar diledi. Eczac\u0131lar\u0131n ya\u015fad\u0131\u011f\u0131 sorunlara de\u011finen Cumhurba\u015fkan\u0131 Ersin Tatar, bir \u00e7ok eczac\u0131n\u0131n haks\u0131zl\u0131\u011fa u\u011frad\u0131\u011f\u0131n\u0131 belirtti [&hellip;]<\/p>\n","protected":false},"author":908,"featured_media":17597,"comment_status":"open","ping_status":"open","sticky":false,"template":"","format":"standard","meta":{"_jetpack_memberships_contains_paid_content":false,"footnotes":"","jetpack_publicize_message":"","jetpack_publicize_feature_enabled":true,"jetpack_social_post_already_shared":true,"jetpack_social_options":{"image_generator_settings":{"template":"highway","default_image_id":0,"font":"","enabled":false},"version":2}},"categories":[253],"tags":[],"class_list":["post-17596","post","type-post","status-publish","format-standard","has-post-thumbnail","hentry","category-gundem"],"jetpack_publicize_connections":[],"jetpack_featured_media_url":"https:\/\/kibrisayna.com\/wp-content\/uploads\/2025\/02\/97979.jpg","jetpack_sharing_enabled":true,"_links":{"self":[{"href":"https:\/\/kibrisayna.com\/index.php\/wp-json\/wp\/v2\/posts\/17596","targetHints":{"allow":["GET"]}}],"collection":[{"href":"https:\/\/kibrisayna.com\/index.php\/wp-json\/wp\/v2\/posts"}],"about":[{"href":"https:\/\/kibrisayna.com\/index.php\/wp-json\/wp\/v2\/types\/post"}],"author":[{"embeddable":true,"href":"https:\/\/kibrisayna.com\/index.php\/wp-json\/wp\/v2\/users\/908"}],"replies":[{"embeddable":true,"href":"https:\/\/kibrisayna.com\/index.php\/wp-json\/wp\/v2\/comments?post=17596"}],"version-history":[{"count":0,"href":"https:\/\/kibrisayna.com\/index.php\/wp-json\/wp\/v2\/posts\/17596\/revisions"}],"wp:featuredmedia":[{"embeddable":true,"href":"https:\/\/kibrisayna.com\/index.php\/wp-json\/wp\/v2\/media\/17597"}],"wp:attachment":[{"href":"https:\/\/kibrisayna.com\/index.php\/wp-json\/wp\/v2\/media?parent=17596"}],"wp:term":[{"taxonomy":"category","embeddable":true,"href":"https:\/\/kibrisayna.com\/index.php\/wp-json\/wp\/v2\/categories?post=17596"},{"taxonomy":"post_tag","embeddable":true,"href":"https:\/\/kibrisayna.com\/index.php\/wp-json\/wp\/v2\/tags?post=17596"}],"curies":[{"name":"wp","href":"https:\/\/api.w.org\/{rel}","templated":true}]}}