{"id":17423,"date":"2025-02-17T10:11:57","date_gmt":"2025-02-17T07:11:57","guid":{"rendered":"https:\/\/kibrisayna.com\/index.php\/2025\/02\/17\/otomotiv-uretiminde-gerileme-son-dakika-ekonomi-haberleri\/"},"modified":"2025-02-17T10:11:57","modified_gmt":"2025-02-17T07:11:57","slug":"otomotiv-uretiminde-gerileme-son-dakika-ekonomi-haberleri","status":"publish","type":"post","link":"https:\/\/kibrisayna.com\/index.php\/2025\/02\/17\/otomotiv-uretiminde-gerileme-son-dakika-ekonomi-haberleri\/","title":{"rendered":"Otomotiv \u00fcretiminde gerileme &#8211; Son Dakika Ekonomi Haberleri"},"content":{"rendered":"<p> <br \/>\n<\/p>\n<div>\n<p><a href=\"https:\/\/www.ntv.com.tr\/otomotiv\" target=\"_blank\" rel=\"tag noopener\">Otomotiv<\/a> Sanayi Derneg\u0306i (OSD), otomotiv sanayinde ocak ay\u0131 \u00fcretim verilerini a\u00e7\u0131klad\u0131.<\/p>\n<p>Buna g\u00f6re otomotiv ana sanayi \u00fcretimi y\u0131l\u0131n ilk ay\u0131nda, ge\u00e7en y\u0131l ocak ay\u0131na g\u00f6re y\u00fczde 3 d\u00fc\u015f\u00fc\u015fle 105 bin 397 olarak ger\u00e7ekle\u015fti.<\/p>\n<p>Ge\u00e7en y\u0131la g\u00f6re y\u00fczde 1 art\u0131\u015f ya\u015fayan otomobil \u00fcretimi ise 67 bin 795 adede y\u00fckseldi.<\/p>\n<p>Ticari ara\u00e7 grubunda ocak ay\u0131nda \u00fcretimde y\u00fczde 9, a\u011f\u0131r ticari ara\u00e7 grubunda y\u00fczde 51, hafif ticari ara\u00e7 grubunda ise y\u00fczde 3 gerileme ya\u015fand\u0131. <\/p>\n<p>Ge\u00e7en y\u0131l ocak ay\u0131na g\u00f6re ticari ara\u00e7 pazar\u0131 y\u00fczde 22, a\u011f\u0131r ticari ara\u00e7 pazar\u0131 y\u00fczde 38, hafif ticari ara\u00e7 pazar\u0131 ise y\u00fczde 19 darald\u0131.<\/p>\n<p>Y\u0131l\u0131n ilk ay\u0131nda, bir \u00f6nceki y\u0131l\u0131n ayn\u0131 d\u00f6nemine g\u00f6re, toplam otomotiv ihracat\u0131 adet baz\u0131nda y\u00fczde 4, otomobil ihracat\u0131 ise y\u00fczde 7 artarken, bu d\u00f6nemde, toplam ihracat 78 bin 191 adet, otomobil ihracat\u0131 da 47 bin 316 adet olarak ger\u00e7ekle\u015fti.<\/p>\n<p>Ocak ay\u0131nda toplam pazar ise ge\u00e7en y\u0131l\u0131n ayn\u0131 d\u00f6nemine g\u00f6re y\u00fczde 15 azalarak 70 bin 412 adet, otomobil pazar\u0131 da y\u00fczde 13&#8217;l\u00fck gerilemeyle 55 bin 944 adet olarak ger\u00e7ekle\u015fti.<\/p>\n<\/div>\n<p><br \/>\n<br \/><a href=\"https:\/\/www.ntv.com.tr\/ntvpara\/otomotiv-uretiminde-gerileme,0JfsAsAilEmqca-0wv1PUQ\"><\/a><\/p>\n","protected":false},"excerpt":{"rendered":"<p>Otomotiv Sanayi Derneg\u0306i (OSD), otomotiv sanayinde ocak ay\u0131 \u00fcretim verilerini a\u00e7\u0131klad\u0131. Buna g\u00f6re otomotiv ana sanayi \u00fcretimi y\u0131l\u0131n ilk ay\u0131nda, ge\u00e7en y\u0131l ocak ay\u0131na g\u00f6re y\u00fczde 3 d\u00fc\u015f\u00fc\u015fle 105 bin 397 olarak ger\u00e7ekle\u015fti. Ge\u00e7en y\u0131la g\u00f6re y\u00fczde 1 art\u0131\u015f ya\u015fayan otomobil \u00fcretimi ise 67 bin 795 adede y\u00fckseldi. Ticari ara\u00e7 grubunda ocak ay\u0131nda \u00fcretimde y\u00fczde [&hellip;]<\/p>\n","protected":false},"author":908,"featured_media":17336,"comment_status":"open","ping_status":"open","sticky":false,"template":"","format":"standard","meta":{"_jetpack_memberships_contains_paid_content":false,"footnotes":"","jetpack_publicize_message":"","jetpack_publicize_feature_enabled":true,"jetpack_social_post_already_shared":true,"jetpack_social_options":{"image_generator_settings":{"template":"highway","default_image_id":0,"font":"","enabled":false},"version":2}},"categories":[13],"tags":[],"class_list":["post-17423","post","type-post","status-publish","format-standard","has-post-thumbnail","hentry","category-otomobil"],"jetpack_publicize_connections":[],"jetpack_featured_media_url":"https:\/\/kibrisayna.com\/wp-content\/uploads\/2025\/02\/eUfq6O5frU6qmCWh2ATycw.jpg","jetpack_sharing_enabled":true,"_links":{"self":[{"href":"https:\/\/kibrisayna.com\/index.php\/wp-json\/wp\/v2\/posts\/17423","targetHints":{"allow":["GET"]}}],"collection":[{"href":"https:\/\/kibrisayna.com\/index.php\/wp-json\/wp\/v2\/posts"}],"about":[{"href":"https:\/\/kibrisayna.com\/index.php\/wp-json\/wp\/v2\/types\/post"}],"author":[{"embeddable":true,"href":"https:\/\/kibrisayna.com\/index.php\/wp-json\/wp\/v2\/users\/908"}],"replies":[{"embeddable":true,"href":"https:\/\/kibrisayna.com\/index.php\/wp-json\/wp\/v2\/comments?post=17423"}],"version-history":[{"count":0,"href":"https:\/\/kibrisayna.com\/index.php\/wp-json\/wp\/v2\/posts\/17423\/revisions"}],"wp:featuredmedia":[{"embeddable":true,"href":"https:\/\/kibrisayna.com\/index.php\/wp-json\/wp\/v2\/media\/17336"}],"wp:attachment":[{"href":"https:\/\/kibrisayna.com\/index.php\/wp-json\/wp\/v2\/media?parent=17423"}],"wp:term":[{"taxonomy":"category","embeddable":true,"href":"https:\/\/kibrisayna.com\/index.php\/wp-json\/wp\/v2\/categories?post=17423"},{"taxonomy":"post_tag","embeddable":true,"href":"https:\/\/kibrisayna.com\/index.php\/wp-json\/wp\/v2\/tags?post=17423"}],"curies":[{"name":"wp","href":"https:\/\/api.w.org\/{rel}","templated":true}]}}