{"id":17419,"date":"2025-02-17T09:12:56","date_gmt":"2025-02-17T06:12:56","guid":{"rendered":"https:\/\/kibrisayna.com\/index.php\/2025\/02\/17\/yariyil-tatilinin-ardindan-okullar-bugun-acildi-brtk\/"},"modified":"2025-02-17T09:12:56","modified_gmt":"2025-02-17T06:12:56","slug":"yariyil-tatilinin-ardindan-okullar-bugun-acildi-brtk","status":"publish","type":"post","link":"https:\/\/kibrisayna.com\/index.php\/2025\/02\/17\/yariyil-tatilinin-ardindan-okullar-bugun-acildi-brtk\/","title":{"rendered":"Yar\u0131y\u0131l tatilinin ard\u0131ndan okullar bug\u00fcn a\u00e7\u0131ld\u0131 \u2013 BRTK"},"content":{"rendered":"<p> <br \/>\n<\/p>\n<div>\n<div class=\"mariselle-image-container center\">\n                <img loading=\"lazy\" decoding=\"async\" width=\"780\" height=\"411\" class=\"lazy-image\" alt=\"\" sizes=\"auto, (max-width: 780px) 100vw, 780px\" src=\"https:\/\/brtk.net\/wp-content\/uploads\/2024\/09\/14\/780x411-ders-zili-caldi-1517775162778.jpg?ver=7960adfdb26134073bbdb7286fa4a0df\" srcset=\"https:\/\/brtk.net\/wp-content\/uploads\/2024\/09\/14\/780x411-ders-zili-caldi-1517775162778.jpg?ver=7960adfdb26134073bbdb7286fa4a0df 780w, https:\/\/brtk.net\/wp-content\/uploads\/2024\/09\/14\/780x411-ders-zili-caldi-1517775162778-300x158.jpg?ver=7960adfdb26134073bbdb7286fa4a0df 300w, https:\/\/brtk.net\/wp-content\/uploads\/2024\/09\/14\/780x411-ders-zili-caldi-1517775162778-768x405.jpg?ver=15832b576927ca1699fe2ca069a7bf63 768w\"\/>                            <\/div>\n<p>Yar\u0131y\u0131l tatilinin ard\u0131ndan okullar bug\u00fcn a\u00e7\u0131ld\u0131.  62 bin \u00f6\u011frenci ders ba\u015f\u0131 yapt\u0131.<\/p>\n<p>28 bini ilkokullarda, 30 bini ortaokul ve liselerde, 4 bini de meslek liselerinde olmak \u00fczere 62 bin \u00f6\u011frenci \u00e7alan ders ziliyle s\u0131n\u0131flardaki yerini ald\u0131.<\/p>\n<p>23 Eyl\u00fcl\u2019de ba\u015flayan 2024-25 e\u011fitim \u00f6\u011fretim y\u0131l\u0131n\u0131n birinci d\u00f6nemi 31 Ocak\u2019ta karnelerin verilmesiyle tamamlanm\u0131\u015ft\u0131. \u0130kinci d\u00f6nemse 16 Haziran\u2019da sona erecek.<\/p>\n<p>\u00d6te yandan kamu ve \u00f6zel okullarda g\u00f6rev yapan 6 bin 300 \u00f6\u011fretmen de bug\u00fcn \u00f6\u011frencilerle birlikte ders ba\u015f\u0131 yapt\u0131.<\/p>\n<p>Milli E\u011fitim Bakanl\u0131\u011f\u0131\u2019ndan elde edilen bilgiye g\u00f6re, \u0130lk\u00f6\u011fretim Dairesi\u2019ne ba\u011fl\u0131 128 okulda yakla\u015f\u0131k 28 bin, Genel Orta\u00f6\u011fretim Dairesi\u2019ne ba\u011fl\u0131 48 okulda yakla\u015f\u0131k 30 bin ve Mesleki Teknik \u00d6\u011fretim Dairesi\u2019ne ba\u011fl\u0131 13 okulda yakla\u015f\u0131k 4 bin meslek lisesi \u00f6\u011frencisi e\u011fitim g\u00f6r\u00fcyor. \u00c7\u0131rakl\u0131k ve Yeti\u015fkin E\u011fitimi Merkezlerinde ise yakla\u015f\u0131k 450 \u00f6\u011frenci e\u011fitim al\u0131yor.<\/p>\n<\/p><\/div>\n<p><script async\n                    defer\n                    crossorigin=\"anonymous\"\n                    src=\"https:\/\/connect.facebook.net\/tr_TR\/sdk.js#xfbml=1&#038;version=v3.3\"\n            ><\/script><br \/>\n<br \/><br \/>\n<br \/><a href=\"https:\/\/brtk.net\/yariyil-tatilinin-ardindan-okullar-bugun-acildi\/\">Kaynak BRT <\/a><\/p>\n","protected":false},"excerpt":{"rendered":"<p>Yar\u0131y\u0131l tatilinin ard\u0131ndan okullar bug\u00fcn a\u00e7\u0131ld\u0131. 62 bin \u00f6\u011frenci ders ba\u015f\u0131 yapt\u0131. 28 bini ilkokullarda, 30 bini ortaokul ve liselerde, 4 bini de meslek liselerinde olmak \u00fczere 62 bin \u00f6\u011frenci \u00e7alan ders ziliyle s\u0131n\u0131flardaki yerini ald\u0131. 23 Eyl\u00fcl\u2019de ba\u015flayan 2024-25 e\u011fitim \u00f6\u011fretim y\u0131l\u0131n\u0131n birinci d\u00f6nemi 31 Ocak\u2019ta karnelerin verilmesiyle tamamlanm\u0131\u015ft\u0131. \u0130kinci d\u00f6nemse 16 Haziran\u2019da sona [&hellip;]<\/p>\n","protected":false},"author":908,"featured_media":5122,"comment_status":"open","ping_status":"open","sticky":false,"template":"","format":"standard","meta":{"_jetpack_memberships_contains_paid_content":false,"footnotes":"","jetpack_publicize_message":"","jetpack_publicize_feature_enabled":true,"jetpack_social_post_already_shared":true,"jetpack_social_options":{"image_generator_settings":{"template":"highway","default_image_id":0,"font":"","enabled":false},"version":2}},"categories":[253],"tags":[],"class_list":["post-17419","post","type-post","status-publish","format-standard","has-post-thumbnail","hentry","category-gundem"],"jetpack_publicize_connections":[],"jetpack_featured_media_url":"https:\/\/kibrisayna.com\/wp-content\/uploads\/2024\/09\/780x411-ders-zili-caldi-1517775162778.jpg","jetpack_sharing_enabled":true,"_links":{"self":[{"href":"https:\/\/kibrisayna.com\/index.php\/wp-json\/wp\/v2\/posts\/17419","targetHints":{"allow":["GET"]}}],"collection":[{"href":"https:\/\/kibrisayna.com\/index.php\/wp-json\/wp\/v2\/posts"}],"about":[{"href":"https:\/\/kibrisayna.com\/index.php\/wp-json\/wp\/v2\/types\/post"}],"author":[{"embeddable":true,"href":"https:\/\/kibrisayna.com\/index.php\/wp-json\/wp\/v2\/users\/908"}],"replies":[{"embeddable":true,"href":"https:\/\/kibrisayna.com\/index.php\/wp-json\/wp\/v2\/comments?post=17419"}],"version-history":[{"count":0,"href":"https:\/\/kibrisayna.com\/index.php\/wp-json\/wp\/v2\/posts\/17419\/revisions"}],"wp:featuredmedia":[{"embeddable":true,"href":"https:\/\/kibrisayna.com\/index.php\/wp-json\/wp\/v2\/media\/5122"}],"wp:attachment":[{"href":"https:\/\/kibrisayna.com\/index.php\/wp-json\/wp\/v2\/media?parent=17419"}],"wp:term":[{"taxonomy":"category","embeddable":true,"href":"https:\/\/kibrisayna.com\/index.php\/wp-json\/wp\/v2\/categories?post=17419"},{"taxonomy":"post_tag","embeddable":true,"href":"https:\/\/kibrisayna.com\/index.php\/wp-json\/wp\/v2\/tags?post=17419"}],"curies":[{"name":"wp","href":"https:\/\/api.w.org\/{rel}","templated":true}]}}