{"id":17223,"date":"2025-02-14T11:07:02","date_gmt":"2025-02-14T08:07:02","guid":{"rendered":"https:\/\/kibrisayna.com\/index.php\/2025\/02\/14\/lefkosa-turk-belediyesi-acil-mudahale-ekibi-yangin-egitimini-basariyla-tamamladi-brtk\/"},"modified":"2025-02-14T11:07:02","modified_gmt":"2025-02-14T08:07:02","slug":"lefkosa-turk-belediyesi-acil-mudahale-ekibi-yangin-egitimini-basariyla-tamamladi-brtk","status":"publish","type":"post","link":"https:\/\/kibrisayna.com\/index.php\/2025\/02\/14\/lefkosa-turk-belediyesi-acil-mudahale-ekibi-yangin-egitimini-basariyla-tamamladi-brtk\/","title":{"rendered":"Lefko\u015fa T\u00fcrk Belediyesi Acil M\u00fcdahale Ekibi yang\u0131n e\u011fitimini ba\u015far\u0131yla tamamlad\u0131 \u2013 BRTK"},"content":{"rendered":"<p> <br \/>\n<\/p>\n<div>\n<div class=\"mariselle-image-container center\">\n                <img loading=\"lazy\" decoding=\"async\" width=\"1694\" height=\"920\" class=\"lazy-image\" alt=\"\" sizes=\"auto, (max-width: 1694px) 100vw, 1694px\" src=\"https:\/\/brtk.net\/wp-content\/uploads\/2025\/02\/14\/foto-1-2.jpeg?ver=604ded027b1bdf722de20da69724b061\" srcset=\"https:\/\/brtk.net\/wp-content\/uploads\/2025\/02\/14\/foto-1-2.jpeg?ver=604ded027b1bdf722de20da69724b061 1694w, https:\/\/brtk.net\/wp-content\/uploads\/2025\/02\/14\/foto-1-2-300x163.jpeg?ver=f7e8a38ca05965e8d8494068b4abf771 300w, https:\/\/brtk.net\/wp-content\/uploads\/2025\/02\/14\/foto-1-2-1024x556.jpeg?ver=f7e8a38ca05965e8d8494068b4abf771 1024w, https:\/\/brtk.net\/wp-content\/uploads\/2025\/02\/14\/foto-1-2-768x417.jpeg?ver=f7e8a38ca05965e8d8494068b4abf771 768w, https:\/\/brtk.net\/wp-content\/uploads\/2025\/02\/14\/foto-1-2-1536x834.jpeg?ver=eb344e9ed8276b3624ee4f0bfb789935 1536w\"\/>                            <\/div>\n<p>Lefko\u015fa T\u00fcrk Belediyesi (LTB) Acil M\u00fcdahale Ekibi, Intergaz tesislerinde d\u00fczenlenen yang\u0131n e\u011fitimini ba\u015far\u0131yla tamamlad\u0131. Yang\u0131n g\u00fcvenli\u011fi ve acil durum m\u00fcdahalesi konular\u0131nda ger\u00e7ekle\u015ftirilen e\u011fitimde, ekip \u00fcyeleri teorik ve pratik bilgilerle donat\u0131ld\u0131.<\/p>\n<p>E\u011fitim kapsam\u0131nda yang\u0131n s\u00f6nd\u00fcrme teknikleri, tahliye prosed\u00fcrleri ve acil durum senaryolar\u0131 \u00fczerinde uygulamal\u0131 \u00e7al\u0131\u015fmalar yap\u0131ld\u0131.<\/p>\n<p> Yetkililer, bu t\u00fcr e\u011fitimlerin, belediye personelinin olas\u0131 yang\u0131n ve acil durumlara daha haz\u0131rl\u0131kl\u0131 olmas\u0131n\u0131 sa\u011flad\u0131\u011f\u0131n\u0131 belirtti.<\/p>\n<p>LTB yetkilileri, halk\u0131n g\u00fcvenli\u011fi i\u00e7in benzer e\u011fitim programlar\u0131n\u0131n devam edece\u011fini vurgulayarak, yang\u0131nla m\u00fccadelede bilin\u00e7lenmenin \u00f6nemine dikkat \u00e7ekti.<\/p>\n<\/p><\/div>\n<p><script async\n                    defer\n                    crossorigin=\"anonymous\"\n                    src=\"https:\/\/connect.facebook.net\/tr_TR\/sdk.js#xfbml=1&#038;version=v3.3\"\n            ><\/script><br \/>\n<br \/><br \/>\n<br \/><a href=\"https:\/\/brtk.net\/lefkosa-turk-belediyesi-acil-mudahale-ekibi-yangin-egitimini-basariyla-tamamladi\/\">Kaynak BRT <\/a><\/p>\n","protected":false},"excerpt":{"rendered":"<p>Lefko\u015fa T\u00fcrk Belediyesi (LTB) Acil M\u00fcdahale Ekibi, Intergaz tesislerinde d\u00fczenlenen yang\u0131n e\u011fitimini ba\u015far\u0131yla tamamlad\u0131. Yang\u0131n g\u00fcvenli\u011fi ve acil durum m\u00fcdahalesi konular\u0131nda ger\u00e7ekle\u015ftirilen e\u011fitimde, ekip \u00fcyeleri teorik ve pratik bilgilerle donat\u0131ld\u0131. E\u011fitim kapsam\u0131nda yang\u0131n s\u00f6nd\u00fcrme teknikleri, tahliye prosed\u00fcrleri ve acil durum senaryolar\u0131 \u00fczerinde uygulamal\u0131 \u00e7al\u0131\u015fmalar yap\u0131ld\u0131. Yetkililer, bu t\u00fcr e\u011fitimlerin, belediye personelinin olas\u0131 yang\u0131n ve acil [&hellip;]<\/p>\n","protected":false},"author":908,"featured_media":17224,"comment_status":"open","ping_status":"open","sticky":false,"template":"","format":"standard","meta":{"_jetpack_memberships_contains_paid_content":false,"footnotes":"","jetpack_publicize_message":"","jetpack_publicize_feature_enabled":true,"jetpack_social_post_already_shared":true,"jetpack_social_options":{"image_generator_settings":{"template":"highway","default_image_id":0,"font":"","enabled":false},"version":2}},"categories":[253],"tags":[],"class_list":["post-17223","post","type-post","status-publish","format-standard","has-post-thumbnail","hentry","category-gundem"],"jetpack_publicize_connections":[],"jetpack_featured_media_url":"https:\/\/kibrisayna.com\/wp-content\/uploads\/2025\/02\/foto-1-2.jpeg","jetpack_sharing_enabled":true,"_links":{"self":[{"href":"https:\/\/kibrisayna.com\/index.php\/wp-json\/wp\/v2\/posts\/17223","targetHints":{"allow":["GET"]}}],"collection":[{"href":"https:\/\/kibrisayna.com\/index.php\/wp-json\/wp\/v2\/posts"}],"about":[{"href":"https:\/\/kibrisayna.com\/index.php\/wp-json\/wp\/v2\/types\/post"}],"author":[{"embeddable":true,"href":"https:\/\/kibrisayna.com\/index.php\/wp-json\/wp\/v2\/users\/908"}],"replies":[{"embeddable":true,"href":"https:\/\/kibrisayna.com\/index.php\/wp-json\/wp\/v2\/comments?post=17223"}],"version-history":[{"count":0,"href":"https:\/\/kibrisayna.com\/index.php\/wp-json\/wp\/v2\/posts\/17223\/revisions"}],"wp:featuredmedia":[{"embeddable":true,"href":"https:\/\/kibrisayna.com\/index.php\/wp-json\/wp\/v2\/media\/17224"}],"wp:attachment":[{"href":"https:\/\/kibrisayna.com\/index.php\/wp-json\/wp\/v2\/media?parent=17223"}],"wp:term":[{"taxonomy":"category","embeddable":true,"href":"https:\/\/kibrisayna.com\/index.php\/wp-json\/wp\/v2\/categories?post=17223"},{"taxonomy":"post_tag","embeddable":true,"href":"https:\/\/kibrisayna.com\/index.php\/wp-json\/wp\/v2\/tags?post=17223"}],"curies":[{"name":"wp","href":"https:\/\/api.w.org\/{rel}","templated":true}]}}