{"id":17215,"date":"2025-02-14T10:15:54","date_gmt":"2025-02-14T07:15:54","guid":{"rendered":"https:\/\/kibrisayna.com\/index.php\/2025\/02\/14\/tepebasinda-bugun-uc-saatlik-elektrik-kesintisi-olacak-brtk\/"},"modified":"2025-02-14T10:15:54","modified_gmt":"2025-02-14T07:15:54","slug":"tepebasinda-bugun-uc-saatlik-elektrik-kesintisi-olacak-brtk","status":"publish","type":"post","link":"https:\/\/kibrisayna.com\/index.php\/2025\/02\/14\/tepebasinda-bugun-uc-saatlik-elektrik-kesintisi-olacak-brtk\/","title":{"rendered":"Tepeba\u015f\u0131\u2019nda bug\u00fcn \u00fc\u00e7 saatlik elektrik kesintisi olacak \u2013 BRTK"},"content":{"rendered":"<p> <br \/>\n<\/p>\n<div>\n<div class=\"mariselle-image-container center\">\n                <img loading=\"lazy\" decoding=\"async\" width=\"332\" height=\"152\" class=\"lazy-image\" alt=\"\" sizes=\"auto, (max-width: 332px) 100vw, 332px\" src=\"https:\/\/brtk.net\/wp-content\/uploads\/2023\/01\/29\/elektrik-kesintisi.jpg?ver=fe22ed46cf078048ed3d944409b70846\" srcset=\"https:\/\/brtk.net\/wp-content\/uploads\/2023\/01\/29\/elektrik-kesintisi.jpg?ver=fe22ed46cf078048ed3d944409b70846 332w, https:\/\/brtk.net\/wp-content\/uploads\/2023\/01\/29\/elektrik-kesintisi-300x137.jpg?ver=fe22ed46cf078048ed3d944409b70846 300w\"\/>                            <\/div>\n<p>K\u0131br\u0131s T\u00fcrk Elektrik Kurumu, (K\u0131b-Tek), bug\u00fcn 10.00 ile 13.00 saatleri aras\u0131nda Tepeba\u015f\u0131 k\u00f6y\u00fcnde baz\u0131 sokaklara elektrik verilemeyece\u011fini duyurdu.<\/p>\n<p>Orta gerilim elektrik \u015febekesinde yap\u0131lacak bak\u0131m onar\u0131m \u00e7al\u0131\u015fmas\u0131ndan kaynaklanacak kesintiden Tepeba\u015f\u0131\u2019nda, Sarma\u015f\u0131k Sokak ile \u015eht. \u0130brahim Latif Sokak ve civar\u0131 etkilenecek.<\/p>\n<\/p><\/div>\n<p><script async\n                    defer\n                    crossorigin=\"anonymous\"\n                    src=\"https:\/\/connect.facebook.net\/tr_TR\/sdk.js#xfbml=1&#038;version=v3.3\"\n            ><\/script><br \/>\n<br \/><br \/>\n<br \/><a href=\"https:\/\/brtk.net\/tepebasinda-bugun-uc-saatlik-elektrik-kesintisi-olacak\/\">Kaynak BRT <\/a><\/p>\n","protected":false},"excerpt":{"rendered":"<p>K\u0131br\u0131s T\u00fcrk Elektrik Kurumu, (K\u0131b-Tek), bug\u00fcn 10.00 ile 13.00 saatleri aras\u0131nda Tepeba\u015f\u0131 k\u00f6y\u00fcnde baz\u0131 sokaklara elektrik verilemeyece\u011fini duyurdu. Orta gerilim elektrik \u015febekesinde yap\u0131lacak bak\u0131m onar\u0131m \u00e7al\u0131\u015fmas\u0131ndan kaynaklanacak kesintiden Tepeba\u015f\u0131\u2019nda, Sarma\u015f\u0131k Sokak ile \u015eht. \u0130brahim Latif Sokak ve civar\u0131 etkilenecek. Kaynak BRT<\/p>\n","protected":false},"author":908,"featured_media":6287,"comment_status":"open","ping_status":"open","sticky":false,"template":"","format":"standard","meta":{"_jetpack_memberships_contains_paid_content":false,"footnotes":"","jetpack_publicize_message":"","jetpack_publicize_feature_enabled":true,"jetpack_social_post_already_shared":true,"jetpack_social_options":{"image_generator_settings":{"template":"highway","default_image_id":0,"font":"","enabled":false},"version":2}},"categories":[253],"tags":[],"class_list":["post-17215","post","type-post","status-publish","format-standard","has-post-thumbnail","hentry","category-gundem"],"jetpack_publicize_connections":[],"jetpack_featured_media_url":"https:\/\/kibrisayna.com\/wp-content\/uploads\/2024\/09\/elektrik-kesintisi.jpg","jetpack_sharing_enabled":true,"_links":{"self":[{"href":"https:\/\/kibrisayna.com\/index.php\/wp-json\/wp\/v2\/posts\/17215","targetHints":{"allow":["GET"]}}],"collection":[{"href":"https:\/\/kibrisayna.com\/index.php\/wp-json\/wp\/v2\/posts"}],"about":[{"href":"https:\/\/kibrisayna.com\/index.php\/wp-json\/wp\/v2\/types\/post"}],"author":[{"embeddable":true,"href":"https:\/\/kibrisayna.com\/index.php\/wp-json\/wp\/v2\/users\/908"}],"replies":[{"embeddable":true,"href":"https:\/\/kibrisayna.com\/index.php\/wp-json\/wp\/v2\/comments?post=17215"}],"version-history":[{"count":0,"href":"https:\/\/kibrisayna.com\/index.php\/wp-json\/wp\/v2\/posts\/17215\/revisions"}],"wp:featuredmedia":[{"embeddable":true,"href":"https:\/\/kibrisayna.com\/index.php\/wp-json\/wp\/v2\/media\/6287"}],"wp:attachment":[{"href":"https:\/\/kibrisayna.com\/index.php\/wp-json\/wp\/v2\/media?parent=17215"}],"wp:term":[{"taxonomy":"category","embeddable":true,"href":"https:\/\/kibrisayna.com\/index.php\/wp-json\/wp\/v2\/categories?post=17215"},{"taxonomy":"post_tag","embeddable":true,"href":"https:\/\/kibrisayna.com\/index.php\/wp-json\/wp\/v2\/tags?post=17215"}],"curies":[{"name":"wp","href":"https:\/\/api.w.org\/{rel}","templated":true}]}}