{"id":17188,"date":"2025-02-14T03:00:55","date_gmt":"2025-02-14T00:00:55","guid":{"rendered":"https:\/\/kibrisayna.com\/index.php\/2025\/02\/14\/mark-zuckerbergu-canlandirdi-oscara-aday-gosterildi-oyuncu-artik-boyle-biriyle-iliskilendirilmek-istemiyor\/"},"modified":"2025-02-14T03:00:55","modified_gmt":"2025-02-14T00:00:55","slug":"mark-zuckerbergu-canlandirdi-oscara-aday-gosterildi-oyuncu-artik-boyle-biriyle-iliskilendirilmek-istemiyor","status":"publish","type":"post","link":"https:\/\/kibrisayna.com\/index.php\/2025\/02\/14\/mark-zuckerbergu-canlandirdi-oscara-aday-gosterildi-oyuncu-artik-boyle-biriyle-iliskilendirilmek-istemiyor\/","title":{"rendered":"Mark Zuckerberg&#8217;\u00fc canland\u0131rd\u0131, Oscar&#8217;a aday g\u00f6sterildi: Oyuncu art\u0131k &#8220;b\u00f6yle biriyle&#8221; ili\u015fkilendirilmek istemiyor"},"content":{"rendered":"<p> <br \/>\n<\/p>\n<div>\n<div class=\"content-news-tag-selector\">\n<p>Ba\u015frollerini Jesse Eisenberg ve Andrew Garfield&#8217;\u0131n payla\u015ft\u0131\u011f\u0131 ve David Fincher&#8217;\u0131n y\u00f6netmen koltu\u011funda oturdu\u011fu Sosyal A\u011f (The Social Network) filmi, Facebook\u2019un kurucusu <a href=\"https:\/\/www.ntv.com.tr\/mark-zuckerberg\" target=\"_blank\" rel=\"tag noopener\">Mark Zuckerberg<\/a> ve arkada\u015flar\u0131n\u0131n hikayesini konu al\u0131yor.<\/p>\n<p>Rol\u00fc sayesinde Oscar&#8217;a aday g\u00f6sterilen ABD&#8217;li oyuncu <strong>Jesse Eisenberg<\/strong> art\u0131k Mark Zuckerberg ile &#8220;ili\u015fkilendirilmek&#8221; istemedi\u011fini s\u00f6yledi. Facebook kurucusunu canland\u0131ran akt\u00f6r, Meta&#8217;n\u0131n ger\u00e7ekleri teyit etme mekanizmas\u0131n\u0131 kald\u0131rma karar\u0131n\u0131 ele\u015ftirdi.<\/p>\n<p>Eisenberg, art\u0131k &#8220;b\u00f6yle biriyle&#8221; ili\u015fkilendirilmek istemedi\u011fini &#8220;Onun hayat\u0131n\u0131 takip etmiyorum, k\u0131smen de kendimi b\u00f6yle biriyle ili\u015fkilendirilmi\u015f olarak d\u00fc\u015f\u00fcnmek istemiyorum&#8221; s\u00f6zleriyle ifade etti.<\/p>\n<\/div>\n<div class=\"img-wrapper img-wrapper--wide\">\n    <img decoding=\"async\" src=\"https:\/\/cdn1.ntv.com.tr\/gorsel\/CzQH4bUCYkO3YBkw3ogJvQ.jpg?width=960&amp;mode=crop&amp;scale=both\" class=\"\" alt=\"Mark Zuckerberg'\u00fc canland\u0131rd\u0131, Oscar'a aday g\u00f6sterildi: Oyuncu art\u0131k &quot;b\u00f6yle biriyle&quot; ili\u015fkilendirilmek istemiyor - 1\" loading=\"lazy\"\/>\n<\/div>\n<div class=\"content-news-tag-selector\">\n<p><strong>&#8220;PARALARIYLA NE YAPIYORLAR?<\/strong><\/p>\n<p>BBC Radio 4&#8217;\u00fcn Today program\u0131na verdi\u011fi r\u00f6portajda &#8220;Bu adam sanki&#8230; sorunlu \u015feyler yap\u0131yor, teyit mekanizmas\u0131n\u0131 ortadan kald\u0131r\u0131yor. G\u00fcvenlik endi\u015feleri var. D\u00fcnyada zaten tehdit alt\u0131nda olan insanlar\u0131 daha da tehdit ediyor&#8221; dedi.<\/p>\n<p>Eisenberg s\u00f6zlerine \u015f\u00f6yle devam etti:<\/p>\n<p>&#8220;Ben sadece gazete okuyan biri olarak endi\u015feliyim. Bu insanlar\u0131n milyarlarca dolar\u0131 var, herhangi bir insan\u0131n bug\u00fcne kadar biriktirdi\u011finden daha fazla para. Ve bununla ne yap\u0131yorlar? Bunu nefret dolu \u015feyler s\u00f6yleyen biriyle yak\u0131nl\u0131k kurmak i\u00e7in yap\u0131yorlar.&#8221;<\/p>\n<p>Meta&#8217;n\u0131n CEO&#8217;su <strong><a href=\"https:\/\/www.ntv.com.tr\/mark-zuckerberg\" target=\"_blank\" rel=\"tag noopener\">Mark Zuckerberg<\/a><\/strong>, Facebook ve Instagram platformlar\u0131ndaki teyit mekanizmalar\u0131n\u0131 durdurma karar\u0131 ald\u0131klar\u0131n\u0131 duyurmu\u015ftu. Bunlar yerine &#8220;topluluk notlar\u0131&#8221; sistemi kullanacak. Bu sistemde kullan\u0131c\u0131lar, payla\u015f\u0131mlar\u0131n alt\u0131na ba\u011flam\u0131 a\u00e7\u0131klay\u0131c\u0131 ya da yanl\u0131\u015f bilgiyi d\u00fczeltecek \u015fekilde eklemeler yapabilecek.<\/p>\n<\/div>\n<div class=\"img-wrapper img-wrapper--wide\">\n    <img decoding=\"async\" src=\"https:\/\/cdn1.ntv.com.tr\/gorsel\/ZDwIW4u4WkmEFa-lfPhvfg.jpg?width=960&amp;mode=crop&amp;scale=both\" class=\"\" alt=\"Mark Zuckerberg'\u00fc canland\u0131rd\u0131, Oscar'a aday g\u00f6sterildi: Oyuncu art\u0131k &quot;b\u00f6yle biriyle&quot; ili\u015fkilendirilmek istemiyor - 2\" loading=\"lazy\"\/>\n<\/div>\n<div class=\"content-news-tag-selector\">\n<p>Jesse Eisenberg, son olarak y\u00f6netmenli\u011fini \u00fcstlendi\u011fi ve rol ald\u0131\u011f\u0131 &#8220;A Real Pain&#8221; filmiyle Oscar&#8217;a aday g\u00f6sterildi.<\/p>\n<p>Sosyal A\u011f filmi, 8 dalda Oscar&#8217;a aday g\u00f6sterildi ve \u00fc\u00e7 Oscar \u00f6d\u00fcl\u00fc kazand\u0131. <a href=\"https:\/\/www.ntv.com.tr\/film\" target=\"_blank\" rel=\"tag noopener\">Film<\/a>, d\u00fcnya \u00e7ap\u0131nda 224 milyon dolar has\u0131lat elde etti. Quentin Tarantino, Sosyal A\u011f i\u00e7in 2010&#8217;lu y\u0131llar\u0131n &#8220;en iyi filmi&#8221; ifadesini kullanm\u0131\u015ft\u0131.<\/p>\n<\/div>\n<\/div>\n<p><br \/>\n<br \/><a href=\"https:\/\/www.ntv.com.tr\/n-life\/kultur-ve-sanat\/mark-zuckerbergu-canlandirdi-oscara-aday-gosterildi-oyuncu-artik-boyle-biriyle-iliskilendirilmek-istemiyor,Lrn35KOlHkuSJaRwjdzVvQ\"><\/a><\/p>\n","protected":false},"excerpt":{"rendered":"<p>Ba\u015frollerini Jesse Eisenberg ve Andrew Garfield&#8217;\u0131n payla\u015ft\u0131\u011f\u0131 ve David Fincher&#8217;\u0131n y\u00f6netmen koltu\u011funda oturdu\u011fu Sosyal A\u011f (The Social Network) filmi, Facebook\u2019un kurucusu Mark Zuckerberg ve arkada\u015flar\u0131n\u0131n hikayesini konu al\u0131yor. Rol\u00fc sayesinde Oscar&#8217;a aday g\u00f6sterilen ABD&#8217;li oyuncu Jesse Eisenberg art\u0131k Mark Zuckerberg ile &#8220;ili\u015fkilendirilmek&#8221; istemedi\u011fini s\u00f6yledi. Facebook kurucusunu canland\u0131ran akt\u00f6r, Meta&#8217;n\u0131n ger\u00e7ekleri teyit etme mekanizmas\u0131n\u0131 kald\u0131rma karar\u0131n\u0131 [&hellip;]<\/p>\n","protected":false},"author":908,"featured_media":17189,"comment_status":"open","ping_status":"open","sticky":false,"template":"","format":"standard","meta":{"_jetpack_memberships_contains_paid_content":false,"footnotes":"","jetpack_publicize_message":"","jetpack_publicize_feature_enabled":true,"jetpack_social_post_already_shared":true,"jetpack_social_options":{"image_generator_settings":{"template":"highway","default_image_id":0,"font":"","enabled":false},"version":2}},"categories":[12],"tags":[],"class_list":["post-17188","post","type-post","status-publish","format-standard","has-post-thumbnail","hentry","category-teknoloji"],"jetpack_publicize_connections":[],"jetpack_featured_media_url":"https:\/\/kibrisayna.com\/wp-content\/uploads\/2025\/02\/vn936rsjlkqaNFlhB0ILxQ.jpg","jetpack_sharing_enabled":true,"_links":{"self":[{"href":"https:\/\/kibrisayna.com\/index.php\/wp-json\/wp\/v2\/posts\/17188","targetHints":{"allow":["GET"]}}],"collection":[{"href":"https:\/\/kibrisayna.com\/index.php\/wp-json\/wp\/v2\/posts"}],"about":[{"href":"https:\/\/kibrisayna.com\/index.php\/wp-json\/wp\/v2\/types\/post"}],"author":[{"embeddable":true,"href":"https:\/\/kibrisayna.com\/index.php\/wp-json\/wp\/v2\/users\/908"}],"replies":[{"embeddable":true,"href":"https:\/\/kibrisayna.com\/index.php\/wp-json\/wp\/v2\/comments?post=17188"}],"version-history":[{"count":0,"href":"https:\/\/kibrisayna.com\/index.php\/wp-json\/wp\/v2\/posts\/17188\/revisions"}],"wp:featuredmedia":[{"embeddable":true,"href":"https:\/\/kibrisayna.com\/index.php\/wp-json\/wp\/v2\/media\/17189"}],"wp:attachment":[{"href":"https:\/\/kibrisayna.com\/index.php\/wp-json\/wp\/v2\/media?parent=17188"}],"wp:term":[{"taxonomy":"category","embeddable":true,"href":"https:\/\/kibrisayna.com\/index.php\/wp-json\/wp\/v2\/categories?post=17188"},{"taxonomy":"post_tag","embeddable":true,"href":"https:\/\/kibrisayna.com\/index.php\/wp-json\/wp\/v2\/tags?post=17188"}],"curies":[{"name":"wp","href":"https:\/\/api.w.org\/{rel}","templated":true}]}}