{"id":17178,"date":"2025-02-14T01:10:55","date_gmt":"2025-02-13T22:10:55","guid":{"rendered":"https:\/\/kibrisayna.com\/index.php\/2025\/02\/14\/kuresel-sicakliklar-ocak-ayinda-rekor-kirdi-son-dakika-dunya-haberleri\/"},"modified":"2025-02-14T01:10:55","modified_gmt":"2025-02-13T22:10:55","slug":"kuresel-sicakliklar-ocak-ayinda-rekor-kirdi-son-dakika-dunya-haberleri","status":"publish","type":"post","link":"https:\/\/kibrisayna.com\/index.php\/2025\/02\/14\/kuresel-sicakliklar-ocak-ayinda-rekor-kirdi-son-dakika-dunya-haberleri\/","title":{"rendered":"K\u00fcresel s\u0131cakl\u0131klar Ocak ay\u0131nda rekor k\u0131rd\u0131 &#8211; Son Dakika D\u00fcnya Haberleri"},"content":{"rendered":"<p> <br \/>\n<\/p>\n<div>\n<p><a href=\"https:\/\/www.ntv.com.tr\/bilim\" target=\"_blank\" rel=\"tag noopener\">Bilim<\/a> insanlar\u0131 d\u00fcnyan\u0131n kay\u0131tlara ge\u00e7en en s\u0131cak Ocak ay\u0131n\u0131 ya\u015fad\u0131\u011f\u0131n\u0131 a\u00e7\u0131klad\u0131. Bu s\u0131cakl\u0131k, iklim ara\u015ft\u0131rmac\u0131lar\u0131 i\u00e7in bir s\u00fcrpriz oldu.<\/p>\n<p>\u00c7\u00fcnk\u00fc bu durum, normalde gezegenin ortalama s\u0131cakl\u0131\u011f\u0131n\u0131 en az\u0131ndan ge\u00e7ici olarak d\u00fc\u015f\u00fcrmesi beklenen Pasifik Okyanusu&#8217;ndaki La Nina etkisi s\u0131ras\u0131nda meydana geldi.<\/p>\n<p><a href=\"https:\/\/www.ntv.com.tr\/dunya\" target=\"_blank\" rel=\"tag noopener\">D\u00fcnya<\/a> y\u00fczeyi son iki y\u0131ld\u0131r o kadar s\u0131cak ki, bilim insanlar\u0131 yaln\u0131zca karbon emisyonlar\u0131n\u0131n a\u00e7\u0131klayabilece\u011finden daha fazla s\u0131cakl\u0131k art\u0131\u015f\u0131na neden olabilecek gezegenin kimyas\u0131nda ba\u015fka bir \u015feyin de\u011fi\u015fmi\u015f olup olmad\u0131\u011f\u0131n\u0131 ara\u015ft\u0131r\u0131yor.<\/p>\n<p><strong>EL-NINO VE LA-NINA<\/strong><\/p>\n<p>K\u00f6m\u00fcr, gaz ve petrol yakman\u0131n yan \u00fcr\u00fcn\u00fc olan bu emisyonlar, 2023 ve 2024 y\u0131llar\u0131nda rekor seviyelere ula\u015fan k\u00fcresel \u0131s\u0131nman\u0131n ana tetikleyicisi olmaya devam ediyor.<\/p>\n<p>La Nina nedeniyle bilim insanlar\u0131, bu y\u0131l\u0131n bir \u00f6nceki iki y\u0131la k\u0131yasla biraz daha serin ge\u00e7mesini bekliyordu.<\/p>\n<p>\u00d6nceki iki y\u0131l, tam tersi bir hava olay\u0131 olan El Nino&#8217;nun etkisi alt\u0131ndayd\u0131.<\/p>\n<p>Do\u011fu tropikal Pasifik&#8217;teki sular, El Nino ve La Nina ko\u015fullar\u0131 aras\u0131nda gidip gelerek okyanus ile hava aras\u0131ndaki \u0131s\u0131 dengesini de\u011fi\u015ftirerek d\u00fcnya \u00e7ap\u0131nda hava ko\u015fullar\u0131n\u0131 etkiliyor.<\/p>\n<p><strong>2025 DAHA MI SICAK OLACAK?<\/strong><\/p>\n<p>Ancak k\u00fcresel s\u0131cakl\u0131klar\u0131 etkileyen bir\u00e7ok ba\u015fka fakt\u00f6r de var. ABD Ulusal Okyanus ve Atmosfer Dairesi&#8217;nden (NOAA) iklim bilimci Russell Vose, \u015fu anda 2025\u2019in kay\u0131tlara ge\u00e7en en s\u0131cak y\u0131l olma ihtimalinin y\u00fcksek olmad\u0131\u011f\u0131n\u0131 belirtti.<\/p>\n<p>Ancak ge\u00e7en y\u0131l\u0131n ayn\u0131 d\u00f6neminde, bilim insanlar\u0131 2024 hakk\u0131nda da ayn\u0131 \u015feyi s\u00f6yl\u00fcyordu ve yan\u0131ld\u0131lar.<\/p>\n<p><strong>ALASKA VE S\u0130B\u0130RYA G\u0130B\u0130 B\u00d6LGELERDE OLA\u011eAN\u00dcST\u00dc SICAKLIK<\/strong><\/p>\n<p>Avrupa Birli\u011fi&#8217;nin iklim izleme ajans\u0131 Copernicus\u2019a g\u00f6re, ge\u00e7en ay Kanada\u2019n\u0131n kuzeyi, Alaska, Sibirya, Avustralya\u2019n\u0131n baz\u0131 b\u00f6lgeleri ve Antarktika ola\u011fan\u00fcst\u00fc s\u0131cak ge\u00e7ti.<\/p>\n<p>Hudson K\u00f6rfezi ve Labrador Denizi \u00fczerindeki anormal derecede y\u00fcksek s\u0131cakl\u0131klar, Arktik deniz buzunun Ocak ay\u0131nda \u015fimdiye kadar kaydedilen en d\u00fc\u015f\u00fck seviyeye d\u00fc\u015fmesine neden oldu.<\/p>\n<\/div>\n<p><br \/>\n<br \/><a href=\"https:\/\/www.ntv.com.tr\/dunya\/kuresel-sicakliklar-ocak-ayinda-rekor-kirdi,GskmJqMJ_UW1SVX49W6gZg\"><\/a><\/p>\n","protected":false},"excerpt":{"rendered":"<p>Bilim insanlar\u0131 d\u00fcnyan\u0131n kay\u0131tlara ge\u00e7en en s\u0131cak Ocak ay\u0131n\u0131 ya\u015fad\u0131\u011f\u0131n\u0131 a\u00e7\u0131klad\u0131. Bu s\u0131cakl\u0131k, iklim ara\u015ft\u0131rmac\u0131lar\u0131 i\u00e7in bir s\u00fcrpriz oldu. \u00c7\u00fcnk\u00fc bu durum, normalde gezegenin ortalama s\u0131cakl\u0131\u011f\u0131n\u0131 en az\u0131ndan ge\u00e7ici olarak d\u00fc\u015f\u00fcrmesi beklenen Pasifik Okyanusu&#8217;ndaki La Nina etkisi s\u0131ras\u0131nda meydana geldi. D\u00fcnya y\u00fczeyi son iki y\u0131ld\u0131r o kadar s\u0131cak ki, bilim insanlar\u0131 yaln\u0131zca karbon emisyonlar\u0131n\u0131n a\u00e7\u0131klayabilece\u011finden [&hellip;]<\/p>\n","protected":false},"author":908,"featured_media":17179,"comment_status":"open","ping_status":"open","sticky":false,"template":"","format":"standard","meta":{"_jetpack_memberships_contains_paid_content":false,"footnotes":"","jetpack_publicize_message":"","jetpack_publicize_feature_enabled":true,"jetpack_social_post_already_shared":true,"jetpack_social_options":{"image_generator_settings":{"template":"highway","default_image_id":0,"font":"","enabled":false},"version":2}},"categories":[12],"tags":[],"class_list":["post-17178","post","type-post","status-publish","format-standard","has-post-thumbnail","hentry","category-teknoloji"],"jetpack_publicize_connections":[],"jetpack_featured_media_url":"https:\/\/kibrisayna.com\/wp-content\/uploads\/2025\/02\/eUhxrF5iS0yNMzVpzS2XhA.jpg","jetpack_sharing_enabled":true,"_links":{"self":[{"href":"https:\/\/kibrisayna.com\/index.php\/wp-json\/wp\/v2\/posts\/17178","targetHints":{"allow":["GET"]}}],"collection":[{"href":"https:\/\/kibrisayna.com\/index.php\/wp-json\/wp\/v2\/posts"}],"about":[{"href":"https:\/\/kibrisayna.com\/index.php\/wp-json\/wp\/v2\/types\/post"}],"author":[{"embeddable":true,"href":"https:\/\/kibrisayna.com\/index.php\/wp-json\/wp\/v2\/users\/908"}],"replies":[{"embeddable":true,"href":"https:\/\/kibrisayna.com\/index.php\/wp-json\/wp\/v2\/comments?post=17178"}],"version-history":[{"count":0,"href":"https:\/\/kibrisayna.com\/index.php\/wp-json\/wp\/v2\/posts\/17178\/revisions"}],"wp:featuredmedia":[{"embeddable":true,"href":"https:\/\/kibrisayna.com\/index.php\/wp-json\/wp\/v2\/media\/17179"}],"wp:attachment":[{"href":"https:\/\/kibrisayna.com\/index.php\/wp-json\/wp\/v2\/media?parent=17178"}],"wp:term":[{"taxonomy":"category","embeddable":true,"href":"https:\/\/kibrisayna.com\/index.php\/wp-json\/wp\/v2\/categories?post=17178"},{"taxonomy":"post_tag","embeddable":true,"href":"https:\/\/kibrisayna.com\/index.php\/wp-json\/wp\/v2\/tags?post=17178"}],"curies":[{"name":"wp","href":"https:\/\/api.w.org\/{rel}","templated":true}]}}