{"id":17159,"date":"2025-02-13T21:50:56","date_gmt":"2025-02-13T18:50:56","guid":{"rendered":"https:\/\/kibrisayna.com\/index.php\/2025\/02\/13\/tarihi-bir-adim-brtk\/"},"modified":"2025-02-13T21:50:56","modified_gmt":"2025-02-13T18:50:56","slug":"tarihi-bir-adim-brtk","status":"publish","type":"post","link":"https:\/\/kibrisayna.com\/index.php\/2025\/02\/13\/tarihi-bir-adim-brtk\/","title":{"rendered":"Tarihi bir ad\u0131m \u2013 BRTK"},"content":{"rendered":"<p> <br \/>\n<\/p>\n<div>\n<div class=\"mariselle-image-container center\">\n                <img loading=\"lazy\" decoding=\"async\" width=\"1761\" height=\"1220\" class=\"lazy-image\" alt=\"\" sizes=\"auto, (max-width: 1761px) 100vw, 1761px\" src=\"https:\/\/brtk.net\/wp-content\/uploads\/2025\/01\/16\/ustel-241-1.jpeg?ver=b0e9d194d7045eaf3fc3915788a6194c\" srcset=\"https:\/\/brtk.net\/wp-content\/uploads\/2025\/01\/16\/ustel-241-1.jpeg?ver=b0e9d194d7045eaf3fc3915788a6194c 1761w, https:\/\/brtk.net\/wp-content\/uploads\/2025\/01\/16\/ustel-241-1-300x208.jpeg?ver=720f5a5e58833e31d029f07c274a0781 300w, https:\/\/brtk.net\/wp-content\/uploads\/2025\/01\/16\/ustel-241-1-1024x709.jpeg?ver=22a04217485ce6d607064ca23d18453d 1024w, https:\/\/brtk.net\/wp-content\/uploads\/2025\/01\/16\/ustel-241-1-768x532.jpeg?ver=22a04217485ce6d607064ca23d18453d 768w, https:\/\/brtk.net\/wp-content\/uploads\/2025\/01\/16\/ustel-241-1-1536x1064.jpeg?ver=d18abddd4169a4cdc133b131085201b1 1536w\"\/>                            <\/div>\n<p>Ba\u015fbakan \u00dcnal \u00dcstel, T\u00fcrkiye Cumhurba\u015fkan\u0131 Recep Tayyip Erdo\u011fan ile Pakistan Ba\u015fbakan\u0131 \u015eahbaz \u015eerif\u2019in bug\u00fcnk\u00fc ortak bas\u0131n a\u00e7\u0131klamas\u0131na i\u015faret ederek, te\u015fekk\u00fcr etti.<\/p>\n<p>Sosyal medya hesab\u0131 \u00fczerinden a\u00e7\u0131klama yapan Ba\u015fbakan \u00dcstel, \u201cAnavatan T\u00fcrkiye Cumhuriyeti Cumhurba\u015fkan\u0131 Say\u0131n Recep Tayyip Erdo\u011fan\u2019\u0131n, Pakistan Ba\u015fbakan\u0131 Say\u0131n \u015eahbaz \u015eerif ile \u0130slamabad\u2019da d\u00fczenledi\u011fi ortak bas\u0131n toplant\u0131s\u0131nda, KKTC ve K\u0131br\u0131s T\u00fcrk Halk\u0131\u2019na y\u00f6nelik deste\u011fini, d\u0131\u015f d\u00fcnya ile b\u00fct\u00fcnle\u015fmemiz yolunda tarihi bir ad\u0131m olarak nitelendiriyoruz\u201d ifadelerini kulland\u0131.<\/p>\n<p>Ba\u015fbakan \u00dcstel, \u201cBu vesileyle, Say\u0131n Erdo\u011fan ve Say\u0131n \u015eerif\u2019e en kalbi duygular\u0131mla halk\u0131m ve h\u00fck\u00fcmetim ad\u0131na te\u015fekk\u00fcrlerimi sunar\u0131m\u201d dedi.<\/p>\n<p><iframe loading=\"lazy\" src=\"https:\/\/www.facebook.com\/plugins\/video.php?height=316&amp;href=https%3A%2F%2Fwww.facebook.com%2Funalustel0%2Fvideos%2F1334940487645919%2F&amp;show_text=false&amp;width=560&amp;t=0\" width=\"560\" height=\"316\" style=\"border:none;overflow:hidden\" scrolling=\"no\" frameborder=\"0\" allowfullscreen=\"true\" allow=\"autoplay; clipboard-write; encrypted-media; picture-in-picture; web-share\"><\/iframe><\/p>\n<\/p><\/div>\n<p><script async\n                    defer\n                    crossorigin=\"anonymous\"\n                    src=\"https:\/\/connect.facebook.net\/tr_TR\/sdk.js#xfbml=1&#038;version=v3.3\"\n            ><\/script><br \/>\n<br \/><br \/>\n<br \/><a href=\"https:\/\/brtk.net\/basbakan-ustelden-recep-tayyip-erdogan-ile-sahbaz-serife-tesekkur-tarihi-bir-adim\/\">Kaynak BRT <\/a><\/p>\n","protected":false},"excerpt":{"rendered":"<p>Ba\u015fbakan \u00dcnal \u00dcstel, T\u00fcrkiye Cumhurba\u015fkan\u0131 Recep Tayyip Erdo\u011fan ile Pakistan Ba\u015fbakan\u0131 \u015eahbaz \u015eerif\u2019in bug\u00fcnk\u00fc ortak bas\u0131n a\u00e7\u0131klamas\u0131na i\u015faret ederek, te\u015fekk\u00fcr etti. Sosyal medya hesab\u0131 \u00fczerinden a\u00e7\u0131klama yapan Ba\u015fbakan \u00dcstel, \u201cAnavatan T\u00fcrkiye Cumhuriyeti Cumhurba\u015fkan\u0131 Say\u0131n Recep Tayyip Erdo\u011fan\u2019\u0131n, Pakistan Ba\u015fbakan\u0131 Say\u0131n \u015eahbaz \u015eerif ile \u0130slamabad\u2019da d\u00fczenledi\u011fi ortak bas\u0131n toplant\u0131s\u0131nda, KKTC ve K\u0131br\u0131s T\u00fcrk Halk\u0131\u2019na y\u00f6nelik deste\u011fini, [&hellip;]<\/p>\n","protected":false},"author":908,"featured_media":17160,"comment_status":"open","ping_status":"open","sticky":false,"template":"","format":"standard","meta":{"_jetpack_memberships_contains_paid_content":false,"footnotes":"","jetpack_publicize_message":"","jetpack_publicize_feature_enabled":true,"jetpack_social_post_already_shared":true,"jetpack_social_options":{"image_generator_settings":{"template":"highway","default_image_id":0,"font":"","enabled":false},"version":2}},"categories":[253],"tags":[],"class_list":["post-17159","post","type-post","status-publish","format-standard","has-post-thumbnail","hentry","category-gundem"],"jetpack_publicize_connections":[],"jetpack_featured_media_url":"https:\/\/kibrisayna.com\/wp-content\/uploads\/2025\/02\/ustel-241-1.jpeg","jetpack_sharing_enabled":true,"_links":{"self":[{"href":"https:\/\/kibrisayna.com\/index.php\/wp-json\/wp\/v2\/posts\/17159","targetHints":{"allow":["GET"]}}],"collection":[{"href":"https:\/\/kibrisayna.com\/index.php\/wp-json\/wp\/v2\/posts"}],"about":[{"href":"https:\/\/kibrisayna.com\/index.php\/wp-json\/wp\/v2\/types\/post"}],"author":[{"embeddable":true,"href":"https:\/\/kibrisayna.com\/index.php\/wp-json\/wp\/v2\/users\/908"}],"replies":[{"embeddable":true,"href":"https:\/\/kibrisayna.com\/index.php\/wp-json\/wp\/v2\/comments?post=17159"}],"version-history":[{"count":0,"href":"https:\/\/kibrisayna.com\/index.php\/wp-json\/wp\/v2\/posts\/17159\/revisions"}],"wp:featuredmedia":[{"embeddable":true,"href":"https:\/\/kibrisayna.com\/index.php\/wp-json\/wp\/v2\/media\/17160"}],"wp:attachment":[{"href":"https:\/\/kibrisayna.com\/index.php\/wp-json\/wp\/v2\/media?parent=17159"}],"wp:term":[{"taxonomy":"category","embeddable":true,"href":"https:\/\/kibrisayna.com\/index.php\/wp-json\/wp\/v2\/categories?post=17159"},{"taxonomy":"post_tag","embeddable":true,"href":"https:\/\/kibrisayna.com\/index.php\/wp-json\/wp\/v2\/tags?post=17159"}],"curies":[{"name":"wp","href":"https:\/\/api.w.org\/{rel}","templated":true}]}}