{"id":17155,"date":"2025-02-13T21:18:08","date_gmt":"2025-02-13T18:18:08","guid":{"rendered":"https:\/\/kibrisayna.com\/index.php\/2025\/02\/13\/crans-montanadaki-basarisizligin-turkiyeye-fatura-edilmesi-adil-degildir-dogru-da-degildir-brtk\/"},"modified":"2025-02-13T21:18:08","modified_gmt":"2025-02-13T18:18:08","slug":"crans-montanadaki-basarisizligin-turkiyeye-fatura-edilmesi-adil-degildir-dogru-da-degildir-brtk","status":"publish","type":"post","link":"https:\/\/kibrisayna.com\/index.php\/2025\/02\/13\/crans-montanadaki-basarisizligin-turkiyeye-fatura-edilmesi-adil-degildir-dogru-da-degildir-brtk\/","title":{"rendered":"\u201cCrans Montana\u2019daki ba\u015far\u0131s\u0131zl\u0131\u011f\u0131n T\u00fcrkiye\u2019ye fatura edilmesi adil de\u011fildir, do\u011fru da de\u011fildir\u201d \u2013 BRTK"},"content":{"rendered":"<p> <br \/>\n<\/p>\n<div>\n<div class=\"mariselle-image-container center\">\n                <img loading=\"lazy\" decoding=\"async\" width=\"1654\" height=\"1104\" class=\"lazy-image\" alt=\"\" sizes=\"auto, (max-width: 1654px) 100vw, 1654px\" src=\"https:\/\/brtk.net\/wp-content\/uploads\/2024\/11\/26\/mustafa-akinci-2.jpg?ver=6a2de1ceea3fd9bb9754ca7e4a0c1a72\" srcset=\"https:\/\/brtk.net\/wp-content\/uploads\/2024\/11\/26\/mustafa-akinci-2.jpg?ver=6a2de1ceea3fd9bb9754ca7e4a0c1a72 1654w, https:\/\/brtk.net\/wp-content\/uploads\/2024\/11\/26\/mustafa-akinci-2-300x200.jpg?ver=e5fac30392673527bd428b646c547085 300w, https:\/\/brtk.net\/wp-content\/uploads\/2024\/11\/26\/mustafa-akinci-2-1024x683.jpg?ver=e5fac30392673527bd428b646c547085 1024w, https:\/\/brtk.net\/wp-content\/uploads\/2024\/11\/26\/mustafa-akinci-2-768x513.jpg?ver=e5fac30392673527bd428b646c547085 768w, https:\/\/brtk.net\/wp-content\/uploads\/2024\/11\/26\/mustafa-akinci-2-1536x1025.jpg?ver=4fbc4adfcb716365afec948620e8af44 1536w\"\/>                            <\/div>\n<p>\n4.Cumhurba\u015fkan\u0131 Mustafa Ak\u0131nc\u0131, Crans Montana\u2019daki ba\u015far\u0131s\u0131zl\u0131\u011f\u0131n T\u00fcrkiye\u2019ye fatura edilmesinin adil de, do\u011fru da olmad\u0131\u011f\u0131n\u0131 belirtti.<\/p>\n<p>Crans Montana\u2019ya gelinceye kadar \u00e7ok s\u0131k\u0131nt\u0131l\u0131 s\u00fcre\u00e7ler ya\u015fad\u0131\u011f\u0131n\u0131 kaydeden Ak\u0131nc\u0131, \u201cDilerdim ki benim K\u0131br\u0131sl\u0131 Rumlar\u0131n kayg\u0131lar\u0131na g\u00f6sterdi\u011fim hassasiyeti, Say\u0131n Anastasiades de K\u0131br\u0131sl\u0131 T\u00fcrklerin siyasi e\u015fitlik kayg\u0131lar\u0131 konusunda g\u00f6sterebilsindi\u201d dedi.<\/p>\n<p>Ak\u0131nc\u0131 yapt\u0131\u011f\u0131 a\u00e7\u0131klamada, bir \u00f6nceki K\u0131br\u0131sl\u0131 Rum lider Nikos Anastasiades\u2019in son demecini, bas\u0131na yans\u0131d\u0131\u011f\u0131 \u00e7er\u00e7evede okudu\u011funu ifade ederek, \u201cK\u0131br\u0131sl\u0131 Rumlar\u0131n kayg\u0131lar\u0131n\u0131 anlayacak hassasiyeti g\u00f6sterdi\u011fi\u201d y\u00f6n\u00fcndeki s\u00f6zleri i\u00e7in Anastasiades\u2019e te\u015fekk\u00fcr etti.<\/p>\n<p>\u201cK\u0131br\u0131s\u2019ta her iki toplumun kayg\u0131lar\u0131n\u0131 dikkate almadan bir sonuca varmak elbette m\u00fcmk\u00fcn de\u011fildi, de\u011fildir. Bu nedenle t\u00fcm m\u00fczakere s\u00fcrecinde bu \u00e7er\u00e7evede hareket ettim, gerekli zamanlarda almam gereken inisiyatifleri de ald\u0131m\u201d diyen Ak\u0131nc\u0131, di\u011fer konular yan\u0131nda gerek harita gerekse g\u00fcvenlik- garantiler konusunda her iki taraf\u0131n yarar\u0131na olacak dengeli bir sonucun \u00e7\u0131kmas\u0131 i\u00e7in u\u011fra\u015f verdi\u011fini belirtti.<\/p>\n<p>-\u201cCrans Montana\u2019ya gelinceye kadar \u00e7ok s\u0131k\u0131nt\u0131l\u0131 s\u00fcre\u00e7ler ya\u015fad\u0131m\u201d<\/p>\n<p>Bu u\u011fra\u015flar\u0131nda her \u015feyin \u00e7ok rahat geli\u015fmedi\u011fini, Crans Montana\u2019ya gelinceye kadar \u00e7ok s\u0131k\u0131nt\u0131l\u0131 s\u00fcre\u00e7ler ya\u015fad\u0131\u011f\u0131n\u0131 ifade eden Ak\u0131nc\u0131, \u015funlar\u0131 kaydetti:<\/p>\n<p>\u201cBunlar\u0131 buraya s\u0131\u011fd\u0131rmak imkans\u0131z. Haz\u0131rl\u0131klar\u0131na ba\u015flad\u0131\u011f\u0131m son kitab\u0131mda elbette bunlara yer verece\u011fim. Ancak \u015funu belirtmek durumunday\u0131m ki, o d\u00f6nemde T\u00fcrkiye y\u00f6netimi ile ili\u015fkilerimin iyi olmamas\u0131na ra\u011fmen Crans Montana\u2019daki ba\u015far\u0131s\u0131zl\u0131\u011f\u0131n T\u00fcrkiye\u2019ye fatura edilmesi adil de\u011fildir, do\u011fru da de\u011fildir.<\/p>\n<p>2019 y\u0131l\u0131 Kas\u0131m ay\u0131nda Berlin\u2019de Anastasiades ile son kez bir araya geldi\u011fimizde, BM Genel Sekreteri Guterres, T\u00fcrkiye\u2019nin tek yanl\u0131 m\u00fcdahale konusunda gerekli esnekli\u011fi g\u00f6sterdi\u011fini bir kez daha teyit etmi\u015fti. Dilerdim ki benim K\u0131br\u0131sl\u0131 Rumlar\u0131n kayg\u0131lar\u0131na g\u00f6sterdi\u011fim hassasiyeti, Say\u0131n Anastasiades de K\u0131br\u0131sl\u0131 T\u00fcrklerin siyasi e\u015fitlik kayg\u0131lar\u0131 konusunda g\u00f6sterebilsindi.\u201d<\/p>\n<p>-\u201cBir ortakl\u0131kta kararlar ancak iki taraf\u0131n onay\u0131 ile al\u0131nabilir\u201d<\/p>\n<p>Federal h\u00fck\u00fcmetin ortakl\u0131k demek oldu\u011funu vurgulayan Ak\u0131nc\u0131, \u201cBir ortakl\u0131kta ise kararlar ancak iki taraf\u0131n onay\u0131 ile al\u0131nabilir. Federal h\u00fck\u00fcmette en az\u0131ndan bir K\u0131br\u0131sl\u0131 T\u00fcrk bakan\u0131n onay\u0131n\u0131n aranmas\u0131 ilkesinin bile hala kabullenilememi\u015f olmas\u0131, adan\u0131n b\u00f6l\u00fcnm\u00fc\u015fl\u00fc\u011f\u00fcn\u00fcn devam\u0131ndan ba\u015fka bir i\u015fe yaramayacakt\u0131r\u201d dedi.<\/p>\n<\/p><\/div>\n<p><script async\n                    defer\n                    crossorigin=\"anonymous\"\n                    src=\"https:\/\/connect.facebook.net\/tr_TR\/sdk.js#xfbml=1&#038;version=v3.3\"\n            ><\/script><br \/>\n<br \/><br \/>\n<br \/><a href=\"https:\/\/brtk.net\/akinci-crans-montanadaki-basarisizligin-turkiyeye-fatura-edilmesi-adil-degildir-dogru-da-degildir\/\">Kaynak BRT <\/a><\/p>\n","protected":false},"excerpt":{"rendered":"<p>4.Cumhurba\u015fkan\u0131 Mustafa Ak\u0131nc\u0131, Crans Montana\u2019daki ba\u015far\u0131s\u0131zl\u0131\u011f\u0131n T\u00fcrkiye\u2019ye fatura edilmesinin adil de, do\u011fru da olmad\u0131\u011f\u0131n\u0131 belirtti. Crans Montana\u2019ya gelinceye kadar \u00e7ok s\u0131k\u0131nt\u0131l\u0131 s\u00fcre\u00e7ler ya\u015fad\u0131\u011f\u0131n\u0131 kaydeden Ak\u0131nc\u0131, \u201cDilerdim ki benim K\u0131br\u0131sl\u0131 Rumlar\u0131n kayg\u0131lar\u0131na g\u00f6sterdi\u011fim hassasiyeti, Say\u0131n Anastasiades de K\u0131br\u0131sl\u0131 T\u00fcrklerin siyasi e\u015fitlik kayg\u0131lar\u0131 konusunda g\u00f6sterebilsindi\u201d dedi. Ak\u0131nc\u0131 yapt\u0131\u011f\u0131 a\u00e7\u0131klamada, bir \u00f6nceki K\u0131br\u0131sl\u0131 Rum lider Nikos Anastasiades\u2019in son [&hellip;]<\/p>\n","protected":false},"author":908,"featured_media":16001,"comment_status":"open","ping_status":"open","sticky":false,"template":"","format":"standard","meta":{"_jetpack_memberships_contains_paid_content":false,"footnotes":"","jetpack_publicize_message":"","jetpack_publicize_feature_enabled":true,"jetpack_social_post_already_shared":true,"jetpack_social_options":{"image_generator_settings":{"template":"highway","default_image_id":0,"font":"","enabled":false},"version":2}},"categories":[253],"tags":[],"class_list":["post-17155","post","type-post","status-publish","format-standard","has-post-thumbnail","hentry","category-gundem"],"jetpack_publicize_connections":[],"jetpack_featured_media_url":"https:\/\/kibrisayna.com\/wp-content\/uploads\/2025\/01\/mustafa-akinci-2.jpg","jetpack_sharing_enabled":true,"_links":{"self":[{"href":"https:\/\/kibrisayna.com\/index.php\/wp-json\/wp\/v2\/posts\/17155","targetHints":{"allow":["GET"]}}],"collection":[{"href":"https:\/\/kibrisayna.com\/index.php\/wp-json\/wp\/v2\/posts"}],"about":[{"href":"https:\/\/kibrisayna.com\/index.php\/wp-json\/wp\/v2\/types\/post"}],"author":[{"embeddable":true,"href":"https:\/\/kibrisayna.com\/index.php\/wp-json\/wp\/v2\/users\/908"}],"replies":[{"embeddable":true,"href":"https:\/\/kibrisayna.com\/index.php\/wp-json\/wp\/v2\/comments?post=17155"}],"version-history":[{"count":0,"href":"https:\/\/kibrisayna.com\/index.php\/wp-json\/wp\/v2\/posts\/17155\/revisions"}],"wp:featuredmedia":[{"embeddable":true,"href":"https:\/\/kibrisayna.com\/index.php\/wp-json\/wp\/v2\/media\/16001"}],"wp:attachment":[{"href":"https:\/\/kibrisayna.com\/index.php\/wp-json\/wp\/v2\/media?parent=17155"}],"wp:term":[{"taxonomy":"category","embeddable":true,"href":"https:\/\/kibrisayna.com\/index.php\/wp-json\/wp\/v2\/categories?post=17155"},{"taxonomy":"post_tag","embeddable":true,"href":"https:\/\/kibrisayna.com\/index.php\/wp-json\/wp\/v2\/tags?post=17155"}],"curies":[{"name":"wp","href":"https:\/\/api.w.org\/{rel}","templated":true}]}}